{"id":124068,"date":"2025-06-27T12:18:02","date_gmt":"2025-06-27T15:18:02","guid":{"rendered":"https:\/\/www.blogdopaulonunes.com\/v5\/?p=124068"},"modified":"2025-06-27T12:18:02","modified_gmt":"2025-06-27T15:18:02","slug":"notas-que-contam-historias-erika-muniz-no-ifba-com-cancoes-do-brasil","status":"publish","type":"post","link":"https:\/\/www.blogdopaulonunes.com\/v5\/index.php\/2025\/06\/27\/notas-que-contam-historias-erika-muniz-no-ifba-com-cancoes-do-brasil\/","title":{"rendered":"Notas que contam hist\u00f3rias: \u00c9rika Muniz no IFBA com &#8220;Can\u00e7\u00f5es do Brasil&#8221;"},"content":{"rendered":"<h5 style=\"text-align: justify;\">Uma noite de m\u00fasica e conhecimento! O IFBA convida para a estreia da s\u00e9rie Concertos Did\u00e1ticos com a soprano \u00c9rika Muniz e um repert\u00f3rio especial de compositores brasileiros. Entrada gratuita!<\/h5>\n<p style=\"text-align: justify;\">O Instituto Federal da Bahia (IFBA), campus Vit\u00f3ria da Conquista, realiza no dia 4 de julho de 2025, \u00e0s 19h, no audit\u00f3rio principal, a estreia da s\u00e9rie Concertos Did\u00e1ticos, com apresenta\u00e7\u00e3o da cantora l\u00edrica \u00c9rika Muniz. Carioca radicada em S\u00e3o Paulo, \u00c9rika integra o coro adulto da Orquestra Sinf\u00f4nica do Estado de S\u00e3o Paulo (OSESP) h\u00e1 17 anos e atua, desde 2023, como regente do Coro Infantil da mesma institui\u00e7\u00e3o.<\/p>\n<p style=\"text-align: justify;\">Nesta edi\u00e7\u00e3o, intitulada Can\u00e7\u00f5es do Brasil, a artista apresenta um repert\u00f3rio dedicado a compositoras e compositores brasileiros, como Adelaide Pereira da Silva, Carlos Gomes, Elomar Figueira Mello, Erot\u00edldes de Campos, Francisco Mignone, Lupic\u00ednio Rodrigues e Heitor Villa-Lobos. O espet\u00e1culo contar\u00e1 com a participa\u00e7\u00e3o de Jo\u00e3o Omar (viol\u00e3o) e Marcos Ferreira (piano). A entrada \u00e9 gratuita.<\/p>\n<p style=\"text-align: justify;\">Promovido pelo IFBA campus Vit\u00f3ria da Conquista, o projeto Concertos Did\u00e1ticos tem como proposta unir m\u00fasica e forma\u00e7\u00e3o cultural. Durante o evento, o p\u00fablico \u00e9 convidado a participar de um bate-papo sobre as composi\u00e7\u00f5es apresentadas, conferindo ao concerto um car\u00e1ter tanto art\u00edstico quanto educativo. A s\u00e9rie j\u00e1 contou com edi\u00e7\u00f5es em 2019, 2023 e 2024, com a participa\u00e7\u00e3o de importantes int\u00e9rpretes e compositores da m\u00fasica brasileira.<\/p>\n<p style=\"text-align: justify;\">Com mais de 20 anos de carreira, \u00c9rika Muniz j\u00e1 se apresentou em palcos nacionais e internacionais, como o Carnegie Hall (Nova Iorque), o Teatro Municipal de S\u00e3o Paulo e o F\u00f3rum Econ\u00f4mico Mundial (Su\u00ed\u00e7a). \u00c9 mestre em m\u00fasica pela USP e tem atua\u00e7\u00e3o destacada como int\u00e9rprete e pesquisadora da performance vocal, com foco na representa\u00e7\u00e3o de compositores negros e na presen\u00e7a da mulher negra na m\u00fasica de concerto.<\/p>\n","protected":false},"excerpt":{"rendered":"<p>Uma noite de m\u00fasica e conhecimento! O IFBA convida para a estreia da s\u00e9rie Concertos Did\u00e1ticos com a soprano \u00c9rika Muniz e um repert\u00f3rio especial de compositores brasileiros. Entrada gratuita! O Instituto Federal da Bahia (IFBA), campus Vit\u00f3ria da Conquista, realiza no dia 4 de julho de 2025, \u00e0s 19h, no audit\u00f3rio principal, a estreia [&hellip;]<\/p>\n","protected":false},"author":2,"featured_media":110695,"comment_status":"open","ping_status":"open","sticky":false,"template":"","format":"standard","meta":[],"categories":[104,71],"tags":[5960,5962,5961,820],"_links":{"self":[{"href":"https:\/\/www.blogdopaulonunes.com\/v5\/index.php\/wp-json\/wp\/v2\/posts\/124068"}],"collection":[{"href":"https:\/\/www.blogdopaulonunes.com\/v5\/index.php\/wp-json\/wp\/v2\/posts"}],"about":[{"href":"https:\/\/www.blogdopaulonunes.com\/v5\/index.php\/wp-json\/wp\/v2\/types\/post"}],"author":[{"embeddable":true,"href":"https:\/\/www.blogdopaulonunes.com\/v5\/index.php\/wp-json\/wp\/v2\/users\/2"}],"replies":[{"embeddable":true,"href":"https:\/\/www.blogdopaulonunes.com\/v5\/index.php\/wp-json\/wp\/v2\/comments?post=124068"}],"version-history":[{"count":1,"href":"https:\/\/www.blogdopaulonunes.com\/v5\/index.php\/wp-json\/wp\/v2\/posts\/124068\/revisions"}],"predecessor-version":[{"id":124069,"href":"https:\/\/www.blogdopaulonunes.com\/v5\/index.php\/wp-json\/wp\/v2\/posts\/124068\/revisions\/124069"}],"wp:featuredmedia":[{"embeddable":true,"href":"https:\/\/www.blogdopaulonunes.com\/v5\/index.php\/wp-json\/wp\/v2\/media\/110695"}],"wp:attachment":[{"href":"https:\/\/www.blogdopaulonunes.com\/v5\/index.php\/wp-json\/wp\/v2\/media?parent=124068"}],"wp:term":[{"taxonomy":"category","embeddable":true,"href":"https:\/\/www.blogdopaulonunes.com\/v5\/index.php\/wp-json\/wp\/v2\/categories?post=124068"},{"taxonomy":"post_tag","embeddable":true,"href":"https:\/\/www.blogdopaulonunes.com\/v5\/index.php\/wp-json\/wp\/v2\/tags?post=124068"}],"curies":[{"name":"wp","href":"https:\/\/api.w.org\/{rel}","templated":true}]}}