{"id":124064,"date":"2025-06-27T12:08:38","date_gmt":"2025-06-27T15:08:38","guid":{"rendered":"https:\/\/www.blogdopaulonunes.com\/v5\/?p=124064"},"modified":"2025-06-27T12:10:42","modified_gmt":"2025-06-27T15:10:42","slug":"pf-prende-prefeito-de-palmas-suspeito-de-vazar-informacoes-do-stj","status":"publish","type":"post","link":"https:\/\/www.blogdopaulonunes.com\/v5\/index.php\/2025\/06\/27\/pf-prende-prefeito-de-palmas-suspeito-de-vazar-informacoes-do-stj\/","title":{"rendered":"PF prende prefeito de Palmas, suspeito de vazar informa\u00e7\u00f5es do STJ"},"content":{"rendered":"<p style=\"text-align: justify;\">A Pol\u00edcia Federal prendeu hoje preventivamente o prefeito de Palmas, Eduardo Siqueira Campos (Podemos), sob suspeita de ter atuado no vazamento de informa\u00e7\u00f5es sigilosas do STJ (Superior Tribunal de Justi\u00e7a).<\/p>\n<p style=\"text-align: justify;\">A pris\u00e3o preventiva foi determinada pelo relator do caso, o ministro do STF (Supremo Tribunal Federal) Cristiano Zanin. Tamb\u00e9m s\u00e3o alvos de pris\u00e3o dois advogados ligados ao prefeito. Trata-se da d\u00e9cima fase da Opera\u00e7\u00e3o Sisamnes.<\/p>\n<p style=\"text-align: justify;\">Siqueira Campos j\u00e1 havia sido alvo de busca e apreens\u00e3o na nona fase. Na ocasi\u00e3o, Zanin negou um pedido de pris\u00e3o preventiva.<\/p>\n<p style=\"text-align: justify;\">Ap\u00f3s a coleta de mais provas, a PF obteve novos di\u00e1logos no celular de Siqueira Campos que corroboram as suspeitas envolvendo sua atua\u00e7\u00e3o no vazamento de informa\u00e7\u00f5es do STJ. Essas conversas indicam que o prefeito monitorava as investiga\u00e7\u00f5es da Pol\u00edcia Federal para informar aliados pol\u00edticos.<\/p>\n<p style=\"text-align: justify;\">A investiga\u00e7\u00e3o j\u00e1 havia obtido anteriormente um di\u00e1logo de Siqueira Campos com o sobrinho do governador de Tocantins, Thiago Marcos Barbosa. Na conversa, Siqueira Campos conta detalhes sobre um inqu\u00e9rito sigiloso em tramita\u00e7\u00e3o no STJ que atingia ele e outras autoridades do estado.<\/p>\n","protected":false},"excerpt":{"rendered":"<p>A Pol\u00edcia Federal prendeu hoje preventivamente o prefeito de Palmas, Eduardo Siqueira Campos (Podemos), sob suspeita de ter atuado no vazamento de informa\u00e7\u00f5es sigilosas do STJ (Superior Tribunal de Justi\u00e7a). A pris\u00e3o preventiva foi determinada pelo relator do caso, o ministro do STF (Supremo Tribunal Federal) Cristiano Zanin. Tamb\u00e9m s\u00e3o alvos de pris\u00e3o dois advogados [&hellip;]<\/p>\n","protected":false},"author":2,"featured_media":124065,"comment_status":"open","ping_status":"open","sticky":false,"template":"","format":"standard","meta":[],"categories":[75,71],"tags":[5958,924,5959,222,5615],"_links":{"self":[{"href":"https:\/\/www.blogdopaulonunes.com\/v5\/index.php\/wp-json\/wp\/v2\/posts\/124064"}],"collection":[{"href":"https:\/\/www.blogdopaulonunes.com\/v5\/index.php\/wp-json\/wp\/v2\/posts"}],"about":[{"href":"https:\/\/www.blogdopaulonunes.com\/v5\/index.php\/wp-json\/wp\/v2\/types\/post"}],"author":[{"embeddable":true,"href":"https:\/\/www.blogdopaulonunes.com\/v5\/index.php\/wp-json\/wp\/v2\/users\/2"}],"replies":[{"embeddable":true,"href":"https:\/\/www.blogdopaulonunes.com\/v5\/index.php\/wp-json\/wp\/v2\/comments?post=124064"}],"version-history":[{"count":2,"href":"https:\/\/www.blogdopaulonunes.com\/v5\/index.php\/wp-json\/wp\/v2\/posts\/124064\/revisions"}],"predecessor-version":[{"id":124067,"href":"https:\/\/www.blogdopaulonunes.com\/v5\/index.php\/wp-json\/wp\/v2\/posts\/124064\/revisions\/124067"}],"wp:featuredmedia":[{"embeddable":true,"href":"https:\/\/www.blogdopaulonunes.com\/v5\/index.php\/wp-json\/wp\/v2\/media\/124065"}],"wp:attachment":[{"href":"https:\/\/www.blogdopaulonunes.com\/v5\/index.php\/wp-json\/wp\/v2\/media?parent=124064"}],"wp:term":[{"taxonomy":"category","embeddable":true,"href":"https:\/\/www.blogdopaulonunes.com\/v5\/index.php\/wp-json\/wp\/v2\/categories?post=124064"},{"taxonomy":"post_tag","embeddable":true,"href":"https:\/\/www.blogdopaulonunes.com\/v5\/index.php\/wp-json\/wp\/v2\/tags?post=124064"}],"curies":[{"name":"wp","href":"https:\/\/api.w.org\/{rel}","templated":true}]}}