{"id":123913,"date":"2025-06-17T17:29:48","date_gmt":"2025-06-17T20:29:48","guid":{"rendered":"https:\/\/www.blogdopaulonunes.com\/v5\/?p=123913"},"modified":"2025-06-18T19:33:56","modified_gmt":"2025-06-18T22:33:56","slug":"espacos-publicos-em-abandono-em-vitoria-da-conquist","status":"publish","type":"post","link":"https:\/\/www.blogdopaulonunes.com\/v5\/index.php\/2025\/06\/17\/espacos-publicos-em-abandono-em-vitoria-da-conquist\/","title":{"rendered":"Espa\u00e7os p\u00fablicos em abandono em Vitoria da Conquista"},"content":{"rendered":"<p><strong><b>Ruy Medeiros<\/b><\/strong><\/p>\n<p><strong><b>Dayse Maria<\/b><\/strong><\/p>\n<p><strong><b>Carlos Maia<\/b><\/strong><\/p>\n<p><strong><b>IN Memoriam de Evandro Correia<\/b><\/strong><\/p>\n<p style=\"text-align: justify;\">H\u00e1, em Vit\u00f3ria da Conquista, im\u00f3veis p\u00fablicos edificados, ao abandono. Enquanto isso, h\u00e1 dezenas de grupos, que se dedicam \u00e0s artes, carentes de espa\u00e7o para reuni\u00f5es ou apresenta\u00e7\u00e3o de suas produ\u00e7\u00f5es. A cidade est\u00e1 carente de locais onde possam ocorrer exibi\u00e7\u00f5es teatrais, de m\u00fasica, recitais, dan\u00e7a, e artes pl\u00e1sticas. Essa contradi\u00e7\u00e3o evidencia que o poder p\u00fablico (Munic\u00edpio, Estado, Uni\u00e3o), n\u00e3o t\u00eam exatamente se preocupado, como deve, com a cultura que, do ponto de vista jur\u00eddico-pol\u00edtico, deve ser objeto de prote\u00e7\u00e3o por parte do poder p\u00fablico, resguardada a liberdade dos agentes culturais, pois, na forma do art. 216 da Constitui\u00e7\u00e3o da Rep\u00fablica, \u201cO Estado garantir\u00e1 a todos o pleno exerc\u00edcio dos direitos culturais e acesso \u00e0s fontes da cultura nacional, e apoiar\u00e1 e incentivar\u00e1 a valoriza\u00e7\u00e3o e a difus\u00e3o das manifesta\u00e7\u00f5es culturais\u201d. Estado, a\u00ed mencionado, significa Uni\u00e3o, Estado membro da federa\u00e7\u00e3o, Munic\u00edpio, Distrito Federal. Todos estes est\u00e3o obrigados ao apoio, incentivo, valoriza\u00e7\u00e3o e difus\u00e3o das atividades culturais.<\/p>\n<p style=\"text-align: justify;\">Mas, se ocorre in\u00e9rcia do Munic\u00edpio, tamb\u00e9m h\u00e1 falta de necess\u00e1rio fortalecimento da mobiliza\u00e7\u00e3o dos grupos culturais para que equipamentos p\u00fablicos sejam colocados para seu uso e da comunidade como todo.<\/p>\n<p style=\"text-align: justify;\">Pode-se verificar que h\u00e1 espa\u00e7os que devem ser postos \u00e0 disposi\u00e7\u00e3o dos grupos art\u00edsticos para desenvolvimento de suas atividades, na cidade de Vit\u00f3ria da Conquista:<\/p>\n<p style=\"text-align: justify;\">Espa\u00e7o do <strong><b>Cine Madrigal<\/b><\/strong>\u00a0&#8211; O Cine Madrigal foi adquirido pelo Munic\u00edpio de V. Conquista, mas se encontra fechado, sem qualquer utiliza\u00e7\u00e3o. \u00c9 sala de cinema, com antessala, mobiliada, que foi palco de exibi\u00e7\u00e3o de grandes filmes, pe\u00e7as de teatro, shows musicais, confer\u00eancias e outros eventos. Est\u00e1 situado na Rua Ernesto Dantas (antigo Beco do Sujo), com f\u00e1cil acesso por essa e pela Rua Sete de Setembro.<\/p>\n<figure id=\"attachment_123914\" aria-describedby=\"caption-attachment-123914\" style=\"width: 400px\" class=\"wp-caption aligncenter\"><a href=\"https:\/\/www.blogdopaulonunes.com\/v5\/wp-content\/uploads\/2025\/06\/Cine-Madrigal-Historia.jpg\"><img loading=\"lazy\" class=\"wp-image-123914 size-full\" src=\"https:\/\/www.blogdopaulonunes.com\/v5\/wp-content\/uploads\/2025\/06\/Cine-Madrigal-Historia.jpg\" alt=\"\" width=\"400\" height=\"223\" \/><\/a><figcaption id=\"caption-attachment-123914\" class=\"wp-caption-text\">Hist\u00f3rico Cine Madrigal<\/figcaption><\/figure>\n<p style=\"text-align: justify;\">Espa\u00e7o da <strong><b>Casa Glauber Rocha<\/b><\/strong>\u00a0&#8211; Trata-se de im\u00f3vel, que foi habitado por muitos anos pela fam\u00edlia do Sr. Hermes Mendes de Andrade, onde teria nascido o cineasta e escritor famoso e por isso tem seu nome. O im\u00f3vel est\u00e1 localizado na Rua 2 de julho (antiga Rua da V\u00e1rzea). Foi adquirido pelo Munic\u00edpio por permuta por uma das maiores \u00e1reas verdes de loteamento na cidade (Loteamento Caminho da Universidade).<\/p>\n<figure id=\"attachment_123918\" aria-describedby=\"caption-attachment-123918\" style=\"width: 400px\" class=\"wp-caption aligncenter\"><a href=\"https:\/\/www.blogdopaulonunes.com\/v5\/wp-content\/uploads\/2025\/06\/Casa-de-Glauber-Rocha.jpg\"><img loading=\"lazy\" class=\"wp-image-123918 size-full\" src=\"https:\/\/www.blogdopaulonunes.com\/v5\/wp-content\/uploads\/2025\/06\/Casa-de-Glauber-Rocha.jpg\" alt=\"\" width=\"400\" height=\"266\" \/><\/a><figcaption id=\"caption-attachment-123918\" class=\"wp-caption-text\">Casa onde morou o cineasta Glauber Rocha<\/figcaption><\/figure>\n<p style=\"text-align: justify;\">Espa\u00e7o da antiga <strong><b>Cooperativa dos Rodovi\u00e1rios Federais<\/b><\/strong>\u00a0(funcion\u00e1rios do DNER, hoje DNIT), que foi escrit\u00f3rio do IBAMA e hoje est\u00e1 abandonado. Trata-se de im\u00f3vel sito na Av. Presidente Dutra (Avenida da Integra\u00e7\u00e3o) esquina com a Av. Regis Pacheco.<\/p>\n<figure id=\"attachment_123917\" aria-describedby=\"caption-attachment-123917\" style=\"width: 400px\" class=\"wp-caption aligncenter\"><a href=\"https:\/\/www.blogdopaulonunes.com\/v5\/wp-content\/uploads\/2025\/06\/antiga-sede-da-Cooperativa-dos-Rodoviarios-de-Vitoria-da-Conquista.jpg\"><img loading=\"lazy\" class=\"wp-image-123917 size-full\" src=\"https:\/\/www.blogdopaulonunes.com\/v5\/wp-content\/uploads\/2025\/06\/antiga-sede-da-Cooperativa-dos-Rodoviarios-de-Vitoria-da-Conquista.jpg\" alt=\"\" width=\"400\" height=\"266\" \/><\/a><figcaption id=\"caption-attachment-123917\" class=\"wp-caption-text\">Cooperativa dos Rodovi\u00e1rios Federais<\/figcaption><\/figure>\n<p style=\"text-align: justify;\">Espa\u00e7o <strong><b>da casa onde residiu a fam\u00edlia de Dr. Rivad\u00e1via Ferraz<\/b><\/strong>. Esta casa, com grande \u00e1rea, edificada por Jo\u00e3o Oliveira Lopes, est\u00e1 situada na Pra\u00e7a Virg\u00edlio de Ferraz (trecho que teve nomes Rua Capit\u00e3o Bastos e Jardim do Lopes). Esse im\u00f3vel pertence ao Munic\u00edpio de Vit\u00f3ria da Conquista e Casa da Cultura (condom\u00ednio).<br \/>\nO saudoso Carlos Jehovah pretendia a\u00ed estabelecer aulas de teatro e bal\u00e9, foi ele que divulgou o nome do im\u00f3vel como <strong><b>Solar dos Ferraz<\/b><\/strong>. Tendo em vista o disposto no art. 1314 do C\u00f3digo Civil, a Casa da Cultura pode usar essa casa e \u00e1rea n\u00e3o edificada, pois o cond\u00f4mino pode usar o im\u00f3vel e exercer sobre ele os direitos compat\u00edveis com a indivis\u00e3o.<\/p>\n<figure id=\"attachment_123919\" aria-describedby=\"caption-attachment-123919\" style=\"width: 400px\" class=\"wp-caption aligncenter\"><a href=\"https:\/\/www.blogdopaulonunes.com\/v5\/wp-content\/uploads\/2025\/06\/Casa-de-Rivadavia-Ferraz.jpg\"><img loading=\"lazy\" class=\"wp-image-123919 size-full\" src=\"https:\/\/www.blogdopaulonunes.com\/v5\/wp-content\/uploads\/2025\/06\/Casa-de-Rivadavia-Ferraz.jpg\" alt=\"\" width=\"400\" height=\"286\" \/><\/a><figcaption id=\"caption-attachment-123919\" class=\"wp-caption-text\">Solar dos Ferraz-( Na parte alta \u00e0 esquerda)<\/figcaption><\/figure>\n<p style=\"text-align: justify;\"><strong><b>Espa\u00e7o do Teatro Carlos Jehovah<\/b><\/strong>\u00a0\u2013 O teatro Carlos Jehovah foi concebido como pequeno teatro de arena dentro do antigo Mercado Municipal (pr\u00e9dio dos anos 40 do s\u00e9culo passado), a servi\u00e7o dos grupos amadores, na gest\u00e3o Raul Ferraz. Seu nome homenageia o grande animador da cultura em Vit\u00f3ria da Conquista, teatr\u00f3logo e poeta Carlos Jehovah de Brito Leite. Est\u00e1 situado na Pra\u00e7a da Bandeira e possui acesso independente do acesso geral do Mercado Municipal.<\/p>\n<figure id=\"attachment_123915\" aria-describedby=\"caption-attachment-123915\" style=\"width: 400px\" class=\"wp-caption aligncenter\"><a href=\"https:\/\/www.blogdopaulonunes.com\/v5\/wp-content\/uploads\/2025\/06\/Teatro-Carlos-Jehovah.jpg\"><img loading=\"lazy\" class=\"wp-image-123915 size-full\" src=\"https:\/\/www.blogdopaulonunes.com\/v5\/wp-content\/uploads\/2025\/06\/Teatro-Carlos-Jehovah.jpg\" alt=\"\" width=\"400\" height=\"267\" \/><\/a><figcaption id=\"caption-attachment-123915\" class=\"wp-caption-text\">Teatro Carlos Jehovah<\/figcaption><\/figure>\n<p style=\"text-align: justify;\">Todos esses im\u00f3veis est\u00e3o deteriorando-se, ao inv\u00e9s de servirem \u00e0 cultura.<\/p>\n<p style=\"text-align: justify;\">Causa tristeza igualmente saber que o grande sal\u00e3o-audit\u00f3rio do Instituto de Educa\u00e7\u00e3o Euclides Dantas foi demolido. O sal\u00e3o abrigou muitas atividades culturais. Foi-se deteriorando a ponto de entender-se que era melhor demoli-lo. \u00c9 a pr\u00e1tica de sempre: deixar deteriorar para demolir. Desconhece-se restaura\u00e7\u00e3o.<\/p>\n<figure id=\"attachment_123916\" aria-describedby=\"caption-attachment-123916\" style=\"width: 400px\" class=\"wp-caption aligncenter\"><a href=\"https:\/\/www.blogdopaulonunes.com\/v5\/wp-content\/uploads\/2025\/06\/Escola-Normal-Vitoria-da-Conquista.jpg\"><img loading=\"lazy\" class=\"wp-image-123916 size-full\" src=\"https:\/\/www.blogdopaulonunes.com\/v5\/wp-content\/uploads\/2025\/06\/Escola-Normal-Vitoria-da-Conquista.jpg\" alt=\"\" width=\"400\" height=\"225\" \/><\/a><figcaption id=\"caption-attachment-123916\" class=\"wp-caption-text\">Audit\u00f3rio da Escola Normal ( IEED)<\/figcaption><\/figure>\n<p style=\"text-align: justify;\">\u00c9 preciso mudar a cultura da deteriora\u00e7\u00e3o e preju\u00edzo p\u00fablico pela cultura da arte. Para isso \u00e9 necess\u00e1rio que os grupos culturais mobilizem-se.<\/p>\n","protected":false},"excerpt":{"rendered":"<p>Ruy Medeiros Dayse Maria Carlos Maia IN Memoriam de Evandro Correia H\u00e1, em Vit\u00f3ria da Conquista, im\u00f3veis p\u00fablicos edificados, ao abandono. Enquanto isso, h\u00e1 dezenas de grupos, que se dedicam \u00e0s artes, carentes de espa\u00e7o para reuni\u00f5es ou apresenta\u00e7\u00e3o de suas produ\u00e7\u00f5es. A cidade est\u00e1 carente de locais onde possam ocorrer exibi\u00e7\u00f5es teatrais, de m\u00fasica, [&hellip;]<\/p>\n","protected":false},"author":2,"featured_media":114216,"comment_status":"open","ping_status":"open","sticky":false,"template":"","format":"standard","meta":[],"categories":[87,71],"tags":[5878,489,5882,5877,5883,5880,5803,487,5879,5881,413,150],"_links":{"self":[{"href":"https:\/\/www.blogdopaulonunes.com\/v5\/index.php\/wp-json\/wp\/v2\/posts\/123913"}],"collection":[{"href":"https:\/\/www.blogdopaulonunes.com\/v5\/index.php\/wp-json\/wp\/v2\/posts"}],"about":[{"href":"https:\/\/www.blogdopaulonunes.com\/v5\/index.php\/wp-json\/wp\/v2\/types\/post"}],"author":[{"embeddable":true,"href":"https:\/\/www.blogdopaulonunes.com\/v5\/index.php\/wp-json\/wp\/v2\/users\/2"}],"replies":[{"embeddable":true,"href":"https:\/\/www.blogdopaulonunes.com\/v5\/index.php\/wp-json\/wp\/v2\/comments?post=123913"}],"version-history":[{"count":2,"href":"https:\/\/www.blogdopaulonunes.com\/v5\/index.php\/wp-json\/wp\/v2\/posts\/123913\/revisions"}],"predecessor-version":[{"id":123945,"href":"https:\/\/www.blogdopaulonunes.com\/v5\/index.php\/wp-json\/wp\/v2\/posts\/123913\/revisions\/123945"}],"wp:featuredmedia":[{"embeddable":true,"href":"https:\/\/www.blogdopaulonunes.com\/v5\/index.php\/wp-json\/wp\/v2\/media\/114216"}],"wp:attachment":[{"href":"https:\/\/www.blogdopaulonunes.com\/v5\/index.php\/wp-json\/wp\/v2\/media?parent=123913"}],"wp:term":[{"taxonomy":"category","embeddable":true,"href":"https:\/\/www.blogdopaulonunes.com\/v5\/index.php\/wp-json\/wp\/v2\/categories?post=123913"},{"taxonomy":"post_tag","embeddable":true,"href":"https:\/\/www.blogdopaulonunes.com\/v5\/index.php\/wp-json\/wp\/v2\/tags?post=123913"}],"curies":[{"name":"wp","href":"https:\/\/api.w.org\/{rel}","templated":true}]}}