{"id":123513,"date":"2025-05-29T14:25:26","date_gmt":"2025-05-29T17:25:26","guid":{"rendered":"https:\/\/www.blogdopaulonunes.com\/v5\/?p=123513"},"modified":"2025-05-29T14:25:26","modified_gmt":"2025-05-29T17:25:26","slug":"ifbas-de-pocoes-e-macaubas-se-encontram-em-fase-de-instalacao-e-vao-receber-investimentos-de-r-15-milhoes-cada-um","status":"publish","type":"post","link":"https:\/\/www.blogdopaulonunes.com\/v5\/index.php\/2025\/05\/29\/ifbas-de-pocoes-e-macaubas-se-encontram-em-fase-de-instalacao-e-vao-receber-investimentos-de-r-15-milhoes-cada-um\/","title":{"rendered":"IFBAs de Po\u00e7\u00f5es e Maca\u00fabas se encontram em fase de instala\u00e7\u00e3o e v\u00e3o receber investimentos de R$ 15 milh\u00f5es cada um"},"content":{"rendered":"<p style=\"text-align: justify;\">O deputado federal Waldenor Pereira participou de reuni\u00e3o na Secretaria Nacional de Educa\u00e7\u00e3o Profissional e Tecnol\u00f3gica (SETEC) do Minist\u00e9rio da Educa\u00e7\u00e3o (MEC) com o secret\u00e1rio Nacional Marcelo Bregagnoli, nesta quarta-feira (28), para acompanhar o andamento das instala\u00e7\u00f5es das novas unidades do Instituto Federal da Bahia (IFBA) de Po\u00e7\u00f5es e Maca\u00fabas, unidades essas que contaram com a sua luta e do deputado estadual Z\u00e9 Raimundo para sua cria\u00e7\u00e3o.<\/p>\n<p style=\"text-align: justify;\">\u201cCada unidade receber\u00e1 inicialmente R$ 15 milh\u00f5es de investimentos do Governo Federal para a constru\u00e7\u00e3o das suas instala\u00e7\u00f5es. O IFBA de Po\u00e7\u00f5es j\u00e1 est\u00e1 com o terreno devidamente reservado e a licita\u00e7\u00e3o para in\u00edcio das obras dever\u00e1 ser publicada dentro dos pr\u00f3ximos dois meses. J\u00e1 o de Maca\u00fabas, precisamos regularizar o terreno onde ser\u00e1 constru\u00eddo e me coloquei \u00e0 disposi\u00e7\u00e3o do minist\u00e9rio para manter contato com a reitora Luzia Mota e com o Governo do Estado em busca de uma solu\u00e7\u00e3o mais r\u00e1pida poss\u00edvel\u201d, informa o deputado.<\/p>\n<p style=\"text-align: justify;\">Waldenor tamb\u00e9m recebeu informa\u00e7\u00e3o de que ap\u00f3s a conclus\u00e3o de 60% das instala\u00e7\u00f5es f\u00edsicas ser\u00e3o definidos os cargos, estrutura organizacional e quadro de professores e funcion\u00e1rios pelo MEC, por meio da SETEC.<\/p>\n<p style=\"text-align: justify;\">\u201cOs Institutos Federais s\u00e3o extremamente importantes para o desenvolvimento nacional e para as regi\u00f5es onde eles se instalam e o presidente Lula sabe dessa import\u00e2ncia, por isso, o atendimento a essa demanda da nossa regi\u00e3o. No \u00faltimo ano, o presidente Lula anunciou a cria\u00e7\u00e3o de 100 novos Institutos Federais no pa\u00eds, dentre eles, as unidades de Po\u00e7\u00f5es e Maca\u00fabas. Quando ele assumiu a presid\u00eancia pela primeira vez s\u00f3 existiam 140 institutos em todo o pa\u00eds, hoje s\u00e3o 680 e logo ser\u00e3o 780\u201d, celebrou o parlamentar.<\/p>\n","protected":false},"excerpt":{"rendered":"<p>O deputado federal Waldenor Pereira participou de reuni\u00e3o na Secretaria Nacional de Educa\u00e7\u00e3o Profissional e Tecnol\u00f3gica (SETEC) do Minist\u00e9rio da Educa\u00e7\u00e3o (MEC) com o secret\u00e1rio Nacional Marcelo Bregagnoli, nesta quarta-feira (28), para acompanhar o andamento das instala\u00e7\u00f5es das novas unidades do Instituto Federal da Bahia (IFBA) de Po\u00e7\u00f5es e Maca\u00fabas, unidades essas que contaram com [&hellip;]<\/p>\n","protected":false},"author":2,"featured_media":123514,"comment_status":"open","ping_status":"open","sticky":false,"template":"","format":"standard","meta":[],"categories":[115,105],"tags":[5679,3167,1645,820,396,977],"_links":{"self":[{"href":"https:\/\/www.blogdopaulonunes.com\/v5\/index.php\/wp-json\/wp\/v2\/posts\/123513"}],"collection":[{"href":"https:\/\/www.blogdopaulonunes.com\/v5\/index.php\/wp-json\/wp\/v2\/posts"}],"about":[{"href":"https:\/\/www.blogdopaulonunes.com\/v5\/index.php\/wp-json\/wp\/v2\/types\/post"}],"author":[{"embeddable":true,"href":"https:\/\/www.blogdopaulonunes.com\/v5\/index.php\/wp-json\/wp\/v2\/users\/2"}],"replies":[{"embeddable":true,"href":"https:\/\/www.blogdopaulonunes.com\/v5\/index.php\/wp-json\/wp\/v2\/comments?post=123513"}],"version-history":[{"count":1,"href":"https:\/\/www.blogdopaulonunes.com\/v5\/index.php\/wp-json\/wp\/v2\/posts\/123513\/revisions"}],"predecessor-version":[{"id":123515,"href":"https:\/\/www.blogdopaulonunes.com\/v5\/index.php\/wp-json\/wp\/v2\/posts\/123513\/revisions\/123515"}],"wp:featuredmedia":[{"embeddable":true,"href":"https:\/\/www.blogdopaulonunes.com\/v5\/index.php\/wp-json\/wp\/v2\/media\/123514"}],"wp:attachment":[{"href":"https:\/\/www.blogdopaulonunes.com\/v5\/index.php\/wp-json\/wp\/v2\/media?parent=123513"}],"wp:term":[{"taxonomy":"category","embeddable":true,"href":"https:\/\/www.blogdopaulonunes.com\/v5\/index.php\/wp-json\/wp\/v2\/categories?post=123513"},{"taxonomy":"post_tag","embeddable":true,"href":"https:\/\/www.blogdopaulonunes.com\/v5\/index.php\/wp-json\/wp\/v2\/tags?post=123513"}],"curies":[{"name":"wp","href":"https:\/\/api.w.org\/{rel}","templated":true}]}}