{"id":123484,"date":"2025-05-27T11:20:02","date_gmt":"2025-05-27T14:20:02","guid":{"rendered":"https:\/\/www.blogdopaulonunes.com\/v5\/?p=123484"},"modified":"2025-05-27T11:20:02","modified_gmt":"2025-05-27T14:20:02","slug":"torneio-de-futebol-reune-pessoas-em-situacao-de-rua-na-praca-norberto-aurich","status":"publish","type":"post","link":"https:\/\/www.blogdopaulonunes.com\/v5\/index.php\/2025\/05\/27\/torneio-de-futebol-reune-pessoas-em-situacao-de-rua-na-praca-norberto-aurich\/","title":{"rendered":"Torneio de futebol re\u00fane pessoas em situa\u00e7\u00e3o de rua na Pra\u00e7a Norberto Aurich"},"content":{"rendered":"<p style=\"text-align: justify;\">Na manh\u00e3 da \u00faltima sexta-feira (23), aconteceu na Pra\u00e7a Norberto Aurich, em Vit\u00f3ria da Conquista, o 1\u00ba Torneio de Futebol da Redu\u00e7\u00e3o de Danos. Idealizado e organizado pelo Movimento Nacional da Popula\u00e7\u00e3o em Situa\u00e7\u00e3o de Rua, o torneio contou com o apoio do Programa Corra pro Abra\u00e7o, da Secretaria de Assist\u00eancia e Desenvolvimento Social (SEADES), que arbitrou a partida, colaborou nas articula\u00e7\u00f5es, forneceu \u00e1gua e lanches e realizou atendimentos e oficinas durante o evento.<\/p>\n<p style=\"text-align: justify;\">Foi um momento de pr\u00e1tica esportiva, m\u00fasica e confraterniza\u00e7\u00e3o que mostrou as potencialidades da popula\u00e7\u00e3o em situa\u00e7\u00e3o de rua quando direitos s\u00e3o garantidos a ela. \u201cO evento promoveu um espa\u00e7o de protagonismo para essa popula\u00e7\u00e3o, propiciando um momento de cuidado, divers\u00e3o, intera\u00e7\u00e3o e redu\u00e7\u00e3o de danos\u201d, avalia Ingrid Vale, coordenadora de a\u00e7\u00f5es do Corra de Vit\u00f3ria da Conquista. \u201cE a realiza\u00e7\u00e3o foi poss\u00edvel gra\u00e7as \u00e0 parceria entre Estado, Munic\u00edpio e o Movimento Nacional da Popula\u00e7\u00e3o em Situa\u00e7\u00e3o de Rua\u201d.<\/p>\n<p style=\"text-align: justify;\">O torneio \u2013 que tamb\u00e9m contou com o apoio da Secretaria Municipal de Desenvolvimento Social, da Secretaria Municipal de Cultura e do Centro Pop Adulto \u2013 se encerrou com a entrega de trof\u00e9us e medalhas para os participantes, destacando o time campe\u00e3o, o melhor goleiro e o artilheiro\u00a0da\u00a0partida.<\/p>\n","protected":false},"excerpt":{"rendered":"<p>Na manh\u00e3 da \u00faltima sexta-feira (23), aconteceu na Pra\u00e7a Norberto Aurich, em Vit\u00f3ria da Conquista, o 1\u00ba Torneio de Futebol da Redu\u00e7\u00e3o de Danos. Idealizado e organizado pelo Movimento Nacional da Popula\u00e7\u00e3o em Situa\u00e7\u00e3o de Rua, o torneio contou com o apoio do Programa Corra pro Abra\u00e7o, da Secretaria de Assist\u00eancia e Desenvolvimento Social (SEADES), [&hellip;]<\/p>\n","protected":false},"author":2,"featured_media":123485,"comment_status":"open","ping_status":"open","sticky":false,"template":"","format":"standard","meta":[],"categories":[104,105],"tags":[5662,5663,150],"_links":{"self":[{"href":"https:\/\/www.blogdopaulonunes.com\/v5\/index.php\/wp-json\/wp\/v2\/posts\/123484"}],"collection":[{"href":"https:\/\/www.blogdopaulonunes.com\/v5\/index.php\/wp-json\/wp\/v2\/posts"}],"about":[{"href":"https:\/\/www.blogdopaulonunes.com\/v5\/index.php\/wp-json\/wp\/v2\/types\/post"}],"author":[{"embeddable":true,"href":"https:\/\/www.blogdopaulonunes.com\/v5\/index.php\/wp-json\/wp\/v2\/users\/2"}],"replies":[{"embeddable":true,"href":"https:\/\/www.blogdopaulonunes.com\/v5\/index.php\/wp-json\/wp\/v2\/comments?post=123484"}],"version-history":[{"count":1,"href":"https:\/\/www.blogdopaulonunes.com\/v5\/index.php\/wp-json\/wp\/v2\/posts\/123484\/revisions"}],"predecessor-version":[{"id":123486,"href":"https:\/\/www.blogdopaulonunes.com\/v5\/index.php\/wp-json\/wp\/v2\/posts\/123484\/revisions\/123486"}],"wp:featuredmedia":[{"embeddable":true,"href":"https:\/\/www.blogdopaulonunes.com\/v5\/index.php\/wp-json\/wp\/v2\/media\/123485"}],"wp:attachment":[{"href":"https:\/\/www.blogdopaulonunes.com\/v5\/index.php\/wp-json\/wp\/v2\/media?parent=123484"}],"wp:term":[{"taxonomy":"category","embeddable":true,"href":"https:\/\/www.blogdopaulonunes.com\/v5\/index.php\/wp-json\/wp\/v2\/categories?post=123484"},{"taxonomy":"post_tag","embeddable":true,"href":"https:\/\/www.blogdopaulonunes.com\/v5\/index.php\/wp-json\/wp\/v2\/tags?post=123484"}],"curies":[{"name":"wp","href":"https:\/\/api.w.org\/{rel}","templated":true}]}}