{"id":123481,"date":"2025-05-27T11:07:28","date_gmt":"2025-05-27T14:07:28","guid":{"rendered":"https:\/\/www.blogdopaulonunes.com\/v5\/?p=123481"},"modified":"2025-05-27T11:07:28","modified_gmt":"2025-05-27T14:07:28","slug":"juninho-novaes-e-eleito-melhor-locutor-de-radio-em-barra-do-choca-com-4251-dos-votos","status":"publish","type":"post","link":"https:\/\/www.blogdopaulonunes.com\/v5\/index.php\/2025\/05\/27\/juninho-novaes-e-eleito-melhor-locutor-de-radio-em-barra-do-choca-com-4251-dos-votos\/","title":{"rendered":"Juninho Novaes \u00e9 eleito Melhor Locutor de R\u00e1dio em Barra do Cho\u00e7a com 42,51% dos votos"},"content":{"rendered":"<p style=\"text-align: justify;\">O jornalista e radialista Juninho Novaes foi eleito Melhor Locutor de R\u00e1dio em pesquisa realizada pela Seven Pesquisa e Marketing em parceria com o Blog do Jorge Amorim, conquistando 42,51% dos votos. A premia\u00e7\u00e3o reconhece sua trajet\u00f3ria de quase 15 anos na comunica\u00e7\u00e3o, destacando-se por sua versatilidade e conex\u00e3o com o p\u00fablico.<\/p>\n<p style=\"text-align: justify;\">Com uma carreira marcada pela atua\u00e7\u00e3o em programas gospel, musicais, humor\u00edsticos, jornal\u00edsticos e esportivos, Juninho tamb\u00e9m \u00e9 respons\u00e1vel pela cria\u00e7\u00e3o e publica\u00e7\u00e3o de mat\u00e9rias no site Portal do J\u00fanior e na p\u00e1gina ND Informa. Atualmente, ele comanda o programa Rasgando o Verbo ao lado de Quele Barbosa, transmitido de segunda a sexta-feira, \u00e0s 18h, pela R\u00e1dio Nova Dimens\u00e3o FM e R\u00e1dio Jornal AM 660, al\u00e9m das redes sociais.<\/p>\n<p style=\"text-align: justify;\">Ao comentar sobre a conquista, Juninho expressou sua gratid\u00e3o:<br \/>\n&#8220;Esse pr\u00eamio \u00e9 resultado de muito trabalho e dedica\u00e7\u00e3o. Agrade\u00e7o a todos que votaram e acreditam no meu trabalho. \u00c9 uma honra representar o r\u00e1dio de Barra do Cho\u00e7a e continuar levando informa\u00e7\u00e3o e entretenimento de qualidade para nossos ouvintes.&#8221;<\/p>\n<p style=\"text-align: justify;\">A premia\u00e7\u00e3o refor\u00e7a o reconhecimento do p\u00fablico ao trabalho de Juninho Novaes, consolidando sua posi\u00e7\u00e3o como uma das principais vozes do r\u00e1dio na regi\u00e3o.<\/p>\n<p style=\"text-align: justify;\">A cerim\u00f4nia de premia\u00e7\u00e3o est\u00e1 marcada para o dia 14 de junho, no Centro de Educa\u00e7\u00e3o Integral de Barra do Cho\u00e7a, reunindo personalidades, comunicadores e representantes de diversas \u00e1reas.<\/p>\n<p style=\"text-align: justify;\">O evento promete celebrar os destaques que contribuem para o desenvolvimento e valoriza\u00e7\u00e3o da comunica\u00e7\u00e3o e cultura local.<\/p>\n<p style=\"text-align: justify;\">Juninho Novaes, ao lado de outros homenageados, receber\u00e1 seu trof\u00e9u diante do p\u00fablico e da imprensa, consolidando mais um importante cap\u00edtulo em sua trajet\u00f3ria\u00a0profissional.<\/p>\n","protected":false},"excerpt":{"rendered":"<p>O jornalista e radialista Juninho Novaes foi eleito Melhor Locutor de R\u00e1dio em pesquisa realizada pela Seven Pesquisa e Marketing em parceria com o Blog do Jorge Amorim, conquistando 42,51% dos votos. A premia\u00e7\u00e3o reconhece sua trajet\u00f3ria de quase 15 anos na comunica\u00e7\u00e3o, destacando-se por sua versatilidade e conex\u00e3o com o p\u00fablico. Com uma carreira [&hellip;]<\/p>\n","protected":false},"author":2,"featured_media":123482,"comment_status":"open","ping_status":"open","sticky":false,"template":"","format":"standard","meta":[],"categories":[5659,71],"tags":[1879,5660,5661],"_links":{"self":[{"href":"https:\/\/www.blogdopaulonunes.com\/v5\/index.php\/wp-json\/wp\/v2\/posts\/123481"}],"collection":[{"href":"https:\/\/www.blogdopaulonunes.com\/v5\/index.php\/wp-json\/wp\/v2\/posts"}],"about":[{"href":"https:\/\/www.blogdopaulonunes.com\/v5\/index.php\/wp-json\/wp\/v2\/types\/post"}],"author":[{"embeddable":true,"href":"https:\/\/www.blogdopaulonunes.com\/v5\/index.php\/wp-json\/wp\/v2\/users\/2"}],"replies":[{"embeddable":true,"href":"https:\/\/www.blogdopaulonunes.com\/v5\/index.php\/wp-json\/wp\/v2\/comments?post=123481"}],"version-history":[{"count":1,"href":"https:\/\/www.blogdopaulonunes.com\/v5\/index.php\/wp-json\/wp\/v2\/posts\/123481\/revisions"}],"predecessor-version":[{"id":123483,"href":"https:\/\/www.blogdopaulonunes.com\/v5\/index.php\/wp-json\/wp\/v2\/posts\/123481\/revisions\/123483"}],"wp:featuredmedia":[{"embeddable":true,"href":"https:\/\/www.blogdopaulonunes.com\/v5\/index.php\/wp-json\/wp\/v2\/media\/123482"}],"wp:attachment":[{"href":"https:\/\/www.blogdopaulonunes.com\/v5\/index.php\/wp-json\/wp\/v2\/media?parent=123481"}],"wp:term":[{"taxonomy":"category","embeddable":true,"href":"https:\/\/www.blogdopaulonunes.com\/v5\/index.php\/wp-json\/wp\/v2\/categories?post=123481"},{"taxonomy":"post_tag","embeddable":true,"href":"https:\/\/www.blogdopaulonunes.com\/v5\/index.php\/wp-json\/wp\/v2\/tags?post=123481"}],"curies":[{"name":"wp","href":"https:\/\/api.w.org\/{rel}","templated":true}]}}