{"id":123469,"date":"2025-05-26T11:25:51","date_gmt":"2025-05-26T14:25:51","guid":{"rendered":"https:\/\/www.blogdopaulonunes.com\/v5\/?p=123469"},"modified":"2025-05-26T11:25:51","modified_gmt":"2025-05-26T14:25:51","slug":"nova-rede-adutora-vai-ampliar-oferta-de-agua-para-5-mil-moradores-de-bate-pe-e-regiao","status":"publish","type":"post","link":"https:\/\/www.blogdopaulonunes.com\/v5\/index.php\/2025\/05\/26\/nova-rede-adutora-vai-ampliar-oferta-de-agua-para-5-mil-moradores-de-bate-pe-e-regiao\/","title":{"rendered":"Nova rede adutora vai ampliar oferta de \u00e1gua para 5 mil moradores de Bate-p\u00e9 e regi\u00e3o"},"content":{"rendered":"<p style=\"text-align: justify;\">Com investimentos de R$ 4,6 milh\u00f5es, a Embasa concluiu a implanta\u00e7\u00e3o de uma nova rede adutora de \u00e1gua tratada para regularizar e ampliar a oferta de \u00e1gua para beneficiar cinco mil moradores do distrito do Bate-p\u00e9 e outras 10 localidades do entorno, em Vit\u00f3ria da Conquista.\u00a0A nova rede de 200 mil\u00edmetros possui extens\u00e3o de 21 quil\u00f4metros, tr\u00eas caixas redutoras de press\u00e3o para aliviar a for\u00e7a da \u00e1gua no trecho da serra existente na \u00e1rea e um reservat\u00f3rio de 300 metros c\u00fabicos. A adutora vai permitir incrementar a oferta de \u00e1gua em at\u00e9 85% do que \u00e9 distribu\u00eddo atualmente com capacidade estimada para atender a popula\u00e7\u00e3o pelos pr\u00f3ximos 30 anos, segundo estimativa de crescimento demogr\u00e1fico local.<\/p>\n<p style=\"font-weight: 400; text-align: justify;\">A nova tubula\u00e7\u00e3o foi implantada paralela ao tra\u00e7ado da rodovia que est\u00e1 sendo pavimentada, substituindo a antiga rede que apresentou problemas estruturais em raz\u00e3o da exposi\u00e7\u00e3o causada pelas enxurradas, al\u00e9m de possibilitar o atendimento a novas localidades do entorno. Durante o servi\u00e7o de substitui\u00e7\u00e3o da adutora ocorrido simultaneamente com a obra de pavimenta\u00e7\u00e3o da estrada vicinal, a Embasa ofertou 14 milh\u00f5es de litros de \u00e1gua por meio de carros-pipa em contratos espec\u00edficos que totalizaram cerca de R$ 1,5 milh\u00e3o.<\/p>\n<p><a href=\"https:\/\/www.blogdopaulonunes.com\/v5\/wp-content\/uploads\/2025\/05\/Nova-adutora-Embasa.jpg\"><img loading=\"lazy\" class=\"aligncenter size-full wp-image-123471\" src=\"https:\/\/www.blogdopaulonunes.com\/v5\/wp-content\/uploads\/2025\/05\/Nova-adutora-Embasa.jpg\" alt=\"\" width=\"390\" height=\"258\" \/><\/a><\/p>\n<p style=\"font-weight: 400; text-align: justify;\">Para o gerente regional da Embasa, Manoel Marques, a conclus\u00e3o da obra sinaliza a entrega de mais um compromisso da Embasa com o munic\u00edpio de Vit\u00f3ria da Conquista. \u201cEsta nova adutora possibilitar\u00e1 uma oferta de \u00e1gua com quantidade e qualidade para uma vasta \u00e1rea rural do munic\u00edpio com 1500 im\u00f3veis, e al\u00e9m de normalizar o abastecimento nas localidades j\u00e1 atendidas, novas comunidades poder\u00e3o ser integradas ao sistema de abastecimento fazendo com que mais fam\u00edlias possam ser beneficiadas com \u00e1gua tratada em casa\u201d, afirma.<\/p>\n","protected":false},"excerpt":{"rendered":"<p>Com investimentos de R$ 4,6 milh\u00f5es, a Embasa concluiu a implanta\u00e7\u00e3o de uma nova rede adutora de \u00e1gua tratada para regularizar e ampliar a oferta de \u00e1gua para beneficiar cinco mil moradores do distrito do Bate-p\u00e9 e outras 10 localidades do entorno, em Vit\u00f3ria da Conquista.\u00a0A nova rede de 200 mil\u00edmetros possui extens\u00e3o de 21 [&hellip;]<\/p>\n","protected":false},"author":2,"featured_media":123470,"comment_status":"open","ping_status":"open","sticky":false,"template":"","format":"standard","meta":[],"categories":[99,71],"tags":[426,147,150],"_links":{"self":[{"href":"https:\/\/www.blogdopaulonunes.com\/v5\/index.php\/wp-json\/wp\/v2\/posts\/123469"}],"collection":[{"href":"https:\/\/www.blogdopaulonunes.com\/v5\/index.php\/wp-json\/wp\/v2\/posts"}],"about":[{"href":"https:\/\/www.blogdopaulonunes.com\/v5\/index.php\/wp-json\/wp\/v2\/types\/post"}],"author":[{"embeddable":true,"href":"https:\/\/www.blogdopaulonunes.com\/v5\/index.php\/wp-json\/wp\/v2\/users\/2"}],"replies":[{"embeddable":true,"href":"https:\/\/www.blogdopaulonunes.com\/v5\/index.php\/wp-json\/wp\/v2\/comments?post=123469"}],"version-history":[{"count":1,"href":"https:\/\/www.blogdopaulonunes.com\/v5\/index.php\/wp-json\/wp\/v2\/posts\/123469\/revisions"}],"predecessor-version":[{"id":123472,"href":"https:\/\/www.blogdopaulonunes.com\/v5\/index.php\/wp-json\/wp\/v2\/posts\/123469\/revisions\/123472"}],"wp:featuredmedia":[{"embeddable":true,"href":"https:\/\/www.blogdopaulonunes.com\/v5\/index.php\/wp-json\/wp\/v2\/media\/123470"}],"wp:attachment":[{"href":"https:\/\/www.blogdopaulonunes.com\/v5\/index.php\/wp-json\/wp\/v2\/media?parent=123469"}],"wp:term":[{"taxonomy":"category","embeddable":true,"href":"https:\/\/www.blogdopaulonunes.com\/v5\/index.php\/wp-json\/wp\/v2\/categories?post=123469"},{"taxonomy":"post_tag","embeddable":true,"href":"https:\/\/www.blogdopaulonunes.com\/v5\/index.php\/wp-json\/wp\/v2\/tags?post=123469"}],"curies":[{"name":"wp","href":"https:\/\/api.w.org\/{rel}","templated":true}]}}