{"id":123461,"date":"2025-05-25T10:25:48","date_gmt":"2025-05-25T13:25:48","guid":{"rendered":"https:\/\/www.blogdopaulonunes.com\/v5\/?p=123461"},"modified":"2025-05-25T10:25:48","modified_gmt":"2025-05-25T13:25:48","slug":"frei-chico-a-verdade-precisa-ser-dita","status":"publish","type":"post","link":"https:\/\/www.blogdopaulonunes.com\/v5\/index.php\/2025\/05\/25\/frei-chico-a-verdade-precisa-ser-dita\/","title":{"rendered":"Frei Chico: a verdade precisa ser dita"},"content":{"rendered":"<h4 class=\"bajada\" style=\"text-align: justify;\">Irm\u00e3o de Lula n\u00e3o \u00e9 citado na investiga\u00e7\u00e3o da PF sobre a fraude no INSS e o sindicato do qual \u00e9 diretor denuncia o esquema desde 2017<\/h4>\n<p style=\"text-align: justify;\">Jos\u00e9 Ferreira da Silva, o Frei Chico, n\u00e3o \u00e9 apenas irm\u00e3o do presidente Luiz In\u00e1cio Lula da Silva. \u00c9, antes de tudo, um militante hist\u00f3rico do sindicalismo brasileiro, com mais de meio s\u00e9culo de atua\u00e7\u00e3o dedicada \u00e0 defesa dos trabalhadores, especialmente no setor metal\u00fargico. Foi ele quem, inclusive, apresentou Lula ao movimento sindical, lan\u00e7ando as bases da trajet\u00f3ria pol\u00edtica do atual presidente.<\/p>\n<h2><strong>O uso pol\u00edtico de um nome conhecido<\/strong><\/h2>\n<p style=\"text-align: justify;\">Nas \u00faltimas semanas, Frei Chico est\u00e1 sendo citado em diversas manchetes e conte\u00fados nas redes sociais como suposto envolvido em uma fraude bilion\u00e1ria no INSS. O motivo? Seu cargo atual de vice-presidente do Sindnapi \u2014 o Sindicato Nacional dos Aposentados, Pensionistas e Idosos \u2014 e sua liga\u00e7\u00e3o familiar com Lula. Apesar disso, documentos oficiais e notas da Pol\u00edcia Federal deixam claro: Frei Chico n\u00e3o \u00e9 investigado. A liga\u00e7\u00e3o do seu nome \u00e0 opera\u00e7\u00e3o \u00e9, no m\u00ednimo, leviana, mas cumpre o papel de tentar vincular Lula ao esc\u00e2ndalo do INSS.<\/p>\n<aside class=\"htmlinline\">\n<div id=\"div-gpt-ad-forum_Editor80\/interarticle(1)\" data-google-query-id=\"CO_v6c_avo0DFSU4uQYd-MEjBQ\">\n<div id=\"google_ads_iframe_\/96014957\/forum_Editor80\/interarticle(1)_0__container__\"><\/div>\n<\/div>\n<\/aside>\n<p style=\"text-align: justify;\">Se esse verdadeiro linchamento moral estivesse ocorrendo apenas nos perfis de extrema direita na internet, seria compreens\u00edvel. Afinal, a especialidade dessa turma \u00e9 mentir na maior cara de pau. Mas, infelizmente, as fake news n\u00e3o s\u00e3o mais exclusividade dos extremistas reacion\u00e1rios. Boa parte da m\u00eddia tradicional liberal embarcou nesse linchamento de Frei Chico para enfiar Lula na hist\u00f3ria.<\/p>\n<aside class=\"htmlinline\">\n<div id=\"div-gpt-ad-forum_Editor80\/interarticle(2)\" data-google-query-id=\"CPDv6c_avo0DFSU4uQYd-MEjBQ\">\n<div id=\"google_ads_iframe_\/96014957\/forum_Editor80\/interarticle(2)_0__container__\"><\/div>\n<\/div>\n<\/aside>\n<h2><strong>Frei Chico merece todo o nosso apoio e respeito<\/strong><\/h2>\n<p style=\"text-align: justify;\">Frei Chico integra o Sindnapi desde 2008. Em 2021, foi eleito diretor de Anistia e assumiu a vice-presid\u00eancia da entidade em agosto de 2024. Sua escolha se deu por m\u00e9rito e reconhecimento hist\u00f3rico dentro do movimento sindical. N\u00e3o existe nada de ilegal ou irregular em sua atividade. Ele est\u00e1 onde sempre esteve: no movimento sindical e na luta. N\u00e3o \u00e9 uma pessoa rica e nunca ocupou cargos p\u00fablicos pelo fato de ser irm\u00e3o do presidente.<\/p>\n<p style=\"text-align: justify;\">Por isso, \u00e9 incompreens\u00edvel que o PT, seus parlamentares e militantes n\u00e3o tenham ainda sa\u00eddo em defesa do \u201cirm\u00e3o do Lula\u201d. Afinal, ele n\u00e3o \u00e9 alvo de nada nessa opera\u00e7\u00e3o da PF e est\u00e1 sendo jogado aos le\u00f5es s\u00f3 e t\u00e3o somente por, repito, estar onde sempre esteve. Na milit\u00e2ncia da luta oper\u00e1ria, neste momento como aposentado. Sem ter apartamentos comprados com dinheiro de \u201crachadinha\u201d ou ter participado de qualquer a\u00e7\u00e3o de roubo de joias.<\/p>\n<h2><strong>O hist\u00f3rico de den\u00fancias do pr\u00f3prio Sindnapi<\/strong><\/h2>\n<p style=\"text-align: justify;\">Ao contr\u00e1rio do que insinuam as manchetes alarmistas, o Sindnapi, fundado no ano 2000, tem um hist\u00f3rico de atua\u00e7\u00e3o \u00e9tica e de den\u00fancias contra entidades fraudulentas. Em 2017, ainda durante o governo Michel Temer, a ent\u00e3o conselheira Andrea Gato denunciou ao Conselho Nacional de Previd\u00eancia Social (CNPS) a exist\u00eancia de associa\u00e7\u00f5es suspeitas. Essas den\u00fancias foram reiteradas por Milton Cavalo \u2014 atual presidente do sindicato \u2014 entre 2019 e 2021, no governo Bolsonaro, e pela coordenadora jur\u00eddica do Sindnapi, Tonia Galleti, em 2023, j\u00e1 na atual gest\u00e3o.<\/p>\n<p style=\"text-align: justify;\">Ou seja, o Sindnapi foi o primeiro a alertar sobre os golpes envolvendo descontos indevidos nas aposentadorias. E o fez muito antes do in\u00edcio da Opera\u00e7\u00e3o Sem Desconto.<\/p>\n<h2><strong>Sindnapi n\u00e3o \u00e9 investigado<\/strong><\/h2>\n<p style=\"text-align: justify;\">O pr\u00f3prio inqu\u00e9rito da Pol\u00edcia Federal deixa claro: o Sindnapi n\u00e3o est\u00e1 entre as 12 entidades investigadas. N\u00e3o houve busca e apreens\u00e3o na sede da entidade nem mandados contra seus dirigentes. A Controladoria-Geral da Uni\u00e3o (CGU) tamb\u00e9m confirmou que o sindicato foi retirado da lista de bloqueios de bens.<\/p>\n<p style=\"text-align: justify;\">A \u00fanica vincula\u00e7\u00e3o entre o Sindnapi e o notici\u00e1rio negativo ocorreu quando, de forma confusa, a AGU suspendeu repasses a v\u00e1rias entidades e divulgou uma lista no mesmo dia das a\u00e7\u00f5es da PF \u2014 o que tem permitido esse \u201cerro\u201d de interpreta\u00e7\u00e3o por parte da imprensa.<\/p>\n<h2 style=\"text-align: justify;\"><strong>Todo apoio a Frei Chico<\/strong><\/h2>\n<p style=\"text-align: justify;\">Frei Chico, com seus 83 anos de idade e imensa contribui\u00e7\u00e3o \u00e0 luta dos trabalhadores, merece todo nosso apoio\u00a0e\u00a0respeito.<\/p>\n<p><iframe loading=\"lazy\" title=\"YouTube video player\" src=\"https:\/\/www.youtube.com\/embed\/JROL-qh0BUw?si=sDRZpDdHWCnqowR-\" width=\"560\" height=\"315\" frameborder=\"0\" allowfullscreen=\"allowfullscreen\"><\/iframe><\/p>\n","protected":false},"excerpt":{"rendered":"<p>Irm\u00e3o de Lula n\u00e3o \u00e9 citado na investiga\u00e7\u00e3o da PF sobre a fraude no INSS e o sindicato do qual \u00e9 diretor denuncia o esquema desde 2017 Jos\u00e9 Ferreira da Silva, o Frei Chico, n\u00e3o \u00e9 apenas irm\u00e3o do presidente Luiz In\u00e1cio Lula da Silva. \u00c9, antes de tudo, um militante hist\u00f3rico do sindicalismo brasileiro, [&hellip;]<\/p>\n","protected":false},"author":2,"featured_media":123462,"comment_status":"open","ping_status":"open","sticky":false,"template":"","format":"standard","meta":[],"categories":[23,105],"tags":[5653,2158,5654],"_links":{"self":[{"href":"https:\/\/www.blogdopaulonunes.com\/v5\/index.php\/wp-json\/wp\/v2\/posts\/123461"}],"collection":[{"href":"https:\/\/www.blogdopaulonunes.com\/v5\/index.php\/wp-json\/wp\/v2\/posts"}],"about":[{"href":"https:\/\/www.blogdopaulonunes.com\/v5\/index.php\/wp-json\/wp\/v2\/types\/post"}],"author":[{"embeddable":true,"href":"https:\/\/www.blogdopaulonunes.com\/v5\/index.php\/wp-json\/wp\/v2\/users\/2"}],"replies":[{"embeddable":true,"href":"https:\/\/www.blogdopaulonunes.com\/v5\/index.php\/wp-json\/wp\/v2\/comments?post=123461"}],"version-history":[{"count":1,"href":"https:\/\/www.blogdopaulonunes.com\/v5\/index.php\/wp-json\/wp\/v2\/posts\/123461\/revisions"}],"predecessor-version":[{"id":123463,"href":"https:\/\/www.blogdopaulonunes.com\/v5\/index.php\/wp-json\/wp\/v2\/posts\/123461\/revisions\/123463"}],"wp:featuredmedia":[{"embeddable":true,"href":"https:\/\/www.blogdopaulonunes.com\/v5\/index.php\/wp-json\/wp\/v2\/media\/123462"}],"wp:attachment":[{"href":"https:\/\/www.blogdopaulonunes.com\/v5\/index.php\/wp-json\/wp\/v2\/media?parent=123461"}],"wp:term":[{"taxonomy":"category","embeddable":true,"href":"https:\/\/www.blogdopaulonunes.com\/v5\/index.php\/wp-json\/wp\/v2\/categories?post=123461"},{"taxonomy":"post_tag","embeddable":true,"href":"https:\/\/www.blogdopaulonunes.com\/v5\/index.php\/wp-json\/wp\/v2\/tags?post=123461"}],"curies":[{"name":"wp","href":"https:\/\/api.w.org\/{rel}","templated":true}]}}