{"id":123366,"date":"2025-05-18T06:41:18","date_gmt":"2025-05-18T09:41:18","guid":{"rendered":"https:\/\/www.blogdopaulonunes.com\/v5\/?p=123366"},"modified":"2025-05-18T06:41:18","modified_gmt":"2025-05-18T09:41:18","slug":"audios-de-policial-federal-golpista-deixam-bolsonaro-e-aliados-cada-vez-mais-perto-da-prisao","status":"publish","type":"post","link":"https:\/\/www.blogdopaulonunes.com\/v5\/index.php\/2025\/05\/18\/audios-de-policial-federal-golpista-deixam-bolsonaro-e-aliados-cada-vez-mais-perto-da-prisao\/","title":{"rendered":"\u00c1udios de policial federal golpista deixam Bolsonaro e aliados cada vez mais perto da pris\u00e3o"},"content":{"rendered":"<p style=\"text-align: justify;\"><strong>Conversas revelam a inten\u00e7\u00e3o de matar pessoas, al\u00e9m de prender o ministro Alexandre de Moraes e detalhes da trama golpista<\/strong><\/p>\n<p style=\"text-align: justify;\">Em entrevista a um canal do Youtube nesta sexta-feira (16), o ex-presidente Jair Bolsonaro afirmou que n\u00e3o tem recurso para deixar o pa\u00eds e que vai \u201cmorrer na cadeia\u201d pelo que ele chama de \u201ccrime imposs\u00edvel\u201d ou \u201cgolpe da Disney\u201d, uma vez que ele estava nos Estados Unidos no dia do fat\u00eddico 8 de janeiro.<\/p>\n<p style=\"text-align: justify;\">Apesar de negar o envolvimento nos crimes de tentativa de golpe de Estado,\u00a0 aboli\u00e7\u00e3o do Estado democr\u00e1tico de direito e organiza\u00e7\u00e3o criminosa, o ex-presidente sabe que est\u00e1, de fato, mais pr\u00f3ximo da pris\u00e3o, especialmente ap\u00f3s o vazamento dos \u00e1udios do agente da Pol\u00edcia Federal Vladimir Matos Soares, de 53 anos.<\/p>\n<p style=\"text-align: justify;\">Preso preventivamente depois de o Supremo Tribunal Federal (STF) aceitar a den\u00fancia da Procuradoria-Geral da Rep\u00fablica (PGR), os \u00e1udios de Soares a um interlocutor identificado apenas como Lu reafirma o plano golpista denominado Punhal Verde e Amarelo, cujo objetivo era impedir a posse de Luiz In\u00e1cio Lula da Silva (PT) em janeiro de 2023, ap\u00f3s vit\u00f3ria na disputa pela presid\u00eancia da Rep\u00fablica<\/p>\n<p style=\"text-align: justify;\">Al\u00e9m de detalhar o plano golpista, Soares tamb\u00e9m se dizia pronto para matar meio mundo de gente, prender o ministro do STF Alexandre de Moraes, entre outras a\u00e7\u00f5es para garantir a continuidade de Jair Bolsonaro no poder.<\/p>\n<p style=\"text-align: justify;\">A Lu, ele revela ainda que o golpe perdeu o apoio dos generais, ainda que 100% da tropa estivesse disposta a dar continuidade ao plano, e ressaltou que apenas os generais Braga Netto, candidato a vice-presidente da Rep\u00fablica, Heleno e o comandante da Marinha, o almirante Garnier, seguiram apoiando a trama golpista.<\/p>\n<p style=\"text-align: justify;\"><strong>Leia os principais trechos dos \u00e1udios interceptados pela Pol\u00edcia Federal (PF).<\/strong><\/p>\n<p style=\"text-align: justify;\"><em>\u201cAgora acabou a elei\u00e7\u00e3o, se voc\u00ea quiser responder no privado, o que \u00e9 que voc\u00ea acha, responda. Agora eu fico com a fala de Mour\u00e3o, quando assumiu a presid\u00eancia nesses \u00faltimos instantes.<\/em><\/p>\n<p style=\"text-align: justify;\"><em>Muita fala\u00e7\u00e3o, deixou a coisa tomar um corpo. Ent\u00e3o se o Ex\u00e9rcito descobriu a fraude, porque n\u00e3o botou o p\u00e9 em cima?<\/em><\/p>\n<p style=\"text-align: justify;\"><em>Agora eu acho, meu amigo, que a For\u00e7a Armada do Brasil est\u00e1 desmoralizada, porque quem, eu, as pessoas que ficaram l\u00e1 na frente do quartel 60 dias, noite e dia tomando chuva, as For\u00e7as Armadas viraram as costas.\u00a0<\/em><\/p>\n<p style=\"text-align: justify;\"><em>Agora n\u00e3o tem o que se discutir, o Lula \u00e9 presidente, acabou. E quem manda nesse pa\u00eds agora, quem manda nesse pa\u00eds \u00e9 Alexandre de Moraes.<\/em><\/p>\n<p style=\"text-align: justify;\"><em>Um absurdo, como faz? Falta um Figueiredo, um Carrasta Azul, um M\u00e9dici, um M\u00e9dici. Um absurdo, mas agora toca uns 4 anos e tomara que ele n\u00e3o queira se vingar das pessoas que combateram ele. Agora imagine as articula\u00e7\u00f5es que n\u00e3o est\u00e1 na cabe\u00e7a de um Jos\u00e9 Dirceu.<\/em><\/p>\n<p style=\"text-align: justify;\"><em>Mas quem manda nesse pa\u00eds hoje \u00e9 o Alexandre de Moraes. Bastava t\u00e3o somente, t\u00e3o somente para dar um susto, dissolver o STF de respeito da Constitui\u00e7\u00e3o. 1942 abrange isso.<\/em><\/p>\n<p style=\"text-align: justify;\"><em>Provocar a desarmonia entre os poderes.\u00a0 Dissolver s\u00f3 o STF logo l\u00e1 atr\u00e1s. Puf, logo acabou, meu irm\u00e3o.\u00a0<\/em><\/p>\n<p style=\"text-align: justify;\"><em>Mas deixar crescer \u00e9 igual quando voc\u00ea vai fazer uma pris\u00e3o. N\u00e3o converse muito. Vai prender um camel\u00f4. L\u00e1 na delegacia, tirar o jambo. Relaxa, meu irm\u00e3o, toma um copinho d\u2019\u00e1gua aqui. Mas deixar crescer, pai. Deixar crescer, j\u00e1 era. Deus nos aben\u00e7oe, meu irm\u00e3o. N\u00e3o queira piada, n\u00e3o esquenta a cabe\u00e7a, n\u00e3o.<\/em><\/p>\n<p style=\"text-align: justify;\"><em>Tome cuidado. E agora, meu amigo, voc\u00ea \u00e9 um cara que deu muita entrevista, falou muito em live. Trabalhe como voc\u00ea trabalha. Dentro da lei e mais nada, meu irm\u00e3o. Porque voc\u00ea n\u00e3o sabe os r\u00e9plicos vermelhos que est\u00e3o dentro da sua casa a\u00ed, n\u00e9? O DPF agora, n\u00e9? Porque \u00e9 a nossa casa, mas eu estou trabalhando. Cuidado.<\/em><\/p>\n<p style=\"text-align: justify;\"><em>E se tem general mijando para tr\u00e1s, imagina o delegado, se acontecer alguma coisa. Agora, Stadler, que agora \u00e9 ministro de Estado. Deve ser o Genu\u00edno, esse pessoal todo. Vai querer vingan\u00e7a, bicho.\u00a0<\/em><\/p>\n<h2 class=\"wp-block-heading\" style=\"text-align: justify;\">Trai\u00e7\u00e3o<\/h2>\n<p style=\"text-align: justify;\"><em>Pois \u00e9, Lu, falando nisso, n\u00e9, cara? Realmente, a gente est\u00e1 num barco afundado. Sessenta dias naquele mundo ali, o povo. Eu estive l\u00e1 tamb\u00e9m, n\u00e9? Lu, eu posso falar para voc\u00ea aqui no privado, morre aqui. N\u00f3s fazemos parte, fazemos, n\u00e9, de uma equipe de opera\u00e7\u00f5es especiais que estava pronta para defender o presidente armado, sabe? E com poder de fogo elevado para empurrar quem viesse \u00e0 frente, entendeu? A gente estava pronto para.<\/em><\/p>\n<p style=\"text-align: justify;\"><em>S\u00f3 que a\u00ed o presidente, esper\u00e1vamos s\u00f3 o ok do presidente, uma canetada para a gente agir. S\u00f3 que o presidente deu para tr\u00e1s, porque na v\u00e9spera que a gente ia agir, o presidente foi tra\u00eddo dentro do ex\u00e9rcito, n\u00e9? Os generais foram l\u00e1 e deram a \u00faltima for\u00e7a e disseram que n\u00e3o iam mais apoiar ele. Ou seja, foram, na realidade, o PT pagou para eles, comprou esses generais.<\/em><\/p>\n<p style=\"text-align: justify;\"><em>Os generais se venderam ao PT no \u00faltimo minuto que a gente ia tomar tudo. Entende, cara? E Lu, a gente ia com muita vontade, a gente ia empurrar meio mundo de gente, matar meio mundo de gente, n\u00e3o estava nem a\u00ed j\u00e1, cara.\u00a0<\/em><\/p>\n<p style=\"text-align: justify;\"><em>E Lu, as coisas aconteceram, n\u00e9? O presidente est\u00e1 l\u00e1, hoje eu falei com o assessor dele l\u00e1 nos Estados Unidos, eles est\u00e3o nos Estados Unidos, falei com eles, eles estavam at\u00e9 ontem sob o cuidado do servi\u00e7o secreto, hoje est\u00e3o sob o cuidado da pol\u00edcia local, n\u00e9? Esperando a negocia\u00e7\u00e3o para Alexandre Moraes, da \u00faltima forma desse mandado de pris\u00e3o, de fake news, n\u00e9? S\u00f3 o ajudante de ordem, meu irm\u00e3o, tem quatro inqu\u00e9ritos por fake news. O que \u00e9 que o coitado do ajudante de ordem tem, cara, o Cid? Um cara gente boa, eu conheci.\u00a0<\/em><\/p>\n<p style=\"text-align: justify;\"><em>Ent\u00e3o assim, cara, vamos tocar o barco. O Alexandre Moraes realmente tinha que ter tido a cabe\u00e7a cortada quando ele impediu de o presidente colocar um diretor da Pol\u00edcia Federal, o Ramagem, tinha que ter cortado, a cabe\u00e7a dele era ali, voc\u00ea est\u00e1 entendendo, mas n\u00e3o fez, foi frouxo, entende, cara? E tentou fazer tudo direitinho, quatro linhas, n\u00e3o sei o qu\u00ea, e s\u00f3 se ferrou.\u00a0<\/em><\/p>\n<p style=\"text-align: justify;\"><em>Mas n\u00e3o tem volta, entende, irm\u00e3o? O Alexandre Moraes agora \u00e9 o presidente na pr\u00e1tica, o que vai acontecer \u00e9 que o Alckmin vai dar um golpe no Lula, junto com o Alexandre de Moraes, eles est\u00e3o juntos.<\/em><\/p>\n<p style=\"text-align: justify;\"><em>Eles v\u00e3o dar um golpe no Lula, v\u00e3o tirar Lula e v\u00e3o governar o pa\u00eds os dois juntos, certo? Isso \u00e9 o que vai acontecer. Estamos esperando, s\u00e3o tempos dif\u00edceis que vir\u00e3o, certo? Eu vou preparar o meu filho para ir embora desse pa\u00eds, eu, quando me aposentar, vou embora desse pa\u00eds, n\u00e3o fico aqui, entende, cara?\u00a0<\/em><\/p>\n<p style=\"text-align: justify;\"><em>Ent\u00e3o assim, eu estou muito triste, muito triste, e minha vontade ontem, quando eu vi aquele lixo subindo, com um monte de ladr\u00e3o com sede ao pote, chegavam a estar babando, a minha vontade era chorar, a minha vontade era o meu est\u00f4mago todo embrulhado, sabe, cara? E a vontade era chorar s\u00f3, certo, velho?\u00a0<\/em><\/p>\n<p style=\"text-align: justify;\"><em>Hoje eu falei com o assessor de Bolsonaro, meu irm\u00e3o, ele chorava de l\u00e1 e eu chorava de c\u00e1, cara, porque a gente estava f***, n\u00e9? Minha namorada, que \u00e9 colega, esteve l\u00e1 todos os dias, foi seguran\u00e7a de Bolsonaro tamb\u00e9m, a menina est\u00e1 desolada, cara, entende? Ent\u00e3o assim, o povo aqui est\u00e1 desolado, ningu\u00e9m entende, o pr\u00f3prio MRE, velho, os caras n\u00e3o entendiam, n\u00e3o se prepararam para essa posse, porque n\u00e3o ia ter posse, cara, n\u00f3s n\u00e3o \u00edamos deixar, mas aconteceu, e Bolsonaro faltou um pulso para dizer, n\u00e3o tem um general, tem um coronel, vamos com os coron\u00e9is, porque a tropa toda queria, toda, 100%, s\u00f3 os generais que n\u00e3o deixavam, ent\u00e3o, meu irm\u00e3o, f*** do geral, mas vamos para frente, \u00e9 muito triste o que est\u00e1 acontecendo, que vir\u00e1, v\u00e3o vender nossa Amaz\u00f4nia toda, v\u00e3o destruir a Amaz\u00f4nia agora, baseado com aquele cacique Raoni, que \u00e9 um vagabundo, entende, velho? Um vagabundo, est\u00e1 cheio de dinheiro, s\u00f3 quer dinheiro, aquele merda, entende, cara?\u00a0<\/em><\/p>\n<p style=\"text-align: justify;\"><em>Ent\u00e3o assim, quem foi preso vai continuar preso, est\u00e1 f***, os caminhoneiros que tomaram multa v\u00e3o continuar com suas multas, e assim sucessivamente, meu irm\u00e3o, \u00e9 um momento de caos, eu sinto muito, mas vamos tocar, isso a\u00ed, para a Pol\u00edcia Federal,\u00a0 os delegados que assumiram, o diretor que assumiu, ele me conhece, sabe que eu sou contra a Lula, ele me chamou para fazer seguran\u00e7a, eu disse que n\u00e3o fazia seguran\u00e7a de ladr\u00e3o, entendeu, cara? N\u00e3o fa\u00e7o.\u00a0 Cheguei, conversei com ele ontem, mas est\u00e1 tranquilo, o Werner est\u00e1 indo assumir agora a secretaria, eu estou com o Werner aqui hoje, o dia todo, entendeu, velho?\u00a0<\/em><\/p>\n<p style=\"text-align: justify;\"><em>Mas, paci\u00eancia, velho, \u00e9 isso a\u00ed mesmo, vamos tocar o barco, vamos para a frente, vamos ver o que \u00e9 que vai dar a Lula.<\/em><\/p>\n<h2 class=\"wp-block-heading\" style=\"text-align: justify;\">Bolsonaro<\/h2>\n<p style=\"text-align: justify;\"><em>Pois \u00e9, Lu, ele j\u00e1 tinha mandado contra Bolsonaro pronto. Era s\u00f3 virar o ano.<\/em><\/p>\n<p style=\"text-align: justify;\"><em>Se Bolsonaro continuasse a\u00ed, ia ser preso, meu irm\u00e3o. A Michele saiu na ter\u00e7a-feira, escoltada por dois ca\u00e7as. Michele e a filha sa\u00edram escoltadas aqui por dois ca\u00e7as.<\/em><\/p>\n<p style=\"text-align: justify;\"><em>E a\u00ed ele saiu na sexta-feira.\u00a0 Ent\u00e3o ele ia se ferrar, com medo, foi embora. Pra tentar esfriar as coisas.<\/em><\/p>\n<p style=\"text-align: justify;\"><em>E\u2026 Agora \u00e9 isso a\u00ed, cara. A gente n\u00e3o tem muito o que\u2026 Voc\u00ea falou, t\u00e1 certo, tinha que ter cortado a cabe\u00e7a logo. Vai prender, prende logo.<\/em><\/p>\n<p style=\"text-align: justify;\"><em>E n\u00e3o tem muita conversa. \u00c9 por a\u00ed. A gente tava preparado pra isso, inclusive. Pra ir prender Alexandre de Moraes.\u00a0<\/em><\/p>\n<p style=\"text-align: justify;\"><em>Eu ia, eu j\u00e1 tava na equipe. Ia botar pra\u2026 Mas\u2026 N\u00e3o \u00e9 assim.<\/em><\/p>\n<p style=\"text-align: justify;\"><em>Deus sabe de tudo. A gente n\u00e3o sabe de nada, viu, Lu? A realidade \u00e9 essa. Vamos nessa.<\/em><\/p>\n<h2 class=\"wp-block-heading\" style=\"text-align: justify;\">Crian\u00e7as e idosos<\/h2>\n<p style=\"text-align: justify;\"><em>Minha galera, boa noite. Estou saindo aqui do QG aqui em Bras\u00edlia e s\u00f3 para deixar voc\u00eas mais tranquilos vai acontecer com certeza acredito que\u2026 n\u00e3o vou botar a\u00ed at\u00e9 o dia 23, 22 n\u00e3o vou botar a data inclusive o ex\u00e9rcito est\u00e1 come\u00e7ando a indicar para a gente a desmobiliza\u00e7\u00e3o da \u00e1rea porque na frente dos QGs \u00e9 onde vai ter confus\u00e3o se nosso pessoal continuar ali abrigado\u00a0 ali, acampado porque o pessoal vai querer ir ali para dentro para tentar fazer mal contra as fam\u00edlias que est\u00e3o ali.<\/em><\/p>\n<p style=\"text-align: justify;\"><em>Ent\u00e3o o ex\u00e9rcito j\u00e1 prevendo esse tipo de coisa que pode vir a acontecer j\u00e1 est\u00e1 come\u00e7ando a tomar algumas medidas das quais bloquear as vias que a galera tinha acesso a todo o tempo enchia de carro, estava botando o carro em outro lugar. J\u00e1 n\u00e3o est\u00e1 deixando entrar caminh\u00e3o. J\u00e1 os banheiros qu\u00edmicos que tinham estavam querendo trazer mais, eles j\u00e1 n\u00e3o est\u00e3o querendo mais, mas n\u00e3o por conta de que eles querem que acabe n\u00e3o.<\/em><\/p>\n<p style=\"text-align: justify;\"><em>\u00c9 porque a manifesta\u00e7\u00e3o j\u00e1 legitimou, ent\u00e3o j\u00e1 est\u00e1 legitimado n\u00e3o tem assim a necessidade de se manterem ali milhares, milh\u00f5es de pessoas at\u00e9 o dia da tomada, n\u00e3o tem, n\u00e3o precisa, porque se isso acontecer vai ter muito efeito colateral para o nosso lado de pessoas que n\u00e3o est\u00e3o prontas para uma guerra, crian\u00e7as, m\u00e3es de fam\u00edlia, idosos para caramba, muito idoso, ent\u00e3o as coisas est\u00e3o come\u00e7ando senhores a desenhar preparo est\u00e1 sendo feito e com certeza o pau vai torar. Esse ladr\u00e3o n\u00e3o vai\u00a0 n\u00e3o vai assumir n\u00e3o, viu? Isso \u00e9 o que eu vi agora conversando com algumas pessoas e\u00a0 \u00e9 isso a\u00ed, valeu um abra\u00e7o, boa noite.<\/em><\/p>\n<h2 class=\"wp-block-heading\" style=\"text-align: justify;\">PT<\/h2>\n<p style=\"text-align: justify;\"><em>Senhores, isso a\u00ed \u00e9 uma esse cara falou\u00a0 t\u00e1 chovendo no molhado, n\u00e9? Porque todo mundo sabe disso, quem acompanha de perto\u00a0 as investiga\u00e7\u00f5es a cronologia dos fatos desde que Bolsonaro assumiu, desde que desde 2018\u00a0 desde aquela confus\u00e3o toda\u00a0 sabe disso\u00a0 que essas pessoas est\u00e3o envolvidas de que forma elas est\u00e3o envolvidas, sabe-se do Gabriel Chalita, da Vivi Moraes, todo mundo sabe certo, \u00e9 desse dinheiro de Moraes isso \u00e9 fato n\u00e3o \u00e9 conversa, entendeu? Agora, o que a gente o que a gente tem que que esperar \u00e9 a diploma\u00e7\u00e3o sair, sair no Di\u00e1rio Oficial, eu pergunto pra voc\u00eas: saiu? N\u00e3o, n\u00e9 ? Se n\u00e3o saiu, como \u00e9 que Bolsonaro vai agir? Ele precisa do documento, cara. O fato de Lula ter assinado l\u00e1 um papel n\u00e3o quer dizer que j\u00e1 seja a diploma\u00e7\u00e3o. A diploma\u00e7\u00e3o tem que sair no di\u00e1rio oficial e n\u00e3o saiu. A diploma\u00e7\u00e3o deve sair no dia, deve sair amanh\u00e3 ainda, deve sair no dia 19, que \u00e9 amanh\u00e3.\u00a0<\/em><\/p>\n<p style=\"text-align: justify;\"><em>A\u00ed voc\u00eas v\u00e3o ver, v\u00e3o me esperar. Bolsonaro n\u00e3o pode agir, porque se ele agir antes do Di\u00e1rio Oficial, a\u00ed ele age na ilegalidade, entendeu? A\u00ed Alexandre de Moraes sai por cima. Que t\u00e1 f***, meu irm\u00e3o. Se der merda, se houver, que vai haver essa tomada, meu irm\u00e3o, Alexandre de Moraes esses ministros todos est\u00e3o f***.\u00a0<\/em><\/p>\n<p style=\"text-align: justify;\"><em>Todas as letras, esses caras, esses advogados, \u00e9 todo mundo preso. Ent\u00e3o assim, \u00e9 quest\u00e3o de tempo eles est\u00e3o jogando com a vida deles, porque eles sabem que se der errado, se Bolsonaro n\u00e3o escorregar, eles est\u00e3o f***. E agora a gente s\u00f3 precisa aguardar, cara\u00a0 n\u00e3o tem onde correr.<\/em><\/p>\n<h2 class=\"wp-block-heading\" style=\"text-align: justify;\">Bolsonaro vai desistir<\/h2>\n<p style=\"text-align: justify;\">Pela primeira vez, Lu se manifesta.<em>\u00a0\u201cFala, meu parceiro, t\u00f4 meio triste hoje, porque at\u00e9 de tarde tava tudo planejado, tudo certo pra amanh\u00e3. Agora deu tudo pra tr\u00e1s. Parece que vai jogar a toalha.\u00a0<\/em><\/p>\n<p style=\"text-align: justify;\">Soares retoma a narrativa.\u00a0<em>\u00c9 surreal a pol\u00edtica, \u00e9 uma desgra\u00e7a na moral. O cara j\u00e1 entra vendido, mas paci\u00eancia, Deus ilumine ele, que possa guiar os passos dele. E e eu t\u00f4 aqui na merda, porque o presidente vai dar pra tr\u00e1s.<\/em><\/p>\n<p style=\"text-align: justify;\"><em>Perfeita, isso a\u00ed. Essa narrativa desse cara \u00e9 perfeita. Exatamente isso que aconteceu, sem tirar nem botar. Exatamente isso, eu t\u00f4 ciente da situa\u00e7\u00e3o. Tava, n\u00e9? De perto e foi isso a\u00ed mesmo que aconteceu. Um filho de p\u2026, pior de todos esse Mour\u00e3o. Isso \u00e9 um escroto o Mour\u00e3o. S\u00f3 quem tava do lado do general dele foi \u00e9 o general Heleno e o que tava vice-presidente,<\/em>\u00a0<em>o Braga Netto, ali\u00e1s.<\/em><\/p>\n<p style=\"text-align: justify;\"><em>Dessa conversa, deu apoio ao golpe foi o Almirante Garnier, comandante da Marinha. Confira, eu n\u00e3o sei se essa voz \u00e9 dele n\u00e3o, viu, velho. N\u00e3o sei se \u00e9 ele falando, mas foi o \u00fanico que deu apoio.\u00a0<\/em><\/p>\n<p style=\"text-align: justify;\"><em>Exatamente Garnier foi o \u00fanico, o \u00fanico. A Marinha desde o come\u00e7o foi a \u00fanica que apoiou ele 100%. O resto tirou o corpo.<\/em><\/p>\n","protected":false},"excerpt":{"rendered":"<p>Conversas revelam a inten\u00e7\u00e3o de matar pessoas, al\u00e9m de prender o ministro Alexandre de Moraes e detalhes da trama golpista Em entrevista a um canal do Youtube nesta sexta-feira (16), o ex-presidente Jair Bolsonaro afirmou que n\u00e3o tem recurso para deixar o pa\u00eds e que vai \u201cmorrer na cadeia\u201d pelo que ele chama de \u201ccrime [&hellip;]<\/p>\n","protected":false},"author":2,"featured_media":110132,"comment_status":"open","ping_status":"open","sticky":false,"template":"","format":"standard","meta":[],"categories":[94,105],"tags":[387,5606,5580],"_links":{"self":[{"href":"https:\/\/www.blogdopaulonunes.com\/v5\/index.php\/wp-json\/wp\/v2\/posts\/123366"}],"collection":[{"href":"https:\/\/www.blogdopaulonunes.com\/v5\/index.php\/wp-json\/wp\/v2\/posts"}],"about":[{"href":"https:\/\/www.blogdopaulonunes.com\/v5\/index.php\/wp-json\/wp\/v2\/types\/post"}],"author":[{"embeddable":true,"href":"https:\/\/www.blogdopaulonunes.com\/v5\/index.php\/wp-json\/wp\/v2\/users\/2"}],"replies":[{"embeddable":true,"href":"https:\/\/www.blogdopaulonunes.com\/v5\/index.php\/wp-json\/wp\/v2\/comments?post=123366"}],"version-history":[{"count":1,"href":"https:\/\/www.blogdopaulonunes.com\/v5\/index.php\/wp-json\/wp\/v2\/posts\/123366\/revisions"}],"predecessor-version":[{"id":123367,"href":"https:\/\/www.blogdopaulonunes.com\/v5\/index.php\/wp-json\/wp\/v2\/posts\/123366\/revisions\/123367"}],"wp:featuredmedia":[{"embeddable":true,"href":"https:\/\/www.blogdopaulonunes.com\/v5\/index.php\/wp-json\/wp\/v2\/media\/110132"}],"wp:attachment":[{"href":"https:\/\/www.blogdopaulonunes.com\/v5\/index.php\/wp-json\/wp\/v2\/media?parent=123366"}],"wp:term":[{"taxonomy":"category","embeddable":true,"href":"https:\/\/www.blogdopaulonunes.com\/v5\/index.php\/wp-json\/wp\/v2\/categories?post=123366"},{"taxonomy":"post_tag","embeddable":true,"href":"https:\/\/www.blogdopaulonunes.com\/v5\/index.php\/wp-json\/wp\/v2\/tags?post=123366"}],"curies":[{"name":"wp","href":"https:\/\/api.w.org\/{rel}","templated":true}]}}