{"id":123237,"date":"2025-05-12T14:01:08","date_gmt":"2025-05-12T17:01:08","guid":{"rendered":"https:\/\/www.blogdopaulonunes.com\/v5\/?p=123237"},"modified":"2025-05-12T14:01:08","modified_gmt":"2025-05-12T17:01:08","slug":"vacina-contra-gripe-continua-disponivel-nos-postos-de-saude","status":"publish","type":"post","link":"https:\/\/www.blogdopaulonunes.com\/v5\/index.php\/2025\/05\/12\/vacina-contra-gripe-continua-disponivel-nos-postos-de-saude\/","title":{"rendered":"Vacina contra gripe continua dispon\u00edvel nos postos de sa\u00fade"},"content":{"rendered":"<p style=\"text-align: justify;\">Os baianos deram exemplo no \u00faltimo s\u00e1bado (10), o Dia D de vacina\u00e7\u00e3o contra a gripe, indo aos postos de sa\u00fade para serem imunizados. A ades\u00e3o de 100% dos munic\u00edpios da Bahia resultou em quase 100 mil doses aplicadas. Somente no drive-thru montado no Centro de Conven\u00e7\u00f5es de Salvador, a\u00e7\u00e3o feita em uma parceria da Secretaria da Sa\u00fade do Estado (Sesab) e a Secretaria Municipal de Sa\u00fade de Salvador, foram 2.825 vacinados.<\/p>\n<p style=\"text-align: justify;\">Agora, ap\u00f3s o dia D, o imunizante contra a gripe continua dispon\u00edvel nos postos de sa\u00fade, fazendo parte do Calend\u00e1rio Nacional de Vacina\u00e7\u00e3o para crian\u00e7as de 6 meses a menores de 6 anos, gestantes e idosos (a partir de 60 anos de idade), tornando permanente a prote\u00e7\u00e3o para esses p\u00fablicos.<\/p>\n<p style=\"text-align: justify;\">Tamb\u00e9m fazem parte dos grupos eleg\u00edveis as pu\u00e9rperas, povos ind\u00edgenas, quilombolas, pessoas em situa\u00e7\u00e3o de rua, trabalhadores da sa\u00fade, professores, profissionais das for\u00e7as de seguran\u00e7a e salvamento, for\u00e7as armadas, pessoas com defici\u00eancia permanente, caminhoneiros, trabalhadores de transporte coletivo rodovi\u00e1rio, trabalhadores portu\u00e1rios, trabalhadores dos Correios, popula\u00e7\u00e3o privada de liberdade e funcion\u00e1rios do sistema prisional, al\u00e9m de adolescentes e jovens de 12 a 21 anos sob medidas socioeducativas e pessoas com doen\u00e7as cr\u00f4nicas n\u00e3o transmiss\u00edveis e outras condi\u00e7\u00f5es cl\u00ednicas especiais, independentemente da idade.<\/p>\n<p style=\"text-align: justify;\">Na Bahia, o p\u00fablico-alvo \u00e9 formado por 3,6 milh\u00f5es de pessoas. A meta \u00e9 vacinar 90% deste p\u00fablico. \u201cA vacina\u00e7\u00e3o \u00e9 a principal forma de preven\u00e7\u00e3o e vamos trabalhar junto com os munic\u00edpios para alcan\u00e7ar esta meta. A vacina\u00e7\u00e3o contra a influenza \u00e9 fundamental para reduzir as complica\u00e7\u00f5es, interna\u00e7\u00f5es e \u00f3bitos decorrentes das infec\u00e7\u00f5es pelo v\u00edrus\u201d, afirma a secret\u00e1ria da Sa\u00fade do Estado, Roberta Santana.<\/p>\n<p style=\"text-align: justify;\">A coordenadora de Imuniza\u00e7\u00e3o do Estado, V\u00e2nia Rebou\u00e7as, explica que a vacina estar\u00e1 dispon\u00edvel ao longo do ano, mas deve ser tomada o quanto antes. \u201cHistoricamente, na Bahia, o maior n\u00famero de registros da doen\u00e7a ocorre no outono e inverno, por isso a import\u00e2ncia de vacinar ainda no in\u00edcio deste per\u00edodo\u201d, afirma.<\/p>\n<p>fotos: Leonardo Rattes \/ Sa\u00fade GovBA<\/p>\n","protected":false},"excerpt":{"rendered":"<p>Os baianos deram exemplo no \u00faltimo s\u00e1bado (10), o Dia D de vacina\u00e7\u00e3o contra a gripe, indo aos postos de sa\u00fade para serem imunizados. A ades\u00e3o de 100% dos munic\u00edpios da Bahia resultou em quase 100 mil doses aplicadas. Somente no drive-thru montado no Centro de Conven\u00e7\u00f5es de Salvador, a\u00e7\u00e3o feita em uma parceria da [&hellip;]<\/p>\n","protected":false},"author":2,"featured_media":123238,"comment_status":"open","ping_status":"open","sticky":false,"template":"","format":"standard","meta":[],"categories":[4381,105],"tags":[2243,5526,5545,361,640],"_links":{"self":[{"href":"https:\/\/www.blogdopaulonunes.com\/v5\/index.php\/wp-json\/wp\/v2\/posts\/123237"}],"collection":[{"href":"https:\/\/www.blogdopaulonunes.com\/v5\/index.php\/wp-json\/wp\/v2\/posts"}],"about":[{"href":"https:\/\/www.blogdopaulonunes.com\/v5\/index.php\/wp-json\/wp\/v2\/types\/post"}],"author":[{"embeddable":true,"href":"https:\/\/www.blogdopaulonunes.com\/v5\/index.php\/wp-json\/wp\/v2\/users\/2"}],"replies":[{"embeddable":true,"href":"https:\/\/www.blogdopaulonunes.com\/v5\/index.php\/wp-json\/wp\/v2\/comments?post=123237"}],"version-history":[{"count":1,"href":"https:\/\/www.blogdopaulonunes.com\/v5\/index.php\/wp-json\/wp\/v2\/posts\/123237\/revisions"}],"predecessor-version":[{"id":123239,"href":"https:\/\/www.blogdopaulonunes.com\/v5\/index.php\/wp-json\/wp\/v2\/posts\/123237\/revisions\/123239"}],"wp:featuredmedia":[{"embeddable":true,"href":"https:\/\/www.blogdopaulonunes.com\/v5\/index.php\/wp-json\/wp\/v2\/media\/123238"}],"wp:attachment":[{"href":"https:\/\/www.blogdopaulonunes.com\/v5\/index.php\/wp-json\/wp\/v2\/media?parent=123237"}],"wp:term":[{"taxonomy":"category","embeddable":true,"href":"https:\/\/www.blogdopaulonunes.com\/v5\/index.php\/wp-json\/wp\/v2\/categories?post=123237"},{"taxonomy":"post_tag","embeddable":true,"href":"https:\/\/www.blogdopaulonunes.com\/v5\/index.php\/wp-json\/wp\/v2\/tags?post=123237"}],"curies":[{"name":"wp","href":"https:\/\/api.w.org\/{rel}","templated":true}]}}