{"id":123179,"date":"2025-05-08T13:20:30","date_gmt":"2025-05-08T16:20:30","guid":{"rendered":"https:\/\/www.blogdopaulonunes.com\/v5\/?p=123179"},"modified":"2025-05-08T13:20:30","modified_gmt":"2025-05-08T16:20:30","slug":"habemus-papam-fumaca-branca-no-vaticano-confirma-definicao-do-sucessor-de-francisco","status":"publish","type":"post","link":"https:\/\/www.blogdopaulonunes.com\/v5\/index.php\/2025\/05\/08\/habemus-papam-fumaca-branca-no-vaticano-confirma-definicao-do-sucessor-de-francisco\/","title":{"rendered":"&#8220;Habemus Papam&#8221;: fuma\u00e7a branca no Vaticano confirma defini\u00e7\u00e3o do sucessor de Francisco"},"content":{"rendered":"<p style=\"text-align: justify;\"><strong>Cardeais encerraram o Conclave na Capela Sistina, marcando o in\u00edcio de um novo cap\u00edtulo na lideran\u00e7a da Igreja Cat\u00f3lica<\/strong><\/p>\n<p style=\"text-align: justify;\"><b>\u00a0<\/b>Ap\u00f3s algumas vota\u00e7\u00f5es e ora\u00e7\u00f5es na Capela Sistina, no Vaticano, a fuma\u00e7a branca finalmente subiu pela chamin\u00e9, sinalizando ao mundo que a Igreja Cat\u00f3lica tem um novo papa. A elei\u00e7\u00e3o foi conclu\u00edda nesta quinta-feira (8), encerrando o conclave iniciado na quarta-feira (7), que reuniu cardeais eleitores de todos os continentes para definir o sucessor de Francisco, falecido recentemente.<\/p>\n<p style=\"text-align: justify;\">A S\u00e9 Apost\u00f3lica esteve vacante desde a morte de Francisco, momento em que o Col\u00e9gio dos Cardeais assumiu interinamente a administra\u00e7\u00e3o da Igreja, com poderes restritos apenas a decis\u00f5es administrativas essenciais e \u00e0 prepara\u00e7\u00e3o do processo eleitoral. Coube ao Camerlengo, conforme o protocolo can\u00f4nico, confirmar oficialmente o falecimento do Papa, organizar seu funeral na Bas\u00edlica de S\u00e3o Pedro e supervisionar a organiza\u00e7\u00e3o do conclave. Durante nove dias, missas em homenagem ao Pont\u00edfice foram celebradas no Vaticano.<\/p>\n<p style=\"text-align: justify;\">Conforme determina a tradi\u00e7\u00e3o, apenas os cardeais com menos de 80 anos no dia da vac\u00e2ncia participaram do processo eleitoral, que contou com no m\u00e1ximo 120 eleitores. Desde o in\u00edcio do conclave, os cardeais ficaram isolados do mundo exterior, hospedados na Casa Santa Marta, proibidos de se comunicar com o exterior por qualquer meio. O juramento de sigilo absoluto foi prestado no primeiro dia, antes da primeira vota\u00e7\u00e3o.<\/p>\n<p style=\"text-align: justify;\">A elei\u00e7\u00e3o seguiu os ritos tradicionais. Em cada escrut\u00ednio secreto, os cardeais escreviam \u201cEligo in Summum Pontificem\u201d &#8211; &#8220;Eu elejo como Sumo Pont\u00edfice&#8221; &#8211; seguido do nome do escolhido, depositando a c\u00e9dula em urna diante do altar, com o juramento: &#8220;invoco como testemunha Cristo Senhor, que me h\u00e1 de julgar, que o meu voto \u00e9 dado \u00e0quele que, segundo Deus, julgo dever ser eleito&#8221;.<\/p>\n<p style=\"text-align: justify;\">Cada rodada de votos foi supervisionada por tr\u00eas escrutinadores, tr\u00eas infirmarii \u2014 que levaram as c\u00e9dulas a eventuais cardeais enfermos \u2014 e tr\u00eas revisores. A elei\u00e7\u00e3o s\u00f3 seria considerada v\u00e1lida com ao menos dois ter\u00e7os dos votos. Caso n\u00e3o se atingisse esse n\u00famero ap\u00f3s m\u00faltiplas rodadas, a regra previa a vota\u00e7\u00e3o entre os dois mais votados.<\/p>\n<p style=\"text-align: justify;\">A chegada da fuma\u00e7a branca indicou que o escolhido aceitou o cargo e declarou seu novo nome papal. Depois da decis\u00e3o oficializada, o Cardeal Protodi\u00e1cono surgir\u00e1 no balc\u00e3o da Bas\u00edlica de S\u00e3o Pedro para anunciar:\u00a0<i>\u201cHabemus Papam!\u201d. Em seguida,\u00a0<\/i>o novo l\u00edder cat\u00f3lico dar\u00e1 sua primeira ben\u00e7\u00e3o, a tradicional\u00a0<i>Urbi et Orbi<\/i>.<\/p>\n<p style=\"text-align: justify;\">A posse formal do novo Pont\u00edfice ocorrer\u00e1 na Bas\u00edlica de S\u00e3o Jo\u00e3o de Latr\u00e3o, a catedral de Roma, marcando o in\u00edcio oficial de seu pontificado, que poder\u00e1 perdurar at\u00e9 sua morte ou eventual ren\u00fancia \u2014 como ocorreu com Bento XVI em 2013.<\/p>\n<p style=\"text-align: justify;\">A identidade do novo papa, bem como seu nome pontif\u00edcio, ser\u00e1 conhecida nos pr\u00f3ximos minutos ou horas.<\/p>\n","protected":false},"excerpt":{"rendered":"<p>Cardeais encerraram o Conclave na Capela Sistina, marcando o in\u00edcio de um novo cap\u00edtulo na lideran\u00e7a da Igreja Cat\u00f3lica \u00a0Ap\u00f3s algumas vota\u00e7\u00f5es e ora\u00e7\u00f5es na Capela Sistina, no Vaticano, a fuma\u00e7a branca finalmente subiu pela chamin\u00e9, sinalizando ao mundo que a Igreja Cat\u00f3lica tem um novo papa. A elei\u00e7\u00e3o foi conclu\u00edda nesta quinta-feira (8), encerrando [&hellip;]<\/p>\n","protected":false},"author":2,"featured_media":123180,"comment_status":"open","ping_status":"open","sticky":false,"template":"","format":"standard","meta":[],"categories":[109,105],"tags":[5524,5522,5523],"_links":{"self":[{"href":"https:\/\/www.blogdopaulonunes.com\/v5\/index.php\/wp-json\/wp\/v2\/posts\/123179"}],"collection":[{"href":"https:\/\/www.blogdopaulonunes.com\/v5\/index.php\/wp-json\/wp\/v2\/posts"}],"about":[{"href":"https:\/\/www.blogdopaulonunes.com\/v5\/index.php\/wp-json\/wp\/v2\/types\/post"}],"author":[{"embeddable":true,"href":"https:\/\/www.blogdopaulonunes.com\/v5\/index.php\/wp-json\/wp\/v2\/users\/2"}],"replies":[{"embeddable":true,"href":"https:\/\/www.blogdopaulonunes.com\/v5\/index.php\/wp-json\/wp\/v2\/comments?post=123179"}],"version-history":[{"count":1,"href":"https:\/\/www.blogdopaulonunes.com\/v5\/index.php\/wp-json\/wp\/v2\/posts\/123179\/revisions"}],"predecessor-version":[{"id":123181,"href":"https:\/\/www.blogdopaulonunes.com\/v5\/index.php\/wp-json\/wp\/v2\/posts\/123179\/revisions\/123181"}],"wp:featuredmedia":[{"embeddable":true,"href":"https:\/\/www.blogdopaulonunes.com\/v5\/index.php\/wp-json\/wp\/v2\/media\/123180"}],"wp:attachment":[{"href":"https:\/\/www.blogdopaulonunes.com\/v5\/index.php\/wp-json\/wp\/v2\/media?parent=123179"}],"wp:term":[{"taxonomy":"category","embeddable":true,"href":"https:\/\/www.blogdopaulonunes.com\/v5\/index.php\/wp-json\/wp\/v2\/categories?post=123179"},{"taxonomy":"post_tag","embeddable":true,"href":"https:\/\/www.blogdopaulonunes.com\/v5\/index.php\/wp-json\/wp\/v2\/tags?post=123179"}],"curies":[{"name":"wp","href":"https:\/\/api.w.org\/{rel}","templated":true}]}}