{"id":122772,"date":"2025-03-24T00:11:36","date_gmt":"2025-03-24T03:11:36","guid":{"rendered":"https:\/\/www.blogdopaulonunes.com\/v5\/?p=122772"},"modified":"2025-03-24T00:11:50","modified_gmt":"2025-03-24T03:11:50","slug":"via-bahia-deixa-a-admistracao-da-br-324-e-116-no-proximo-dia-15-de-maio-e-o-pedagio-como-vai-ficar","status":"publish","type":"post","link":"https:\/\/www.blogdopaulonunes.com\/v5\/index.php\/2025\/03\/24\/via-bahia-deixa-a-admistracao-da-br-324-e-116-no-proximo-dia-15-de-maio-e-o-pedagio-como-vai-ficar\/","title":{"rendered":"VIA BAHIA deixa a admistra\u00e7\u00e3o da BR-324 e 116  no pr\u00f3ximo dia 15 de maio e o ped\u00e1gio como vai ficar?"},"content":{"rendered":"<p style=\"text-align: justify;\">A via Bahia vai deixar definitivamente a administra\u00e7\u00e3o das BR-116, BR-324, BA-526 e BA-528 a partir do dia 15 de maio, quando o governo federal assumir\u00e1 as rodovias.<\/p>\n<p style=\"text-align: justify;\">O an\u00fancio foi feito pelo ministro dos Transportes, Renan Filho, por meio das redes sociais. As rodovias voltar\u00e3o a receber investimentos do Departamento Nacional de Infraestrutura de Transportes (DNIT).<\/p>\n<p style=\"text-align: justify;\">\u201cEssas rodovias que j\u00e1 causaram muita tristeza ao povo da Bahia voltar\u00e3o a receber investimentos por meio do DNIT, que j\u00e1 vai entrar fazendo obras no pavimento, e ter\u00e1 um novo projeto para transform\u00e1-la definitivamente que ir\u00e1 a leil\u00e3o ainda este ano\u201d, disse o ministro.<\/p>\n<p style=\"text-align: justify;\">Tudo indica que a cobran\u00e7a de ped\u00e1gio continuar\u00e1 normalmente, mas nada foi anunciado nesse sentido.<\/p>\n<p style=\"text-align: justify;\">Quando assume a concess\u00e3o, o governo pode continuar cobrando ped\u00e1gio para custear a manuten\u00e7\u00e3o da rodovia, investimentos e melhorias. Isso j\u00e1 acontece em alguns estados do Brasil, onde rodovias s\u00e3o administradas por empresas p\u00fablicas e continuam tendo ped\u00e1gio, como em S\u00e3o Paulo com a Arteris e a EcoRodovias.<\/p>\n<p style=\"text-align: justify;\">O governo pode \u00a0optar por administrar a rodovia com recursos p\u00fablicos, sem depender da arrecada\u00e7\u00e3o direta do usu\u00e1rio e \u00a0eliminar o ped\u00e1gio, mas isso raramente ocorre, at\u00e9 porque \u00a0deve haver a relicita\u00e7\u00e3o \u00a0da concess\u00e3o.<\/p>\n<p>Fonte: Bahia Economica<\/p>\n","protected":false},"excerpt":{"rendered":"<p>A via Bahia vai deixar definitivamente a administra\u00e7\u00e3o das BR-116, BR-324, BA-526 e BA-528 a partir do dia 15 de maio, quando o governo federal assumir\u00e1 as rodovias. O an\u00fancio foi feito pelo ministro dos Transportes, Renan Filho, por meio das redes sociais. As rodovias voltar\u00e3o a receber investimentos do Departamento Nacional de Infraestrutura de [&hellip;]<\/p>\n","protected":false},"author":2,"featured_media":122773,"comment_status":"open","ping_status":"open","sticky":false,"template":"","format":"standard","meta":[],"categories":[2025,105],"tags":[1042,3949,510],"_links":{"self":[{"href":"https:\/\/www.blogdopaulonunes.com\/v5\/index.php\/wp-json\/wp\/v2\/posts\/122772"}],"collection":[{"href":"https:\/\/www.blogdopaulonunes.com\/v5\/index.php\/wp-json\/wp\/v2\/posts"}],"about":[{"href":"https:\/\/www.blogdopaulonunes.com\/v5\/index.php\/wp-json\/wp\/v2\/types\/post"}],"author":[{"embeddable":true,"href":"https:\/\/www.blogdopaulonunes.com\/v5\/index.php\/wp-json\/wp\/v2\/users\/2"}],"replies":[{"embeddable":true,"href":"https:\/\/www.blogdopaulonunes.com\/v5\/index.php\/wp-json\/wp\/v2\/comments?post=122772"}],"version-history":[{"count":1,"href":"https:\/\/www.blogdopaulonunes.com\/v5\/index.php\/wp-json\/wp\/v2\/posts\/122772\/revisions"}],"predecessor-version":[{"id":122774,"href":"https:\/\/www.blogdopaulonunes.com\/v5\/index.php\/wp-json\/wp\/v2\/posts\/122772\/revisions\/122774"}],"wp:featuredmedia":[{"embeddable":true,"href":"https:\/\/www.blogdopaulonunes.com\/v5\/index.php\/wp-json\/wp\/v2\/media\/122773"}],"wp:attachment":[{"href":"https:\/\/www.blogdopaulonunes.com\/v5\/index.php\/wp-json\/wp\/v2\/media?parent=122772"}],"wp:term":[{"taxonomy":"category","embeddable":true,"href":"https:\/\/www.blogdopaulonunes.com\/v5\/index.php\/wp-json\/wp\/v2\/categories?post=122772"},{"taxonomy":"post_tag","embeddable":true,"href":"https:\/\/www.blogdopaulonunes.com\/v5\/index.php\/wp-json\/wp\/v2\/tags?post=122772"}],"curies":[{"name":"wp","href":"https:\/\/api.w.org\/{rel}","templated":true}]}}