{"id":122683,"date":"2025-03-16T13:12:09","date_gmt":"2025-03-16T16:12:09","guid":{"rendered":"https:\/\/www.blogdopaulonunes.com\/v5\/?p=122683"},"modified":"2025-03-16T13:12:09","modified_gmt":"2025-03-16T16:12:09","slug":"malafaia-surta-chama-moraes-de-criminoso-e-mente-sobre-ministro-para-incitar-extremistas","status":"publish","type":"post","link":"https:\/\/www.blogdopaulonunes.com\/v5\/index.php\/2025\/03\/16\/malafaia-surta-chama-moraes-de-criminoso-e-mente-sobre-ministro-para-incitar-extremistas\/","title":{"rendered":"Malafaia surta, chama Moraes de &#8220;criminoso&#8221; e mente sobre ministro para incitar extremistas"},"content":{"rendered":"<h4 class=\"bajada\" style=\"text-align: justify;\">Pastor mentiu descaradamente ao atacar Alexandre de Moraes. Totalmente desequilibrado, Malafaia criticou at\u00e9 a &#8220;tortura&#8221; que o ministro, segundo ele, praticou contra Mauro Cid<\/h4>\n<p style=\"text-align: justify;\">Organizador do ato &#8220;pela anistia&#8221; em Copacabana neste domingo (16), Silas Malafaia assumiu o papel de atacar frontalmente Alexandre de Moraes, do Supremo Tribunal Federal (STF), ao dizer logo no in\u00edcio de seu discurso que iria &#8220;provar&#8221; que o ministro \u00e9 um &#8220;criminoso&#8221;.<\/p>\n<p style=\"text-align: justify;\">&#8220;O ministro Alexandre de Moraes \u00e9 um criminoso&#8221;, gritou Malafaia, incitando os apoiadores.<\/p>\n<p style=\"text-align: justify;\">No entanto, as &#8220;provas&#8221; prometidas pelo pastor midi\u00e1tico n\u00e3o passaram de um amontoado de narrativas propagadas em grupos bolsonaristas, sem quaisquer rela\u00e7\u00e3o com a realidade.<\/p>\n<p style=\"text-align: justify;\">Malafaia come\u00e7ou afirmando que &#8220;o inqu\u00e9rito da fake News \u00e9 ilegal e imoral pois n\u00e3o tem a participa\u00e7\u00e3o do Minist\u00e9rio P\u00fablico&#8221;.<\/p>\n<p style=\"text-align: justify;\">A mentira de Malafaia \u00e9 t\u00e3o deslavada que a Procuradoria-Geral da Rep\u00fablica (PGR) acompanha a investiga\u00e7\u00e3o, feita pela Pol\u00edcia Federal (PF), desde o in\u00edcio e em 14 de agosto de 2024 se manifestou justamente sobre a relatoria do processo, a cargo de Moraes.<\/p>\n<p style=\"text-align: justify;\">&#8220;O procurador-geral da Rep\u00fablica, Paulo Gonet, manifestou apoio \u00e0 atua\u00e7\u00e3o do ministro Alexandre de Moraes na condu\u00e7\u00e3o dos Inqu\u00e9ritos n\u00ba 4.781 (fake news) e n\u00b0 4.874 (mil\u00edcias digitais). As duas investiga\u00e7\u00f5es apuram condutas como veicula\u00e7\u00e3o de not\u00edcias falsas em redes sociais, incita\u00e7\u00e3o a golpe de Estado e a atos antidemocr\u00e1ticos, a exist\u00eancia de mil\u00edcias digitais antidemocr\u00e1ticas e seu financiamento, al\u00e9m do discurso de \u00f3dio e amea\u00e7as contra institui\u00e7\u00f5es e seus agentes, entre elas o pr\u00f3prio STF. Os inqu\u00e9ritos contam com o trabalho da Pol\u00edcia Federal e s\u00e3o acompanhados pela Procuradoria-Geral da Rep\u00fablica (PGR)&#8221;, diz o texto, que pode ser consultado no\u00a0<a href=\"https:\/\/www.mpf.mp.br\/pgr\/noticias-pgr2\/2024\/pgr-se-manifesta-sobre-conducao-dos-inqueritos-das-fake-news-e-das-milicias-digitais\" target=\"_blank\" rel=\"noopener\">site oficial da PGR<\/a>.<\/p>\n<p style=\"text-align: justify;\">Em seguida, ao listar o que classificou como &#8220;sequencia de crimes desse ditador&#8221;, em rela\u00e7\u00e3o a Moraes, Malafaia citou a negativa da justi\u00e7a espanhola pela extradi\u00e7\u00e3o do blogueiro Oswaldo Eust\u00e1quio e, de forma inacredit\u00e1vel, diz que o tenente-coronel Mauro Cid, delato do esquema, foi &#8220;torturado&#8221; pelo ministro relator.<\/p>\n<p style=\"text-align: justify;\">&#8220;O Brasil viu o que Alexandre de Moraes fez com o coronel Cid: &#8216;eu tenho uma ordem de pris\u00e3o contra voc\u00ea, olha se voc\u00ea n\u00e3o atender o que a gente est\u00e1 falando, a tua fam\u00edlia, tua mulher, tua filha, n\u00f3s vamos continuar o processo'&#8221;, disse Malafaia.<\/p>\n<p style=\"text-align: justify;\">&#8220;Presidente Bolsonaro ele rasga leis de tratados internacionais no Brasil. A conven\u00e7\u00e3o da ONU contra a tortura: n\u00e3o se pode aceitar amea\u00e7a de ningu\u00e9m em processo judicial&#8221;, disse ele ao ex-presidente, admirador confesso da tortura durante a Ditadura Militar.<\/p>\n<p style=\"text-align: justify;\">Malafaia ainda repetiu a narrativa bolsonarista de que n\u00e3o houve tentativa de golpe. Um dos motivos listados pelo pastor foi de que Lula estava em Araraquara no 8 de janeiro e por isso n\u00e3o poderia sofrer um golpe.<\/p>\n<p style=\"text-align: justify;\">Em seguida, ap\u00f3s ecoar a ladainha neofascista, Malafaia repetiu Bolsonaro e disse o ex-presidente estava na &#8220;Disney&#8221; e por isso n\u00e3o participou do golpe.<\/p>\n<p style=\"text-align: justify;\">&#8220;Como \u00e9 que Jair Messias Bolsonaro \u00e9 colocado num inqu\u00e9rito de golpe e ele estava nos EUA com Pato Donald, Mickey, Tio Patinhas. Bolsonaro estava na Am\u00e9rica e eu pergunto a Alexandre de Moraes e \u00e0 PF: onde est\u00e3o as conex\u00f5es&#8221;, afirmou, ignorando as mais de 3 mil p\u00e1ginas do anexo do inqu\u00e9rito, que mostra as provas de que Bolsonaro comandou a quadrilha golpista &#8211; e por isso fugiu para os EUA.<\/p>\n","protected":false},"excerpt":{"rendered":"<p>Pastor mentiu descaradamente ao atacar Alexandre de Moraes. Totalmente desequilibrado, Malafaia criticou at\u00e9 a &#8220;tortura&#8221; que o ministro, segundo ele, praticou contra Mauro Cid Organizador do ato &#8220;pela anistia&#8221; em Copacabana neste domingo (16), Silas Malafaia assumiu o papel de atacar frontalmente Alexandre de Moraes, do Supremo Tribunal Federal (STF), ao dizer logo no in\u00edcio [&hellip;]<\/p>\n","protected":false},"author":2,"featured_media":122684,"comment_status":"open","ping_status":"open","sticky":false,"template":"","format":"standard","meta":[],"categories":[4890,105],"tags":[5323,3489,3761],"_links":{"self":[{"href":"https:\/\/www.blogdopaulonunes.com\/v5\/index.php\/wp-json\/wp\/v2\/posts\/122683"}],"collection":[{"href":"https:\/\/www.blogdopaulonunes.com\/v5\/index.php\/wp-json\/wp\/v2\/posts"}],"about":[{"href":"https:\/\/www.blogdopaulonunes.com\/v5\/index.php\/wp-json\/wp\/v2\/types\/post"}],"author":[{"embeddable":true,"href":"https:\/\/www.blogdopaulonunes.com\/v5\/index.php\/wp-json\/wp\/v2\/users\/2"}],"replies":[{"embeddable":true,"href":"https:\/\/www.blogdopaulonunes.com\/v5\/index.php\/wp-json\/wp\/v2\/comments?post=122683"}],"version-history":[{"count":1,"href":"https:\/\/www.blogdopaulonunes.com\/v5\/index.php\/wp-json\/wp\/v2\/posts\/122683\/revisions"}],"predecessor-version":[{"id":122685,"href":"https:\/\/www.blogdopaulonunes.com\/v5\/index.php\/wp-json\/wp\/v2\/posts\/122683\/revisions\/122685"}],"wp:featuredmedia":[{"embeddable":true,"href":"https:\/\/www.blogdopaulonunes.com\/v5\/index.php\/wp-json\/wp\/v2\/media\/122684"}],"wp:attachment":[{"href":"https:\/\/www.blogdopaulonunes.com\/v5\/index.php\/wp-json\/wp\/v2\/media?parent=122683"}],"wp:term":[{"taxonomy":"category","embeddable":true,"href":"https:\/\/www.blogdopaulonunes.com\/v5\/index.php\/wp-json\/wp\/v2\/categories?post=122683"},{"taxonomy":"post_tag","embeddable":true,"href":"https:\/\/www.blogdopaulonunes.com\/v5\/index.php\/wp-json\/wp\/v2\/tags?post=122683"}],"curies":[{"name":"wp","href":"https:\/\/api.w.org\/{rel}","templated":true}]}}