{"id":122679,"date":"2025-03-16T13:03:39","date_gmt":"2025-03-16T16:03:39","guid":{"rendered":"https:\/\/www.blogdopaulonunes.com\/v5\/?p=122679"},"modified":"2025-03-16T13:03:39","modified_gmt":"2025-03-16T16:03:39","slug":"instituto-formando-leitores-apresenta-novo-programa-de-empregabilidade-na-area-de-tecnologia-voltada-para-jovens-em-situacao-de-vulnerabilidade-social","status":"publish","type":"post","link":"https:\/\/www.blogdopaulonunes.com\/v5\/index.php\/2025\/03\/16\/instituto-formando-leitores-apresenta-novo-programa-de-empregabilidade-na-area-de-tecnologia-voltada-para-jovens-em-situacao-de-vulnerabilidade-social\/","title":{"rendered":"Instituto Formando Leitores apresenta novo programa de empregabilidade na \u00e1rea de tecnologia voltada para jovens em situa\u00e7\u00e3o de vulnerabilidade social"},"content":{"rendered":"<p style=\"text-align: justify;\"><em>O programa \u201cLeitores do Mundo do Trabalho\u201d promover\u00e1 mais de 500 horas de aprendizagem para o desenvolvimento profissional em meio a ascens\u00e3o do mercado digital<\/em><\/p>\n<p style=\"text-align: justify;\">O Instituto Formando Leitores, em parceria com a startup <strong>Next Coders-Qualifica<\/strong>, desenvolveu um novo programa, intitulado <strong>Leitores do Mundo do Trabalho<\/strong>. Com m\u00e9todos que t\u00eam a<strong>\u00a0forma\u00e7\u00e3o digital<\/strong>\u00a0como base, a iniciativa tem como objetivo fortalecer jovens e adultos em vulnerabilidade social por meio da capacita\u00e7\u00e3o profissional em \u00e1reas com ascens\u00e3o em contrata\u00e7\u00f5es, como <em>desenvolvedor de software<\/em>\u00a0e <em>marketing <\/em>digital.<\/p>\n<p style=\"text-align: justify;\">Ao todo, ser\u00e3o mais de 500 horas de curso \u00e0 dist\u00e2ncia. Al\u00e9m dos tecn\u00f3logos, a grade tamb\u00e9m contar\u00e1 com mentorias especializadas em empregabilidade e plano de carreira. O Instituto \u00e9 parceiro do Grupo LJS EDUCAR e conta com nomes de peso na educa\u00e7\u00e3o, entre eles a vice-presidente do Instituto Formando Leitores e membro da Academia de Educa\u00e7\u00e3o do Brasil, <strong>Profa. Dra. Marta Chaves<\/strong>\u00a0e o ator e empres\u00e1rio <strong>Luciano Szafir<\/strong>, presidente da organiza\u00e7\u00e3o, al\u00e9m de um corpo t\u00e9cnico de instru\u00e7\u00e3o e opera\u00e7\u00e3o em tecnologia, respons\u00e1veis pelo suporte aos alunos.<\/p>\n<p><a href=\"https:\/\/www.blogdopaulonunes.com\/v5\/wp-content\/uploads\/2025\/03\/Luciano-Szafir.jpg\"><img loading=\"lazy\" class=\"aligncenter size-medium wp-image-122681\" src=\"https:\/\/www.blogdopaulonunes.com\/v5\/wp-content\/uploads\/2025\/03\/Luciano-Szafir.jpg\" alt=\"\" width=\"247\" height=\"261\" \/><\/a><\/p>\n<p style=\"text-align: justify;\">Quem lidera as a\u00e7\u00f5es desenvolvidas pelo Grupo \u00e9 o seu presidente, <strong>Sandro Lopes<\/strong>, que tamb\u00e9m \u00e9 conselheiro do Instituto. Pioneiro na implementa\u00e7\u00e3o de projetos educacionais e no fomento ao ensino, o empres\u00e1rio define que o Leitores do Mundo do Trabalho tem como objetivo, <em>\u201cdesenvolver indiv\u00edduos autoconfiantes, capazes de construir caminhos promissores no mercado\u201d<\/em>. O que tamb\u00e9m se destaca \u00e9 o impacto social que o programa traz, onde busca transformar realidades sociais e contribuir com comunidades carentes a partir de educa\u00e7\u00e3o qualificada.<\/p>\n<p style=\"text-align: justify;\">\u00a0\u00a0\u00a0\u00a0\u00a0\u00a0\u00a0\u00a0\u00a0\u00a0\u00a0\u00a0\u00a0\u00a0\u00a0\u00a0\u00a0\u00a0\u00a0\u00a0\u00a0\u00a0\u00a0\u00a0\u00a0\u00a0\u00a0\u00a0\u00a0\u00a0\u00a0\u00a0\u00a0\u00a0\u00a0\u00a0\u00a0\u00a0\u00a0\u00a0\u00a0\u00a0\u00a0\u00a0\u00a0\u00a0\u00a0\u00a0\u00a0\u00a0\u00a0\u00a0\u00a0\u00a0\u00a0\u00a0\u00a0\u00a0\u00a0\u00a0\u00a0\u00a0\u00a0\u00a0\u00a0\u00a0\u00a0\u00a0\u00a0\u00a0\u00a0\u00a0\u00a0\u00a0\u00a0\u00a0\u00a0\u00a0\u00a0\u00a0\u00a0\u00a0<strong><em>Luciano Szafir <\/em><\/strong><em>e<\/em><strong><em>\u00a0Sandro Lopes <\/em><\/strong><\/p>\n<p>&nbsp;<\/p>\n<p><strong>Servi\u00e7o:<\/strong>\u00a0<a href=\"https:\/\/www.grupoljseducar.com.br\/\"><u>https:\/\/www.grupoljseducar.com.br\/<\/u><\/a><\/p>\n<p><a href=\"https:\/\/www.formandoleitores.org.br\/\"><u>https:\/\/www.formandoleitores.org.br\/<\/u><\/a><\/p>\n<p>&nbsp;<\/p>\n<p><strong>Para maiores informa\u00e7\u00f5es:<\/strong><\/p>\n<p>Mengucci Imprensa e M\u00eddia<\/p>\n<p>11 91516-2424 | <a href=\"mailto:atendimento@menguccicomunicacao.com.br\"><u>atendimento@menguccicomunicacao.com.br<\/u><\/a><\/p>\n","protected":false},"excerpt":{"rendered":"<p>O programa \u201cLeitores do Mundo do Trabalho\u201d promover\u00e1 mais de 500 horas de aprendizagem para o desenvolvimento profissional em meio a ascens\u00e3o do mercado digital O Instituto Formando Leitores, em parceria com a startup Next Coders-Qualifica, desenvolveu um novo programa, intitulado Leitores do Mundo do Trabalho. Com m\u00e9todos que t\u00eam a\u00a0forma\u00e7\u00e3o digital\u00a0como base, a iniciativa [&hellip;]<\/p>\n","protected":false},"author":2,"featured_media":122680,"comment_status":"open","ping_status":"open","sticky":false,"template":"","format":"standard","meta":[],"categories":[1,71],"tags":[5322],"_links":{"self":[{"href":"https:\/\/www.blogdopaulonunes.com\/v5\/index.php\/wp-json\/wp\/v2\/posts\/122679"}],"collection":[{"href":"https:\/\/www.blogdopaulonunes.com\/v5\/index.php\/wp-json\/wp\/v2\/posts"}],"about":[{"href":"https:\/\/www.blogdopaulonunes.com\/v5\/index.php\/wp-json\/wp\/v2\/types\/post"}],"author":[{"embeddable":true,"href":"https:\/\/www.blogdopaulonunes.com\/v5\/index.php\/wp-json\/wp\/v2\/users\/2"}],"replies":[{"embeddable":true,"href":"https:\/\/www.blogdopaulonunes.com\/v5\/index.php\/wp-json\/wp\/v2\/comments?post=122679"}],"version-history":[{"count":1,"href":"https:\/\/www.blogdopaulonunes.com\/v5\/index.php\/wp-json\/wp\/v2\/posts\/122679\/revisions"}],"predecessor-version":[{"id":122682,"href":"https:\/\/www.blogdopaulonunes.com\/v5\/index.php\/wp-json\/wp\/v2\/posts\/122679\/revisions\/122682"}],"wp:featuredmedia":[{"embeddable":true,"href":"https:\/\/www.blogdopaulonunes.com\/v5\/index.php\/wp-json\/wp\/v2\/media\/122680"}],"wp:attachment":[{"href":"https:\/\/www.blogdopaulonunes.com\/v5\/index.php\/wp-json\/wp\/v2\/media?parent=122679"}],"wp:term":[{"taxonomy":"category","embeddable":true,"href":"https:\/\/www.blogdopaulonunes.com\/v5\/index.php\/wp-json\/wp\/v2\/categories?post=122679"},{"taxonomy":"post_tag","embeddable":true,"href":"https:\/\/www.blogdopaulonunes.com\/v5\/index.php\/wp-json\/wp\/v2\/tags?post=122679"}],"curies":[{"name":"wp","href":"https:\/\/api.w.org\/{rel}","templated":true}]}}