{"id":122673,"date":"2025-03-15T19:56:13","date_gmt":"2025-03-15T22:56:13","guid":{"rendered":"https:\/\/www.blogdopaulonunes.com\/v5\/?p=122673"},"modified":"2025-03-15T19:56:13","modified_gmt":"2025-03-15T22:56:13","slug":"governos-lula-e-jeronimo-investem-322-milhoes-na-construcao-da-barragem-do-catole","status":"publish","type":"post","link":"https:\/\/www.blogdopaulonunes.com\/v5\/index.php\/2025\/03\/15\/governos-lula-e-jeronimo-investem-322-milhoes-na-construcao-da-barragem-do-catole\/","title":{"rendered":"Governos Lula e Jer\u00f4nimo investem 322 milh\u00f5es na constru\u00e7\u00e3o da Barragem do Catol\u00e9"},"content":{"rendered":"<p style=\"text-align: justify;\">Em visita guiada ao canteiro de obras da Barragem do Rio Catol\u00e9, nesta \u00faltima sexta-feira (14),\u00a0 com\u00a0 dirigentes e t\u00e9cnicos da Embasa e a participa\u00e7\u00e3o da imprensa, os deputados Waldenor Pereira (federal) e Z\u00e9 Raimundo (estadual) tiveram a oportunidade de constatar &#8220;in loco&#8221; o bom andamento da constru\u00e7\u00e3o deste t\u00e3o sonhado projeto para abastecimento de \u00e1gua\u00a0 de Vit\u00f3ria da Conquista e de outros munic\u00edpios da regi\u00e3o.<\/p>\n<div dir=\"auto\" style=\"text-align: justify;\"><\/div>\n<div dir=\"auto\" style=\"text-align: justify;\">Os visitantes foram informados, no canteiro, pelo gerente de obras da Embasa, Jackson Rangel, e por diretores do cons\u00f3rcio vencedor da licita\u00e7\u00e3o, Thiago e Marcelo, que a obra j\u00e1 alcan\u00e7ou 30% de execu\u00e7\u00e3o e se desenvolve regularmente sem nenhuma intercorr\u00eancia, com previs\u00e3o de conclus\u00e3o prevista para fevereiro de 2027.<\/div>\n<div dir=\"auto\"><a href=\"https:\/\/www.blogdopaulonunes.com\/v5\/wp-content\/uploads\/2025\/03\/Catole-2.jpg\"><img loading=\"lazy\" class=\"aligncenter size-full wp-image-122675\" src=\"https:\/\/www.blogdopaulonunes.com\/v5\/wp-content\/uploads\/2025\/03\/Catole-2.jpg\" alt=\"\" width=\"391\" height=\"262\" \/><\/a><\/div>\n<div dir=\"auto\" style=\"text-align: justify;\"><\/div>\n<div dir=\"auto\" style=\"text-align: justify;\">O deputado Waldenor Pereira, que vem acompanhando sistematicamente\u00a0 junto \u00e0 dire\u00e7\u00e3o da Embasa esse pleito defendido por ele e Z\u00e9 Raimundo, mostrou-se satisfeito com o que viu pessoalmente no canteiro de obras e destacou com orgulho:\u201cTrata-se do maior investimento p\u00fablico no interior do estado da Bahia,neste momento,com or\u00e7amento inicial de 322 milh\u00f5es de reais, \u00e9 uma obra que sem d\u00favida vai dar seguran\u00e7a h\u00eddrica de mais de 30 anos para a cidade de Vit\u00f3ria da Conquista e demais munic\u00edpios da regi\u00e3o a serem contemplados. N\u00f3s agradecemos ao presidente Lula, ao governador Jer\u00f4nimo e ao ministro Rui Costa, pela aten\u00e7\u00e3o \u00e0 nossa cidade e regi\u00e3o.\u201d<\/div>\n<div dir=\"auto\" style=\"text-align: justify;\"><\/div>\n<div dir=\"auto\" style=\"text-align: justify;\">O deputado Z\u00e9 Raimundo tamb\u00e9m n\u00e3o escondeu o seu contentamento com o andamento do projeto em suas declara\u00e7\u00f5es para representantes da imprensa presentes e publica\u00e7\u00e3o em suas redes sociais. &#8220;Depois de tanta luta, estamos cada vez mais perto dessa conquista&#8221;, disse, ap\u00f3s ressaltar que esta \u00e9 a obra mais esperada nos \u00faltimos 15 anos por Vit\u00f3ria da Conquista. Ele tamb\u00e9m agradeceu ao governador Jer\u00f4nimo Rodrigues por retomar o andamento das obras.<\/div>\n<div dir=\"auto\"><a href=\"https:\/\/www.blogdopaulonunes.com\/v5\/wp-content\/uploads\/2025\/03\/Catole-3.jpg\"><img loading=\"lazy\" class=\"aligncenter size-full wp-image-122676\" src=\"https:\/\/www.blogdopaulonunes.com\/v5\/wp-content\/uploads\/2025\/03\/Catole-3.jpg\" alt=\"\" width=\"391\" height=\"256\" srcset=\"https:\/\/www.blogdopaulonunes.com\/v5\/wp-content\/uploads\/2025\/03\/Catole-3.jpg 391w, https:\/\/www.blogdopaulonunes.com\/v5\/wp-content\/uploads\/2025\/03\/Catole-3-350x230.jpg 350w\" sizes=\"(max-width: 391px) 100vw, 391px\" \/><\/a><\/div>\n<div dir=\"auto\"><\/div>\n<div dir=\"auto\" style=\"text-align: justify;\">Os\u00a0 investimentos no valor de R$ 322 milh\u00f5es para a constru\u00e7\u00e3o s\u00e3o com recursos oriundos do PAC (Governo Federal), Embasa e Governo do Estado. As obras da Barragem do Rio Catol\u00e9 j\u00e1 impactam a economia local, com a gera\u00e7\u00e3o de cerca de 500 empregos constitu\u00eddos de forma direta, e quase 1000 empregados de forma indireta, conforme os dados da dire\u00e7\u00e3o do cons\u00f3rcio respons\u00e1vel pela execu\u00e7\u00e3o do projeto.<\/div>\n<div dir=\"auto\"><a href=\"https:\/\/www.blogdopaulonunes.com\/v5\/wp-content\/uploads\/2025\/03\/Catole-4.jpg\"><img loading=\"lazy\" class=\"aligncenter size-full wp-image-122677\" src=\"https:\/\/www.blogdopaulonunes.com\/v5\/wp-content\/uploads\/2025\/03\/Catole-4.jpg\" alt=\"\" width=\"391\" height=\"262\" \/><\/a><\/div>\n<div dir=\"auto\" style=\"text-align: justify;\"><\/div>\n<div dir=\"auto\" style=\"text-align: justify;\">O gerente de obras da Embasa, o engenheiro Jackson Rangel, explicou como, nesta etapa inicial, est\u00e3o sendo realizadas a\u00e7\u00f5es essenciais de prepara\u00e7\u00e3o e estrutura\u00e7\u00e3o para garantir o avan\u00e7o eficiente da obra. Ele tamb\u00e9m\u00a0 ressaltou que a Barragem do Rio Catol\u00e9 trar\u00e1 muitos\u00a0 benef\u00edcios para a popula\u00e7\u00e3o local: \u201cA gente est\u00e1 trazendo uma qualidade de vida maior para a cidade de Vit\u00f3ria da Conquista. Um empreendimento desse porte traz muitos benef\u00edcios, para a ind\u00fastria, servi\u00e7os, o com\u00e9rcio, para a gera\u00e7\u00e3o de empregos e muitos outros para melhorar a qualidade de vida da\u00a0 popula\u00e7\u00e3o&#8221;, afirmou.<\/div>\n","protected":false},"excerpt":{"rendered":"<p>Em visita guiada ao canteiro de obras da Barragem do Rio Catol\u00e9, nesta \u00faltima sexta-feira (14),\u00a0 com\u00a0 dirigentes e t\u00e9cnicos da Embasa e a participa\u00e7\u00e3o da imprensa, os deputados Waldenor Pereira (federal) e Z\u00e9 Raimundo (estadual) tiveram a oportunidade de constatar &#8220;in loco&#8221; o bom andamento da constru\u00e7\u00e3o deste t\u00e3o sonhado projeto para abastecimento de [&hellip;]<\/p>\n","protected":false},"author":2,"featured_media":122674,"comment_status":"open","ping_status":"open","sticky":false,"template":"","format":"standard","meta":[],"categories":[104,105],"tags":[5236,165,166],"_links":{"self":[{"href":"https:\/\/www.blogdopaulonunes.com\/v5\/index.php\/wp-json\/wp\/v2\/posts\/122673"}],"collection":[{"href":"https:\/\/www.blogdopaulonunes.com\/v5\/index.php\/wp-json\/wp\/v2\/posts"}],"about":[{"href":"https:\/\/www.blogdopaulonunes.com\/v5\/index.php\/wp-json\/wp\/v2\/types\/post"}],"author":[{"embeddable":true,"href":"https:\/\/www.blogdopaulonunes.com\/v5\/index.php\/wp-json\/wp\/v2\/users\/2"}],"replies":[{"embeddable":true,"href":"https:\/\/www.blogdopaulonunes.com\/v5\/index.php\/wp-json\/wp\/v2\/comments?post=122673"}],"version-history":[{"count":1,"href":"https:\/\/www.blogdopaulonunes.com\/v5\/index.php\/wp-json\/wp\/v2\/posts\/122673\/revisions"}],"predecessor-version":[{"id":122678,"href":"https:\/\/www.blogdopaulonunes.com\/v5\/index.php\/wp-json\/wp\/v2\/posts\/122673\/revisions\/122678"}],"wp:featuredmedia":[{"embeddable":true,"href":"https:\/\/www.blogdopaulonunes.com\/v5\/index.php\/wp-json\/wp\/v2\/media\/122674"}],"wp:attachment":[{"href":"https:\/\/www.blogdopaulonunes.com\/v5\/index.php\/wp-json\/wp\/v2\/media?parent=122673"}],"wp:term":[{"taxonomy":"category","embeddable":true,"href":"https:\/\/www.blogdopaulonunes.com\/v5\/index.php\/wp-json\/wp\/v2\/categories?post=122673"},{"taxonomy":"post_tag","embeddable":true,"href":"https:\/\/www.blogdopaulonunes.com\/v5\/index.php\/wp-json\/wp\/v2\/tags?post=122673"}],"curies":[{"name":"wp","href":"https:\/\/api.w.org\/{rel}","templated":true}]}}