{"id":122670,"date":"2025-03-14T18:34:03","date_gmt":"2025-03-14T21:34:03","guid":{"rendered":"https:\/\/www.blogdopaulonunes.com\/v5\/?p=122670"},"modified":"2025-03-14T18:34:03","modified_gmt":"2025-03-14T21:34:03","slug":"os-bastidores-da-decisao-que-levou-o-bolsonarista-jorge-guaranho-de-volta-a-prisao","status":"publish","type":"post","link":"https:\/\/www.blogdopaulonunes.com\/v5\/index.php\/2025\/03\/14\/os-bastidores-da-decisao-que-levou-o-bolsonarista-jorge-guaranho-de-volta-a-prisao\/","title":{"rendered":"Os bastidores da decis\u00e3o que levou o bolsonarista Jorge Guaranho de volta \u00e0 pris\u00e3o"},"content":{"rendered":"<p style=\"text-align: justify;\"><strong>Desembargador, mesmo tendo demonstrado simpatia pelo bolsonarismo na rede, tomou decis\u00e3o t\u00e9cnica e autorizou for\u00e7a da policial contra o extremista assassino<\/strong><\/p>\n<p style=\"text-align: justify;\">A atua\u00e7\u00e3o dos advogados da fam\u00edlia de Marcelo Arruda e do Minist\u00e9rio P\u00fablico do Paran\u00e1 foi fundamental para que o bolsonarista Jorge Guaranho, ex-policial penal, voltasse para o pres\u00eddio na manh\u00e3 desta sexta-feira, depois que foi revogada a liminar que lhe concedeu pris\u00e3o domiciliar.<\/p>\n<p style=\"text-align: justify;\">A revoga\u00e7\u00e3o aconteceu na noite de quinta-feira, quando o processo teve movimenta\u00e7\u00e3o sigilosa, mas a condu\u00e7\u00e3o de Guaranho para o Complexo M\u00e9dico Penal (CMP) s\u00f3 ocorreu nesta sexta-feira. A liminar foi revogada pelo mesmo desembargador que concedeu ao ex-policial penal o mesmo benef\u00edcio da pris\u00e3o domiciliar, Gamaliel Seme Scaff.<\/p>\n<p style=\"text-align: justify;\">Em 13 de fevereiro, o Tribunal do J\u00fari de Curitiba condenou Guaranho a 20 anos de pris\u00e3o em regime fechado. No mesmo dia, o desembargador acatou um habeas corpus apresentado pela defesa do ex-policial penal, e concedeu a liminar.<\/p>\n<p style=\"text-align: justify;\">N\u00e3o julgou o m\u00e9rito, mas entendeu que, como Guaranho j\u00e1 vinha cumprindo pris\u00e3o preventiva no domic\u00edlio por raz\u00f5es de sa\u00fade, a situa\u00e7\u00e3o permanecia a mesma. O argumento da defesa de Guaranho era que o CMP n\u00e3o tinha estrutura para o tratamento.<\/p>\n<p style=\"text-align: justify;\">Quando invadiu a festa de Marcelo Arruda, em julho de 2022, por se incomodar com a decora\u00e7\u00e3o (alus\u00e3o ao PT e Lula) e o matou, em julho de 2022, Guaranho tamb\u00e9m levou alguns tiros e ficou com sequelas.<\/p>\n<p style=\"text-align: justify;\">O desembargador Scaff foi muito criticado na rede social por conceder a liminar, e vieram \u00e0 tona algumas postagens que demonstravam simpatia dele por pol\u00edticos de extrema direita, como Jair Bolsonaro.<\/p>\n<p style=\"text-align: justify;\">Ele negou que fosse bolsonarista e recebeu, em seu gabinete, o advogado Daniel Godoy, que atua no caso como assistente de acusa\u00e7\u00e3o, em nome da fam\u00edlia de Marcelo Arruda. Godoy entendeu as raz\u00f5es do desembargador, como afirmou em uma live na TV 247.<\/p>\n<p style=\"text-align: justify;\">Depois dessa reuni\u00e3o e, diante da repercuss\u00e3o e recurso do Minist\u00e9rio P\u00fablico, Seme Scaff determinou nova per\u00edcia m\u00e9dica em Guaranho. O laudo, divulgado alguns dias depois, gerou a desconfian\u00e7a de que o condenado continuaria cumprindo pena em casa, o que pode ser percebido pela sociedade como a garantia de impunidade.<\/p>\n<p style=\"text-align: justify;\">O m\u00e9dico legista que assinou o laudo disse que Guaranho poderia cumprir a pena em pres\u00eddio, desde que houvesse estrutura para oferecer atendimento em nutri\u00e7\u00e3o, fisioterapia, fonoaudiologia, psicologia e odontologia, al\u00e9m de equipe m\u00e9dica.<\/p>\n<p style=\"text-align: justify;\">O desembargador consultou ent\u00e3o o governo do Paran\u00e1, respons\u00e1vel pelo CMP. A resposta foi dada pela Secretaria de Seguran\u00e7a do Paran\u00e1, em 7 de mar\u00e7o.<\/p>\n<p style=\"text-align: justify;\">\u201cA equipe m\u00e9dica deste Complexo M\u00e9dico Penal julga que esta unidade tem os recursos e a capacidade necess\u00e1rios para atender \u00e0s necessidades da PPL Jorge Jos\u00e9 da Rocha Guaranho, exceto o profissional da \u00e1rea de fonoaudiologia, que n\u00e3o faz parte do rol dos servi\u00e7os prestados (&#8230;)\u201d, informou.<\/p>\n<p style=\"text-align: justify;\">\u201cAinda informamos que o CMP conta com o apoio de hospitais de refer\u00eancia para atender \u00e0s necessidades que extrapolam a capacidade de atendimento dentro do Sistema Penal. Ou ainda, conforme o artigo 43 da Lei de Execu\u00e7\u00e3o Penal, a PPL pode contratar m\u00e9dico de sua confian\u00e7a para acompanh\u00e1-lo\u201d, acrescentou.<\/p>\n<p style=\"text-align: justify;\">O laudo \u00e9 assinado por sete profissionais especializados da \u00e1rea de sa\u00fade que trabalham no CMP, al\u00e9m do diretor, Ren\u00ea Maciel Wecoski. Diante dessa manifesta\u00e7\u00e3o, o desembargador decidiu nesta quinta-feira (13\/03) que Guaranho teria que ser levado de volta ao CMP e, num despacho duro, determinou o uso da for\u00e7a policial, se necess\u00e1rio.<\/p>\n<p style=\"text-align: justify;\">\u201cPara o efetivo cumprimento da decis\u00e3o de revoga\u00e7\u00e3o da liminar, considerando que o r\u00e9u est\u00e1 em monitora\u00e7\u00e3o eletr\u00f4nica, autorizo prontamente que as for\u00e7as de seguran\u00e7a p\u00fablica acessem os registros e rastreio da Tornozeleira Eletr\u00f4nica consoante ao r\u00e9u JORGE JOS\u00c9 DA ROCHA GUARANHO. Ainda, autorizo a busca domiciliar no caso de o r\u00e9u, ora paciente, n\u00e3o consentir com a entrada da equipe policial ou objetivar fuga\u201d, escreveu.<\/p>\n<p style=\"text-align: justify;\">O advogado Daniel Godoy, que atua no caso desde a madrugada em que Marcelo Arruda morreu no hospital, depois de levar os tiros de Guaranho, falou sobre o trabalho do desembargador.<\/p>\n<p style=\"text-align: justify;\">\u201cO desembargador Gamaliel foi muito transparente neste processo todo. Caso dif\u00edcil, com contornos apaixonantes, conseguiu atuar dentro da maior racionalidade, em tempos dif\u00edceis\u201d, afirmou.<\/p>\n<p style=\"text-align: justify;\">A resposta da Secretaria de Seguran\u00e7a P\u00fablica do Paran\u00e1 foi interpretada como uma manifesta\u00e7\u00e3o de teor pol\u00edtico, orientada pelo governador Ratinho Jr., do PSD. O blog do Esmael, influente no Estado, afirmou:<\/p>\n<p style=\"text-align: justify;\">\u201cAliado de primeira hora do ex-presidente Jair Bolsonaro (PL), o governador do Paran\u00e1 busca expandir sua influ\u00eancia nacional com os olhos em 2026. Sua gest\u00e3o tem se equilibrado entre n\u00e3o desagradar a base conservadora e evitar embates desnecess\u00e1rios com o governo Lula, do qual o PSD faz parte. Dessa forma, manter Guaranho no regime fechado evita atritos com setores progressistas e refor\u00e7a a imagem de que o estado cumpre a lei, independentemente da press\u00e3o pol\u00edtica.\u201d<\/p>\n<p style=\"text-align: justify;\">Faz sentido, mas a raz\u00e3o, mesmo pol\u00edtica, pode ser outra. Em novembro do ano passado, o CNJ divulgou relat\u00f3rio que aponta falhas graves no Complexo M\u00e9dico Penal.<\/p>\n<p style=\"text-align: justify;\">O governo do Paran\u00e1 se desgastou com esse relat\u00f3rio e, numa disputa eleitoral, Ratinho Jr. poderia ser criticado por comandar um Estado que n\u00e3o consegue manter na cadeia um preso como Guaranho.<\/p>\n<p style=\"text-align: justify;\">Seria um vexame.<\/p>\n<p style=\"text-align: justify;\">Ratinho Jr. pode ser simp\u00e1tico a Bolsonaro, mas n\u00e3o pagaria esse pre\u00e7o para agradar os seguidores do l\u00edderes da extrema direita.<\/p>\n","protected":false},"excerpt":{"rendered":"<p>Desembargador, mesmo tendo demonstrado simpatia pelo bolsonarismo na rede, tomou decis\u00e3o t\u00e9cnica e autorizou for\u00e7a da policial contra o extremista assassino A atua\u00e7\u00e3o dos advogados da fam\u00edlia de Marcelo Arruda e do Minist\u00e9rio P\u00fablico do Paran\u00e1 foi fundamental para que o bolsonarista Jorge Guaranho, ex-policial penal, voltasse para o pres\u00eddio na manh\u00e3 desta sexta-feira, depois [&hellip;]<\/p>\n","protected":false},"author":2,"featured_media":122671,"comment_status":"open","ping_status":"open","sticky":false,"template":"","format":"standard","meta":[],"categories":[75,105],"tags":[1862,5321,169,5320],"_links":{"self":[{"href":"https:\/\/www.blogdopaulonunes.com\/v5\/index.php\/wp-json\/wp\/v2\/posts\/122670"}],"collection":[{"href":"https:\/\/www.blogdopaulonunes.com\/v5\/index.php\/wp-json\/wp\/v2\/posts"}],"about":[{"href":"https:\/\/www.blogdopaulonunes.com\/v5\/index.php\/wp-json\/wp\/v2\/types\/post"}],"author":[{"embeddable":true,"href":"https:\/\/www.blogdopaulonunes.com\/v5\/index.php\/wp-json\/wp\/v2\/users\/2"}],"replies":[{"embeddable":true,"href":"https:\/\/www.blogdopaulonunes.com\/v5\/index.php\/wp-json\/wp\/v2\/comments?post=122670"}],"version-history":[{"count":1,"href":"https:\/\/www.blogdopaulonunes.com\/v5\/index.php\/wp-json\/wp\/v2\/posts\/122670\/revisions"}],"predecessor-version":[{"id":122672,"href":"https:\/\/www.blogdopaulonunes.com\/v5\/index.php\/wp-json\/wp\/v2\/posts\/122670\/revisions\/122672"}],"wp:featuredmedia":[{"embeddable":true,"href":"https:\/\/www.blogdopaulonunes.com\/v5\/index.php\/wp-json\/wp\/v2\/media\/122671"}],"wp:attachment":[{"href":"https:\/\/www.blogdopaulonunes.com\/v5\/index.php\/wp-json\/wp\/v2\/media?parent=122670"}],"wp:term":[{"taxonomy":"category","embeddable":true,"href":"https:\/\/www.blogdopaulonunes.com\/v5\/index.php\/wp-json\/wp\/v2\/categories?post=122670"},{"taxonomy":"post_tag","embeddable":true,"href":"https:\/\/www.blogdopaulonunes.com\/v5\/index.php\/wp-json\/wp\/v2\/tags?post=122670"}],"curies":[{"name":"wp","href":"https:\/\/api.w.org\/{rel}","templated":true}]}}