{"id":122567,"date":"2025-03-07T00:43:48","date_gmt":"2025-03-07T03:43:48","guid":{"rendered":"https:\/\/www.blogdopaulonunes.com\/v5\/?p=122567"},"modified":"2025-03-07T00:43:48","modified_gmt":"2025-03-07T03:43:48","slug":"alimentos-governo-zera-aliquotas-de-importacao-e-anuncia-mais-medidas","status":"publish","type":"post","link":"https:\/\/www.blogdopaulonunes.com\/v5\/index.php\/2025\/03\/07\/alimentos-governo-zera-aliquotas-de-importacao-e-anuncia-mais-medidas\/","title":{"rendered":"Alimentos: governo zera al\u00edquotas de importa\u00e7\u00e3o e anuncia mais medidas"},"content":{"rendered":"<p style=\"text-align: justify;\"><strong>Nos \u00faltimos 12 meses, a infla\u00e7\u00e3o dos alimentos foi de 7,45%, considerando aqueles produtos consumidos nos lares brasileiros<\/strong><\/p>\n<p>O vice-presidente e ministro Geraldo Alckmin anunciou, nesta quinta-feira (6\/3), uma s\u00e9rie de medidas visando a redu\u00e7\u00e3o dos pre\u00e7os dos alimentos. Um dos principais pontos \u00e9 zerar os tributos sobre v\u00e1rios alimentos importados, como caf\u00e9 e carnes.<\/p>\n<h3>Entenda<\/h3>\n<ul>\n<li>Nos \u00faltimos 12 meses, os pre\u00e7os dos alimentos consumidos nos domic\u00edlios subiram 7,45%, segundo o IBGE.\u00a0<strong>O leite longa vida, por exemplo, teve alta de 16,19%, e as carnes aumentaram 21,17% no mesmo per\u00edodo<\/strong>.<\/li>\n<li>O presidente Lula apresentou medidas para conter a alta dos pre\u00e7os dos alimentos. Antes da apresenta\u00e7\u00e3o, Lula se reuniu com ministros da Casa Civil, Agricultura, Desenvolvimento, Desenvolvimento Agr\u00e1rio e Comunica\u00e7\u00e3o Social para discutir as medidas.<\/li>\n<li>As medidas s\u00e3o divulgadas em meio \u00e0 queda da popularidade do governo Lula.\n<ul>\n<li>Caf\u00e9, hoje taxado em 9%;<\/li>\n<li>Azeite de oliva, hoje em 9%;<\/li>\n<li>\u00d3leo de girassol, hoje em 9%;<\/li>\n<li>Milho, hoje em 7,2%<\/li>\n<li>A\u00e7\u00facar, hoje em 14%;<\/li>\n<li>Sardinha, hoje em 32%;<\/li>\n<li>Biscoito, hoje em 16,2%;<\/li>\n<li>Massa aliment\u00edcia, hoje em 14,4%;<\/li>\n<li>Carne, hoje em 10,8%.<\/li>\n<\/ul>\n<\/li>\n<li>A cota de importa\u00e7\u00e3o do \u00f3leo de palma ser\u00e1 ampliada, saindo das atuais 65 mil toneladas para 150 mil toneladas, o que na pr\u00e1tica aumenta a oferta do produto.<\/li>\n<\/ul>\n","protected":false},"excerpt":{"rendered":"<p>Nos \u00faltimos 12 meses, a infla\u00e7\u00e3o dos alimentos foi de 7,45%, considerando aqueles produtos consumidos nos lares brasileiros O vice-presidente e ministro Geraldo Alckmin anunciou, nesta quinta-feira (6\/3), uma s\u00e9rie de medidas visando a redu\u00e7\u00e3o dos pre\u00e7os dos alimentos. Um dos principais pontos \u00e9 zerar os tributos sobre v\u00e1rios alimentos importados, como caf\u00e9 e carnes. [&hellip;]<\/p>\n","protected":false},"author":2,"featured_media":117412,"comment_status":"open","ping_status":"open","sticky":false,"template":"","format":"standard","meta":[],"categories":[130,105],"tags":[668,2165,3622],"_links":{"self":[{"href":"https:\/\/www.blogdopaulonunes.com\/v5\/index.php\/wp-json\/wp\/v2\/posts\/122567"}],"collection":[{"href":"https:\/\/www.blogdopaulonunes.com\/v5\/index.php\/wp-json\/wp\/v2\/posts"}],"about":[{"href":"https:\/\/www.blogdopaulonunes.com\/v5\/index.php\/wp-json\/wp\/v2\/types\/post"}],"author":[{"embeddable":true,"href":"https:\/\/www.blogdopaulonunes.com\/v5\/index.php\/wp-json\/wp\/v2\/users\/2"}],"replies":[{"embeddable":true,"href":"https:\/\/www.blogdopaulonunes.com\/v5\/index.php\/wp-json\/wp\/v2\/comments?post=122567"}],"version-history":[{"count":1,"href":"https:\/\/www.blogdopaulonunes.com\/v5\/index.php\/wp-json\/wp\/v2\/posts\/122567\/revisions"}],"predecessor-version":[{"id":122568,"href":"https:\/\/www.blogdopaulonunes.com\/v5\/index.php\/wp-json\/wp\/v2\/posts\/122567\/revisions\/122568"}],"wp:featuredmedia":[{"embeddable":true,"href":"https:\/\/www.blogdopaulonunes.com\/v5\/index.php\/wp-json\/wp\/v2\/media\/117412"}],"wp:attachment":[{"href":"https:\/\/www.blogdopaulonunes.com\/v5\/index.php\/wp-json\/wp\/v2\/media?parent=122567"}],"wp:term":[{"taxonomy":"category","embeddable":true,"href":"https:\/\/www.blogdopaulonunes.com\/v5\/index.php\/wp-json\/wp\/v2\/categories?post=122567"},{"taxonomy":"post_tag","embeddable":true,"href":"https:\/\/www.blogdopaulonunes.com\/v5\/index.php\/wp-json\/wp\/v2\/tags?post=122567"}],"curies":[{"name":"wp","href":"https:\/\/api.w.org\/{rel}","templated":true}]}}