{"id":122537,"date":"2025-03-03T16:43:09","date_gmt":"2025-03-03T19:43:09","guid":{"rendered":"https:\/\/www.blogdopaulonunes.com\/v5\/?p=122537"},"modified":"2025-03-03T16:43:27","modified_gmt":"2025-03-03T19:43:27","slug":"a-menininha-e-vitoria-da-conquista-ba-o-olhar-para-dentro-de-nos-mesmos","status":"publish","type":"post","link":"https:\/\/www.blogdopaulonunes.com\/v5\/index.php\/2025\/03\/03\/a-menininha-e-vitoria-da-conquista-ba-o-olhar-para-dentro-de-nos-mesmos\/","title":{"rendered":"A Menininha e Vit\u00f3ria da Conquista BA: O olhar para dentro de n\u00f3s mesmos"},"content":{"rendered":"<p><strong>Um pouco da hist\u00f3ria da funda\u00e7\u00e3o de Vit\u00f3ria da Conquista \u2013 BA.<\/strong><\/p>\n<div class=\"post-meta-wrapper post-meta-single post-meta-single-top\">\n<ul class=\"post-meta\">\n<li class=\"post-author meta-wrapper\"><span class=\"meta-icon\"><span class=\"screen-reader-text\">Autor do post <\/span><\/span><span class=\"meta-text\">Por\u00a0<a class=\"ui-link\" href=\"https:\/\/mariaisabelfreitas.com.br\/?author=2\">Maria Isabel Freitas<\/a><\/span><\/li>\n<li class=\"post-date meta-wrapper\"><span class=\"meta-icon\"><span class=\"screen-reader-text\">Data de publica\u00e7\u00e3o<\/span><\/span><span class=\"meta-text\"><a class=\"ui-link\" href=\"https:\/\/mariaisabelfreitas.com.br\/?p=610\">29 de janeiro de 2023<\/a><\/span><\/li>\n<li class=\"post-comment-link meta-wrapper\"><span class=\"meta-text\"><a class=\"ui-link\" href=\"https:\/\/mariaisabelfreitas.com.br\/?p=610#comments\">2 coment\u00e1rios<span class=\"screen-reader-text\">em A Menininha e Vit\u00f3ria da Conquista BA: O olhar para dentro de n\u00f3s mesmos<\/span><\/a><\/span><\/li>\n<li class=\"post-sticky meta-wrapper\"><span class=\"meta-text\">Post fixo<\/span><\/li>\n<\/ul>\n<\/div>\n<figure class=\"featured-media\">\n<div class=\"featured-media-inner section-inner\"><\/div>\n<\/figure>\n<div class=\"post-inner thin \">\n<div class=\"entry-content\">\n<p style=\"text-align: justify;\">Ap\u00f3s muitas viagens \u00e9 normal encontrarmo-nos com n\u00f3s mesmos em lugares nunca visitados, que exploramos pela primeira vez. Foi assim com Conquista, cidade que tem no DNA o mesmo nascer sangrento de tantas cidades do Brasil e de outras partes do mundo. O colonizador chegando com seus soldados, suas armas, seu poder concedido e contratado, bem pago, garantido na pena do governante, com carta branca para ocupar e expropriar.<\/p>\n<p style=\"text-align: justify;\">Uma obra de Jorge Amado muito verdadeira que li a muitos anos chamada\u00a0<em>Tocaia Grande<\/em>\u00a0mostra bem essa triste realidade. Havia hist\u00f3rias e vidas partilhadas, havia amor, havia conflitos, havia equil\u00edbrio e desequil\u00edbrio em tantos personagens de um lugar. Tudo varrido, despeda\u00e7ado para come\u00e7ar a verdadeira hist\u00f3ria, a hist\u00f3ria do colonizador, a hist\u00f3ria oficial com data de funda\u00e7\u00e3o, um lugar \u201cselvagem\u201d transformado em \u201cdesenvolvido\u201d, a forma\u00e7\u00e3o da vila seguida da funda\u00e7\u00e3o da cidade. Foi assim tamb\u00e9m aqui nessa minha morada atual, Rio Claro SP, fundada no caminho do Bandeirante Anhanguera. Mas essa \u00e9 outra hist\u00f3ria.<\/p>\n<p style=\"text-align: justify;\">Em Vit\u00f3ria da Conquista os povos ind\u00edgenas Mongoy\u00f3, Ymbor\u00e9 e Patax\u00f3 ocupavam uma \u00e1rea extensa das margens do Rio Pardo at\u00e9 o Rio das Contas, conhecida como Sert\u00e3o da Ressaca. Os Mongoy\u00f3 tinham cultura que os fixava \u00e0 terra enquanto os demais eram n\u00f4mades. Guerreavam entre si, tinham seus ritos pr\u00f3prios e bem diferenciados. Viraram p\u00f3 todos eles.<\/p>\n<p style=\"text-align: justify;\">A funda\u00e7\u00e3o da cidade \u00e9 atribu\u00edda a um Bandeirante, Jo\u00e3o Gon\u00e7alves da Costa, preto-forro, um ex-escravo que estava a servi\u00e7o da coroa portuguesa para a ocupa\u00e7\u00e3o do territ\u00f3rio e a explora\u00e7\u00e3o do ouro naqueles primeiros tempos de interioriza\u00e7\u00e3o do Brasil. Tinha no curr\u00edculo\u00a0<em>expertise<\/em>\u00a0em dizimar aldeias ind\u00edgenas de forma bruta e violenta, em nada diferente dos demais bandeirantes que desbravaram o territ\u00f3rio do Brasil.<\/p>\n<p>Mas esse era especialmente cruel e, sobre o sangue dos antigos habitantes, plantou Vit\u00f3ria da Conquista.<\/p>\n<p style=\"text-align: justify;\">Conta a hist\u00f3ria que os Mongoy\u00f3 se aliaram aos colonizadores com a promessa de que teriam seu povo preservado. Assim, ajudaram a dizimar primeiro os Ymbor\u00e9 e depois os Patax\u00f3. Mas promessa de colonizador \u00e9 como \u00e1gua, escorrega pelas m\u00e3os e depois de alcan\u00e7arem seus objetivos os colonizadores os escravizaram e transformaram-nos nos inimigos da vez. Surgiu a revolta e se fez necess\u00e1ria a luta.<\/p>\n<p style=\"text-align: justify;\">Em 1752 ocorreu entre os Portugueses e os Mongoy\u00f3 uma sangrenta batalha na qual os homens de Jo\u00e3o Gon\u00e7alves da Costa j\u00e1 estavam praticamente vencidos quando, como conta a hist\u00f3ria oral n\u00e3o documentada, o Bandeirante fez uma promessa \u00e0 Nossa Senhora das Vit\u00f3rias de erguer uma igreja caso vencesse a batalha. A tropa restabelecida pela for\u00e7a da f\u00e9 vence os Mongoy\u00f3 bem naquela colina onde foi erguida a antiga igreja de Vit\u00f3ria da Conquista. E o enfrentamento continuou por longos anos fazendo uso de m\u00e9todos nada ortodoxos como, por exemplo, oferecer roupas infectadas com var\u00edola aos ind\u00edgenas, dentre outras barbaridades. N\u00e3o\u2026 barbaridades n\u00e3o\u2026 b\u00e1rbaros eram os \u00edndios, n\u00e3o os portugueses. Esses \u00faltimos trouxeram a descoberta, o nascimento de um pa\u00eds. \u201cOs fins justificam os meios\u201d poderiam argumentar alguns.<\/p>\n<p style=\"text-align: justify;\">Uma coisa se sabe da lei das guerras: no combate n\u00e3o basta ter for\u00e7a, \u00e9 preciso ter m\u00e9todo. E o m\u00e9todo maquiavelicamente aplicado culminou num banquete, chamado o \u201cbanquete da morte\u201d, no qual os nativos convidados para celebrar uma tr\u00e9gua, uma bandeira branca de paz, foram embriagados e dizimados, homens, mulheres e crian\u00e7as. Assim conta a hist\u00f3ria de como sucumbiu o povo Mongoy\u00f3.<\/p>\n<p style=\"text-align: justify;\">No ano de 1780 o Arraial tinha algumas dezenas de casas. Em 1840 foi elevado \u00e0 Vila Imperial da Vit\u00f3ria, que se tornou cidade no ano de 1891.<\/p>\n<p style=\"text-align: justify;\">E assim come\u00e7ou a hist\u00f3ria daquele lugar.<\/p>\n<p style=\"text-align: justify;\">Embora no local n\u00e3o houvesse ouro, o bravo bandeirante o escolheu para viver, se tornando um poderoso fazendeiro de gado, cujo sobrenome dominou o com\u00e9rcio de carne e leite por mais de um s\u00e9culo.<\/p>\n<p style=\"text-align: justify;\">S\u00e9culos vem, s\u00e9culos v\u00e3o e na nossa hist\u00f3ria do Brasil n\u00e3o h\u00e1 mais nada a inventar.<\/p>\n<p style=\"text-align: justify;\">Quando vemos a situa\u00e7\u00e3o nada diferente dos nossos irm\u00e3os do povoYanomami s\u00f3 podemos lamentar que se reproduza hoje na Amaz\u00f4nia, no ano de 2023, o que sempre foi a pr\u00e1tica de ocupa\u00e7\u00e3o desse nosso lugar: busca de riquezas minerais, descaso e aniquila\u00e7\u00e3o dos nativos e expropria\u00e7\u00e3o das culturas locais para atender interesses outros, interesses alheios aos dos povos origin\u00e1rios. Infelizmente, tamb\u00e9m nesse caso, temos mais do mesmo.<\/p>\n<p>&nbsp;<\/p>\n<figure class=\"wp-block-image size-large\"><img loading=\"lazy\" class=\"wp-image-622\" src=\"http:\/\/mariaisabelfreitas.com.br\/wp-content\/uploads\/2023\/01\/A-cidade-no-comeco-1024x765.jpg\" sizes=\"(max-width: 1024px) 100vw, 1024px\" srcset=\"https:\/\/mariaisabelfreitas.com.br\/wp-content\/uploads\/2023\/01\/A-cidade-no-comeco-1024x765.jpg 1024w, https:\/\/mariaisabelfreitas.com.br\/wp-content\/uploads\/2023\/01\/A-cidade-no-comeco-300x224.jpg 300w, https:\/\/mariaisabelfreitas.com.br\/wp-content\/uploads\/2023\/01\/A-cidade-no-comeco-768x574.jpg 768w, https:\/\/mariaisabelfreitas.com.br\/wp-content\/uploads\/2023\/01\/A-cidade-no-comeco-1536x1147.jpg 1536w, https:\/\/mariaisabelfreitas.com.br\/wp-content\/uploads\/2023\/01\/A-cidade-no-comeco-2048x1530.jpg 2048w, https:\/\/mariaisabelfreitas.com.br\/wp-content\/uploads\/2023\/01\/A-cidade-no-comeco-1200x896.jpg 1200w, https:\/\/mariaisabelfreitas.com.br\/wp-content\/uploads\/2023\/01\/A-cidade-no-comeco-1980x1479.jpg 1980w\" alt=\"\" width=\"1024\" height=\"765\" \/><figcaption class=\"wp-element-caption\">O come\u00e7o de Vit\u00f3ria da Conquista<\/figcaption><\/figure>\n<figure class=\"wp-block-image size-large\"><img loading=\"lazy\" class=\"wp-image-630\" src=\"http:\/\/mariaisabelfreitas.com.br\/wp-content\/uploads\/2023\/01\/O-Bandeirante-de-olhos-verdes-765x1024.jpg\" sizes=\"(max-width: 765px) 100vw, 765px\" srcset=\"https:\/\/mariaisabelfreitas.com.br\/wp-content\/uploads\/2023\/01\/O-Bandeirante-de-olhos-verdes-765x1024.jpg 765w, https:\/\/mariaisabelfreitas.com.br\/wp-content\/uploads\/2023\/01\/O-Bandeirante-de-olhos-verdes-224x300.jpg 224w, https:\/\/mariaisabelfreitas.com.br\/wp-content\/uploads\/2023\/01\/O-Bandeirante-de-olhos-verdes-768x1028.jpg 768w, https:\/\/mariaisabelfreitas.com.br\/wp-content\/uploads\/2023\/01\/O-Bandeirante-de-olhos-verdes-1147x1536.jpg 1147w, https:\/\/mariaisabelfreitas.com.br\/wp-content\/uploads\/2023\/01\/O-Bandeirante-de-olhos-verdes-1530x2048.jpg 1530w, https:\/\/mariaisabelfreitas.com.br\/wp-content\/uploads\/2023\/01\/O-Bandeirante-de-olhos-verdes-1200x1607.jpg 1200w, https:\/\/mariaisabelfreitas.com.br\/wp-content\/uploads\/2023\/01\/O-Bandeirante-de-olhos-verdes-scaled.jpg 1912w\" alt=\"\" width=\"765\" height=\"1024\" \/><figcaption class=\"wp-element-caption\">O Bandeirante de olhos verdes.<\/figcaption><\/figure>\n<figure class=\"wp-block-image size-large\"><img loading=\"lazy\" class=\"wp-image-620\" src=\"http:\/\/mariaisabelfreitas.com.br\/wp-content\/uploads\/2023\/01\/Vitoria-da-Conquista-do-cristo-1024x765.jpg\" sizes=\"auto, (max-width: 1024px) 100vw, 1024px\" srcset=\"https:\/\/mariaisabelfreitas.com.br\/wp-content\/uploads\/2023\/01\/Vitoria-da-Conquista-do-cristo-1024x765.jpg 1024w, https:\/\/mariaisabelfreitas.com.br\/wp-content\/uploads\/2023\/01\/Vitoria-da-Conquista-do-cristo-300x224.jpg 300w, https:\/\/mariaisabelfreitas.com.br\/wp-content\/uploads\/2023\/01\/Vitoria-da-Conquista-do-cristo-768x574.jpg 768w, https:\/\/mariaisabelfreitas.com.br\/wp-content\/uploads\/2023\/01\/Vitoria-da-Conquista-do-cristo-1536x1147.jpg 1536w, https:\/\/mariaisabelfreitas.com.br\/wp-content\/uploads\/2023\/01\/Vitoria-da-Conquista-do-cristo-2048x1530.jpg 2048w, https:\/\/mariaisabelfreitas.com.br\/wp-content\/uploads\/2023\/01\/Vitoria-da-Conquista-do-cristo-1200x896.jpg 1200w, https:\/\/mariaisabelfreitas.com.br\/wp-content\/uploads\/2023\/01\/Vitoria-da-Conquista-do-cristo-1980x1479.jpg 1980w\" alt=\"\" width=\"1024\" height=\"765\" \/><figcaption class=\"wp-element-caption\">Conquista vista do Cristo.<\/figcaption><\/figure>\n<figure class=\"wp-block-gallery has-nested-images columns-default is-cropped wp-block-gallery-2 is-layout-flex wp-block-gallery-is-layout-flex\">\n<figure class=\"wp-block-image size-large\"><img loading=\"lazy\" class=\"wp-image-632\" src=\"http:\/\/mariaisabelfreitas.com.br\/wp-content\/uploads\/2023\/01\/Casario-VC2-1024x1024.jpg\" sizes=\"auto, (max-width: 1024px) 100vw, 1024px\" srcset=\"https:\/\/mariaisabelfreitas.com.br\/wp-content\/uploads\/2023\/01\/Casario-VC2-1024x1024.jpg 1024w, https:\/\/mariaisabelfreitas.com.br\/wp-content\/uploads\/2023\/01\/Casario-VC2-300x300.jpg 300w, https:\/\/mariaisabelfreitas.com.br\/wp-content\/uploads\/2023\/01\/Casario-VC2-150x150.jpg 150w, https:\/\/mariaisabelfreitas.com.br\/wp-content\/uploads\/2023\/01\/Casario-VC2-768x768.jpg 768w, https:\/\/mariaisabelfreitas.com.br\/wp-content\/uploads\/2023\/01\/Casario-VC2-1536x1536.jpg 1536w, https:\/\/mariaisabelfreitas.com.br\/wp-content\/uploads\/2023\/01\/Casario-VC2-1200x1200.jpg 1200w, https:\/\/mariaisabelfreitas.com.br\/wp-content\/uploads\/2023\/01\/Casario-VC2.jpg 1936w\" alt=\"\" width=\"1024\" height=\"1024\" data-id=\"632\" \/><\/figure>\n<figure class=\"wp-block-image size-large\"><img loading=\"lazy\" class=\"wp-image-631\" src=\"http:\/\/mariaisabelfreitas.com.br\/wp-content\/uploads\/2023\/01\/Casario-VC1-1024x765.jpg\" sizes=\"auto, (max-width: 1024px) 100vw, 1024px\" srcset=\"https:\/\/mariaisabelfreitas.com.br\/wp-content\/uploads\/2023\/01\/Casario-VC1-1024x765.jpg 1024w, https:\/\/mariaisabelfreitas.com.br\/wp-content\/uploads\/2023\/01\/Casario-VC1-300x224.jpg 300w, https:\/\/mariaisabelfreitas.com.br\/wp-content\/uploads\/2023\/01\/Casario-VC1-768x574.jpg 768w, https:\/\/mariaisabelfreitas.com.br\/wp-content\/uploads\/2023\/01\/Casario-VC1-1536x1147.jpg 1536w, https:\/\/mariaisabelfreitas.com.br\/wp-content\/uploads\/2023\/01\/Casario-VC1-2048x1530.jpg 2048w, https:\/\/mariaisabelfreitas.com.br\/wp-content\/uploads\/2023\/01\/Casario-VC1-1200x896.jpg 1200w, https:\/\/mariaisabelfreitas.com.br\/wp-content\/uploads\/2023\/01\/Casario-VC1-1980x1479.jpg 1980w\" alt=\"\" width=\"1024\" height=\"765\" data-id=\"631\" \/><\/figure>\n<figure class=\"wp-block-image size-large\"><img loading=\"lazy\" class=\"wp-image-633\" src=\"http:\/\/mariaisabelfreitas.com.br\/wp-content\/uploads\/2023\/01\/Casario-VC3-765x1024.jpg\" sizes=\"auto, (max-width: 765px) 100vw, 765px\" srcset=\"https:\/\/mariaisabelfreitas.com.br\/wp-content\/uploads\/2023\/01\/Casario-VC3-765x1024.jpg 765w, https:\/\/mariaisabelfreitas.com.br\/wp-content\/uploads\/2023\/01\/Casario-VC3-224x300.jpg 224w, https:\/\/mariaisabelfreitas.com.br\/wp-content\/uploads\/2023\/01\/Casario-VC3-768x1028.jpg 768w, https:\/\/mariaisabelfreitas.com.br\/wp-content\/uploads\/2023\/01\/Casario-VC3-1147x1536.jpg 1147w, https:\/\/mariaisabelfreitas.com.br\/wp-content\/uploads\/2023\/01\/Casario-VC3-1530x2048.jpg 1530w, https:\/\/mariaisabelfreitas.com.br\/wp-content\/uploads\/2023\/01\/Casario-VC3-1200x1607.jpg 1200w, https:\/\/mariaisabelfreitas.com.br\/wp-content\/uploads\/2023\/01\/Casario-VC3-scaled.jpg 1912w\" alt=\"\" width=\"765\" height=\"1024\" data-id=\"633\" \/><\/figure>\n<figure class=\"wp-block-image size-large\"><img loading=\"lazy\" class=\"wp-image-625\" src=\"http:\/\/mariaisabelfreitas.com.br\/wp-content\/uploads\/2023\/01\/As-criancas-e-os-prefeitos-1024x765.jpg\" sizes=\"auto, (max-width: 1024px) 100vw, 1024px\" srcset=\"https:\/\/mariaisabelfreitas.com.br\/wp-content\/uploads\/2023\/01\/As-criancas-e-os-prefeitos-1024x765.jpg 1024w, https:\/\/mariaisabelfreitas.com.br\/wp-content\/uploads\/2023\/01\/As-criancas-e-os-prefeitos-300x224.jpg 300w, https:\/\/mariaisabelfreitas.com.br\/wp-content\/uploads\/2023\/01\/As-criancas-e-os-prefeitos-768x574.jpg 768w, https:\/\/mariaisabelfreitas.com.br\/wp-content\/uploads\/2023\/01\/As-criancas-e-os-prefeitos-1536x1147.jpg 1536w, https:\/\/mariaisabelfreitas.com.br\/wp-content\/uploads\/2023\/01\/As-criancas-e-os-prefeitos-2048x1530.jpg 2048w, https:\/\/mariaisabelfreitas.com.br\/wp-content\/uploads\/2023\/01\/As-criancas-e-os-prefeitos-1200x896.jpg 1200w, https:\/\/mariaisabelfreitas.com.br\/wp-content\/uploads\/2023\/01\/As-criancas-e-os-prefeitos-1980x1479.jpg 1980w\" alt=\"\" width=\"1024\" height=\"765\" data-id=\"625\" \/><figcaption class=\"wp-element-caption\">Um pouco das constru\u00e7\u00f5es que contam a hist\u00f3ria de Conquista.<\/figcaption><\/figure>\n<\/figure>\n<p>Fonte: https:\/\/www.pmvc.ba.gov.br\/primeiros-habitantes\/<\/p>\n<p>Fotos: Bel Freitas (2022)<\/p>\n<\/div>\n<\/div>\n","protected":false},"excerpt":{"rendered":"<p>Um pouco da hist\u00f3ria da funda\u00e7\u00e3o de Vit\u00f3ria da Conquista \u2013 BA. Autor do post Por\u00a0Maria Isabel Freitas Data de publica\u00e7\u00e3o29 de janeiro de 2023 2 coment\u00e1riosem A Menininha e Vit\u00f3ria da Conquista BA: O olhar para dentro de n\u00f3s mesmos Post fixo Ap\u00f3s muitas viagens \u00e9 normal encontrarmo-nos com n\u00f3s mesmos em lugares nunca [&hellip;]<\/p>\n","protected":false},"author":2,"featured_media":122538,"comment_status":"open","ping_status":"open","sticky":false,"template":"","format":"standard","meta":[],"categories":[85,72],"tags":[5262,5261,150],"_links":{"self":[{"href":"https:\/\/www.blogdopaulonunes.com\/v5\/index.php\/wp-json\/wp\/v2\/posts\/122537"}],"collection":[{"href":"https:\/\/www.blogdopaulonunes.com\/v5\/index.php\/wp-json\/wp\/v2\/posts"}],"about":[{"href":"https:\/\/www.blogdopaulonunes.com\/v5\/index.php\/wp-json\/wp\/v2\/types\/post"}],"author":[{"embeddable":true,"href":"https:\/\/www.blogdopaulonunes.com\/v5\/index.php\/wp-json\/wp\/v2\/users\/2"}],"replies":[{"embeddable":true,"href":"https:\/\/www.blogdopaulonunes.com\/v5\/index.php\/wp-json\/wp\/v2\/comments?post=122537"}],"version-history":[{"count":2,"href":"https:\/\/www.blogdopaulonunes.com\/v5\/index.php\/wp-json\/wp\/v2\/posts\/122537\/revisions"}],"predecessor-version":[{"id":122540,"href":"https:\/\/www.blogdopaulonunes.com\/v5\/index.php\/wp-json\/wp\/v2\/posts\/122537\/revisions\/122540"}],"wp:featuredmedia":[{"embeddable":true,"href":"https:\/\/www.blogdopaulonunes.com\/v5\/index.php\/wp-json\/wp\/v2\/media\/122538"}],"wp:attachment":[{"href":"https:\/\/www.blogdopaulonunes.com\/v5\/index.php\/wp-json\/wp\/v2\/media?parent=122537"}],"wp:term":[{"taxonomy":"category","embeddable":true,"href":"https:\/\/www.blogdopaulonunes.com\/v5\/index.php\/wp-json\/wp\/v2\/categories?post=122537"},{"taxonomy":"post_tag","embeddable":true,"href":"https:\/\/www.blogdopaulonunes.com\/v5\/index.php\/wp-json\/wp\/v2\/tags?post=122537"}],"curies":[{"name":"wp","href":"https:\/\/api.w.org\/{rel}","templated":true}]}}