{"id":122472,"date":"2025-02-24T09:03:55","date_gmt":"2025-02-24T12:03:55","guid":{"rendered":"https:\/\/www.blogdopaulonunes.com\/v5\/?p=122472"},"modified":"2025-02-24T09:03:55","modified_gmt":"2025-02-24T12:03:55","slug":"obra-da-embasa-ampliara-oferta-de-agua-para-bate-pe-e-regiao","status":"publish","type":"post","link":"https:\/\/www.blogdopaulonunes.com\/v5\/index.php\/2025\/02\/24\/obra-da-embasa-ampliara-oferta-de-agua-para-bate-pe-e-regiao\/","title":{"rendered":"Obra da Embasa ampliar\u00e1 oferta de \u00e1gua para Bate-p\u00e9 e regi\u00e3o"},"content":{"rendered":"<p style=\"text-align: justify;\">Com mais de 50% do servi\u00e7o conclu\u00eddo e 11 quil\u00f4metros de tubula\u00e7\u00e3o implantada, a Embasa segue com a obra de implanta\u00e7\u00e3o da nova adutora de \u00e1gua tratada de Bate-p\u00e9 que possibilitar\u00e1 a amplia\u00e7\u00e3o da oferta de \u00e1gua em cerca de 85% para as localidades da regi\u00e3o onde atualmente s\u00e3o atendidos 1500 im\u00f3veis.<\/p>\n<p style=\"font-weight: 400; text-align: justify;\">O sistema consta com 21 quil\u00f4metros de rede de 200 mil\u00edmetros, tr\u00eas caixas redutoras de press\u00e3o para aliviar a for\u00e7a da \u00e1gua no trecho da serra existente na \u00e1rea e um reservat\u00f3rio de 300 metros c\u00fabicos. Projetada para atender pelos pr\u00f3ximos 30 anos, a nova tubula\u00e7\u00e3o ser\u00e1 adequada ao novo tra\u00e7ado da rodovia que esta sendo pavimentada, substituir\u00e1 a atual rede que passou a apresentar problemas estruturais em raz\u00e3o da exposi\u00e7\u00e3o causada pelas enxurradas, al\u00e9m de possibilitar o atendimento a novas localidades do entorno.<\/p>\n<p style=\"font-weight: 400; text-align: justify;\">De acordo com Manoel Marques, gerente regional da Embasa, \u201cesta \u00e9 uma obra para possibilitar o abastecimento de \u00e1gua com quantidade e qualidade para uma importante \u00e1rea rural do munic\u00edpio. Ap\u00f3s a conclus\u00e3o dos servi\u00e7os, vamos normalizar a distribui\u00e7\u00e3o de \u00e1gua neste \u00faltimo distrito de Vit\u00f3ria da Conquista que j\u00e1 operamos assim como recentemente na regi\u00e3o de S\u00e3o Sebasti\u00e3o e Jos\u00e9 Gon\u00e7alves\u201d, explica o gerente.<\/p>\n<p style=\"font-weight: 400; text-align: justify;\"><strong>Mais \u00e1gua |<\/strong>\u00a0Dos 11 distritos de Vit\u00f3ria da Conquista, a Embasa opera em oito e para atender Cabeceira da Jiboia, Inhobim e Cercadinho, nos pr\u00f3ximos anos ser\u00e3o investidos R$18,5 milh\u00f5es. Essas localidades passar\u00e3o a contar com sistemas de abastecimento cujo projeto prev\u00ea a implanta\u00e7\u00e3o de 82 quil\u00f4metros de adutora, duas esta\u00e7\u00f5es de bombeamento, tr\u00eas reservat\u00f3rios e 30 quil\u00f4metros de rede distribuidora para atender 2.200 im\u00f3veis.<\/p>\n","protected":false},"excerpt":{"rendered":"<p>Com mais de 50% do servi\u00e7o conclu\u00eddo e 11 quil\u00f4metros de tubula\u00e7\u00e3o implantada, a Embasa segue com a obra de implanta\u00e7\u00e3o da nova adutora de \u00e1gua tratada de Bate-p\u00e9 que possibilitar\u00e1 a amplia\u00e7\u00e3o da oferta de \u00e1gua em cerca de 85% para as localidades da regi\u00e3o onde atualmente s\u00e3o atendidos 1500 im\u00f3veis. O sistema consta [&hellip;]<\/p>\n","protected":false},"author":2,"featured_media":122473,"comment_status":"open","ping_status":"open","sticky":false,"template":"","format":"standard","meta":[],"categories":[104,105],"tags":[5243,426,147],"_links":{"self":[{"href":"https:\/\/www.blogdopaulonunes.com\/v5\/index.php\/wp-json\/wp\/v2\/posts\/122472"}],"collection":[{"href":"https:\/\/www.blogdopaulonunes.com\/v5\/index.php\/wp-json\/wp\/v2\/posts"}],"about":[{"href":"https:\/\/www.blogdopaulonunes.com\/v5\/index.php\/wp-json\/wp\/v2\/types\/post"}],"author":[{"embeddable":true,"href":"https:\/\/www.blogdopaulonunes.com\/v5\/index.php\/wp-json\/wp\/v2\/users\/2"}],"replies":[{"embeddable":true,"href":"https:\/\/www.blogdopaulonunes.com\/v5\/index.php\/wp-json\/wp\/v2\/comments?post=122472"}],"version-history":[{"count":1,"href":"https:\/\/www.blogdopaulonunes.com\/v5\/index.php\/wp-json\/wp\/v2\/posts\/122472\/revisions"}],"predecessor-version":[{"id":122474,"href":"https:\/\/www.blogdopaulonunes.com\/v5\/index.php\/wp-json\/wp\/v2\/posts\/122472\/revisions\/122474"}],"wp:featuredmedia":[{"embeddable":true,"href":"https:\/\/www.blogdopaulonunes.com\/v5\/index.php\/wp-json\/wp\/v2\/media\/122473"}],"wp:attachment":[{"href":"https:\/\/www.blogdopaulonunes.com\/v5\/index.php\/wp-json\/wp\/v2\/media?parent=122472"}],"wp:term":[{"taxonomy":"category","embeddable":true,"href":"https:\/\/www.blogdopaulonunes.com\/v5\/index.php\/wp-json\/wp\/v2\/categories?post=122472"},{"taxonomy":"post_tag","embeddable":true,"href":"https:\/\/www.blogdopaulonunes.com\/v5\/index.php\/wp-json\/wp\/v2\/tags?post=122472"}],"curies":[{"name":"wp","href":"https:\/\/api.w.org\/{rel}","templated":true}]}}