{"id":122405,"date":"2025-02-18T09:26:26","date_gmt":"2025-02-18T12:26:26","guid":{"rendered":"https:\/\/www.blogdopaulonunes.com\/v5\/?p=122405"},"modified":"2025-02-18T09:26:26","modified_gmt":"2025-02-18T12:26:26","slug":"1-encontro-dos-amigos-do-eraldo-tinoco-aconteceu-nesse-final-de-semana-em-vitoria-da-conquista","status":"publish","type":"post","link":"https:\/\/www.blogdopaulonunes.com\/v5\/index.php\/2025\/02\/18\/1-encontro-dos-amigos-do-eraldo-tinoco-aconteceu-nesse-final-de-semana-em-vitoria-da-conquista\/","title":{"rendered":"1\u00b0 encontro dos Amigos do Eraldo Tinoco aconteceu nesse final de semana em Vit\u00f3ria da Conquista"},"content":{"rendered":"<p style=\"text-align: justify;\">Neste final de semana, aconteceu o 1\u00b0 encontro dos &#8220;Amigos do Eraldo Tinoco&#8221;. O evento aconteceu no s\u00edtio Social Vip, onde reuniu ex-alunos e ex-professores que foram homenageados.<\/p>\n<p style=\"text-align: justify;\">A programa\u00e7\u00e3o come\u00e7ou \u00e0s 10h e foi uma linda confraterniza\u00e7\u00e3o do grupo relembrando momentos e se deliciando com uma feijoada.<\/p>\n<p style=\"text-align: justify;\">O evento foi promovido pelo Grupo Amigos do antigo Col\u00e9gio estadual Eraldo Tinoco-CEET, com apoio de ex-alunos e ex-professores da \u00e9poca de 1983 a 2004, logo ap\u00f3s o col\u00e9gio passou a ser CPM. Alguns participantes vieram at\u00e9 de outras cidades para rever os amigos e professores da \u00e9poca.<\/p>\n<p style=\"text-align: justify;\">Este encontro \u00e9 foi uma oportunidade importante para homenagear e relembrar a hist\u00f3ria do Eraldo Tinoco-CEET al\u00e9m de propagar e divulgar a cultura do Grupo Amigos do Eraldo Tinoco, mostrando a rica hist\u00f3ria que ultrapassa a \u00e9poca colegial.<\/p>\n<p style=\"text-align: justify;\">A emo\u00e7\u00e3o tomou conta dos participantes presentes ao rever por meio de um memorial fotos de alguns ex-professores, ex-alunos e ex-professores j\u00e1 falecidos.<\/p>\n<p style=\"text-align: justify;\">O evento contou ainda com a participa\u00e7\u00e3o dos artistas e ex-alunos do antigo Col\u00e9gio estadual Eraldo Tinoco-CEET Zico Sales e Beto Tucho, os participantes que levaram seus filhos se divertiram na piscina, sala de jogos e brinquedos oferecidos no espa\u00e7o.<\/p>\n<p style=\"text-align: justify;\">Fonte: Assessoria de Comunica\u00e7\u00e3o amigos do\u00a0Eraldo\u00a0Tinoco.<\/p>\n","protected":false},"excerpt":{"rendered":"<p>Neste final de semana, aconteceu o 1\u00b0 encontro dos &#8220;Amigos do Eraldo Tinoco&#8221;. O evento aconteceu no s\u00edtio Social Vip, onde reuniu ex-alunos e ex-professores que foram homenageados. A programa\u00e7\u00e3o come\u00e7ou \u00e0s 10h e foi uma linda confraterniza\u00e7\u00e3o do grupo relembrando momentos e se deliciando com uma feijoada. O evento foi promovido pelo Grupo Amigos [&hellip;]<\/p>\n","protected":false},"author":2,"featured_media":122406,"comment_status":"open","ping_status":"open","sticky":false,"template":"","format":"standard","meta":[],"categories":[104,105],"tags":[5221,5222,150],"_links":{"self":[{"href":"https:\/\/www.blogdopaulonunes.com\/v5\/index.php\/wp-json\/wp\/v2\/posts\/122405"}],"collection":[{"href":"https:\/\/www.blogdopaulonunes.com\/v5\/index.php\/wp-json\/wp\/v2\/posts"}],"about":[{"href":"https:\/\/www.blogdopaulonunes.com\/v5\/index.php\/wp-json\/wp\/v2\/types\/post"}],"author":[{"embeddable":true,"href":"https:\/\/www.blogdopaulonunes.com\/v5\/index.php\/wp-json\/wp\/v2\/users\/2"}],"replies":[{"embeddable":true,"href":"https:\/\/www.blogdopaulonunes.com\/v5\/index.php\/wp-json\/wp\/v2\/comments?post=122405"}],"version-history":[{"count":1,"href":"https:\/\/www.blogdopaulonunes.com\/v5\/index.php\/wp-json\/wp\/v2\/posts\/122405\/revisions"}],"predecessor-version":[{"id":122407,"href":"https:\/\/www.blogdopaulonunes.com\/v5\/index.php\/wp-json\/wp\/v2\/posts\/122405\/revisions\/122407"}],"wp:featuredmedia":[{"embeddable":true,"href":"https:\/\/www.blogdopaulonunes.com\/v5\/index.php\/wp-json\/wp\/v2\/media\/122406"}],"wp:attachment":[{"href":"https:\/\/www.blogdopaulonunes.com\/v5\/index.php\/wp-json\/wp\/v2\/media?parent=122405"}],"wp:term":[{"taxonomy":"category","embeddable":true,"href":"https:\/\/www.blogdopaulonunes.com\/v5\/index.php\/wp-json\/wp\/v2\/categories?post=122405"},{"taxonomy":"post_tag","embeddable":true,"href":"https:\/\/www.blogdopaulonunes.com\/v5\/index.php\/wp-json\/wp\/v2\/tags?post=122405"}],"curies":[{"name":"wp","href":"https:\/\/api.w.org\/{rel}","templated":true}]}}