{"id":122379,"date":"2025-02-14T12:04:50","date_gmt":"2025-02-14T15:04:50","guid":{"rendered":"https:\/\/www.blogdopaulonunes.com\/v5\/?p=122379"},"modified":"2025-02-14T12:04:50","modified_gmt":"2025-02-14T15:04:50","slug":"comitiva-da-camara-vai-a-governadoria-reivindicar-conclusao-de-obras-em-vitoria-da-conquista","status":"publish","type":"post","link":"https:\/\/www.blogdopaulonunes.com\/v5\/index.php\/2025\/02\/14\/comitiva-da-camara-vai-a-governadoria-reivindicar-conclusao-de-obras-em-vitoria-da-conquista\/","title":{"rendered":"Comitiva da C\u00e2mara vai \u00e0 governadoria reivindicar conclus\u00e3o de obras em Vit\u00f3ria da Conquista"},"content":{"rendered":"<p style=\"text-align: justify;\">Uma comitiva da C\u00e2mara de Vereadores de Vit\u00f3ria da Conquista esteve em Salvador nesta quinta-feira (13) para participar de uma reuni\u00e3o ampliada com o secret\u00e1rio de Rela\u00e7\u00f5es Institucionais do Governo do Estado, Adolpho Loyola, para cobrar celeridade na conclus\u00e3o de obras que est\u00e3o atrasadas em Vit\u00f3ria da Conquista, entre outros assuntos de interesse da regi\u00e3o.<\/p>\n<p style=\"text-align: justify;\">Al\u00e9m do presidente Ivan Cordeiro (PL), foram \u00e0 capital os vereadores Ricardo Gordo (PSB), Fernando Jacar\u00e9 (PT) e Luciano Gomes (PCdoB), al\u00e9m de deputados, empres\u00e1rios, a prefeita de Po\u00e7\u00f5es, Dona Nilda, presidente do Cons\u00f3rcio Intermunicipal do Sudoeste da Bahia, e o prefeito de Encruzilhada, Dr. Pedrinho, presidente do Cons\u00f3rcio Intermunicipal do Vale do Rio Gavi\u00e3o (Civalerg).<\/p>\n<p style=\"text-align: justify;\">Ivan Cordeiro buscou o apoio do Governo do Estado e dos deputados estaduais para a cria\u00e7\u00e3o da Regi\u00e3o Metropolitana do Sudoeste da Bahia, cujo projeto j\u00e1 tramita na Assembleia Legislativa da Bahia: \u201cEssa regi\u00e3o \u00e9 composta por 37 munic\u00edpios com mais de 1 milh\u00e3o de habitantes, onde os munic\u00edpios possuem uma rela\u00e7\u00e3o de interdepend\u00eancia (com Vit\u00f3ria da Conquista) e s\u00e3o crit\u00e9rios importantes para a cria\u00e7\u00e3o da Regi\u00e3o Metropolitana. J\u00e1 fizemos uma audi\u00eancia p\u00fablica em Vit\u00f3ria da Conquista, onde v\u00e1rios prefeitos e vereadores participaram e temos o apoio dos prefeitos dos cons\u00f3rcios. Conquista j\u00e1 \u00e9 uma cidade polo, uma cidade-sede de fato, mas criando a Regi\u00e3o a gente vai ser de fato e de direito, buscando cada vez mais desenvolvimento, n\u00e3o s\u00f3 para Conquista, mas para toda a regi\u00e3o Sudoeste\u201d.<\/p>\n<p style=\"text-align: justify;\">O vice-presidente da C\u00e2mara Luciano Gomes avaliou a reuni\u00e3o como \u201csuper proveitosa\u201d e se disse satisfeito. \u201cTodos est\u00e1vamos discutindo melhorias para Vit\u00f3ria da Conquista, junto com o Governo do Estado, trazendo demandas importantes, algumas recorrentes como a quest\u00e3o da Via Bahia, que n\u00e3o cumpriu o contrato, deixando nossas rodovias acabadas e que agora, com a sa\u00edda do cons\u00f3rcio, vai possibilitar ao Governo do Estado investimentos para melhorar as condi\u00e7\u00f5es do tr\u00e1fego em nossa regi\u00e3o. Debatemos ainda sobre o g\u00e1s, os viadutos e outras obras extremamente importantes para o desenvolvimento e seguran\u00e7a da nossa regi\u00e3o\u201d, afirmou.<\/p>\n<p style=\"text-align: justify;\">O secret\u00e1rio Adolpho Loyola reconheceu a import\u00e2ncia de manter di\u00e1logo permanente com os setores produtivos e pol\u00edticos, afirmando ser uma caracter\u00edstica do Governo do Estado, e prometeu continuar escutando os setores e o poder p\u00fablico municipal, colocando o Estado \u00e0 disposi\u00e7\u00e3o. Sobre as obras em atraso, Loyola disse que v\u00e1rias \u00e1reas ser\u00e3o atendidas em Vit\u00f3ria da Conquista: \u201cN\u00f3s vamos ajustar as obras que est\u00e3o em atraso, inclusive temos outras obras tamb\u00e9m na \u00e1rea de saneamento e educa\u00e7\u00e3o, com uma reformula\u00e7\u00e3o geral nos nossos pr\u00e9dios escolares estaduais. E tem essas obras de infraestrutura que est\u00e3o um pouco atrasadas. Mas n\u00f3s vamos fazer uma reuni\u00e3o com os demais \u00f3rg\u00e3os do governo para ajustar isso. Para n\u00f3s \u00e9 importante\u201d.<\/p>\n<p style=\"text-align: justify;\">Os resultados dessa reuni\u00e3o ser\u00e3o repercutidos nessa sexta-feira (14), em Vit\u00f3ria da Conquista, durante a sess\u00e3o ordin\u00e1ria da C\u00e2mara de Vereadores.<\/p>\n<p>Por Andr\u00e9a P\u00f3voas<\/p>\n","protected":false},"excerpt":{"rendered":"<p>Uma comitiva da C\u00e2mara de Vereadores de Vit\u00f3ria da Conquista esteve em Salvador nesta quinta-feira (13) para participar de uma reuni\u00e3o ampliada com o secret\u00e1rio de Rela\u00e7\u00f5es Institucionais do Governo do Estado, Adolpho Loyola, para cobrar celeridade na conclus\u00e3o de obras que est\u00e3o atrasadas em Vit\u00f3ria da Conquista, entre outros assuntos de interesse da regi\u00e3o. [&hellip;]<\/p>\n","protected":false},"author":2,"featured_media":122380,"comment_status":"open","ping_status":"open","sticky":false,"template":"","format":"standard","meta":[],"categories":[81,105],"tags":[5205],"_links":{"self":[{"href":"https:\/\/www.blogdopaulonunes.com\/v5\/index.php\/wp-json\/wp\/v2\/posts\/122379"}],"collection":[{"href":"https:\/\/www.blogdopaulonunes.com\/v5\/index.php\/wp-json\/wp\/v2\/posts"}],"about":[{"href":"https:\/\/www.blogdopaulonunes.com\/v5\/index.php\/wp-json\/wp\/v2\/types\/post"}],"author":[{"embeddable":true,"href":"https:\/\/www.blogdopaulonunes.com\/v5\/index.php\/wp-json\/wp\/v2\/users\/2"}],"replies":[{"embeddable":true,"href":"https:\/\/www.blogdopaulonunes.com\/v5\/index.php\/wp-json\/wp\/v2\/comments?post=122379"}],"version-history":[{"count":1,"href":"https:\/\/www.blogdopaulonunes.com\/v5\/index.php\/wp-json\/wp\/v2\/posts\/122379\/revisions"}],"predecessor-version":[{"id":122381,"href":"https:\/\/www.blogdopaulonunes.com\/v5\/index.php\/wp-json\/wp\/v2\/posts\/122379\/revisions\/122381"}],"wp:featuredmedia":[{"embeddable":true,"href":"https:\/\/www.blogdopaulonunes.com\/v5\/index.php\/wp-json\/wp\/v2\/media\/122380"}],"wp:attachment":[{"href":"https:\/\/www.blogdopaulonunes.com\/v5\/index.php\/wp-json\/wp\/v2\/media?parent=122379"}],"wp:term":[{"taxonomy":"category","embeddable":true,"href":"https:\/\/www.blogdopaulonunes.com\/v5\/index.php\/wp-json\/wp\/v2\/categories?post=122379"},{"taxonomy":"post_tag","embeddable":true,"href":"https:\/\/www.blogdopaulonunes.com\/v5\/index.php\/wp-json\/wp\/v2\/tags?post=122379"}],"curies":[{"name":"wp","href":"https:\/\/api.w.org\/{rel}","templated":true}]}}