{"id":122292,"date":"2025-02-08T08:16:20","date_gmt":"2025-02-08T11:16:20","guid":{"rendered":"https:\/\/www.blogdopaulonunes.com\/v5\/?p=122292"},"modified":"2025-02-08T08:16:20","modified_gmt":"2025-02-08T11:16:20","slug":"r-134-bilhao-garantem-mais-acesso-a-agua-saneamento-e-infraestrutura-na-bahia","status":"publish","type":"post","link":"https:\/\/www.blogdopaulonunes.com\/v5\/index.php\/2025\/02\/08\/r-134-bilhao-garantem-mais-acesso-a-agua-saneamento-e-infraestrutura-na-bahia\/","title":{"rendered":"R$ 1,34 bilh\u00e3o garantem mais acesso \u00e0 \u00e1gua, saneamento e infraestrutura na Bahia"},"content":{"rendered":"<div style=\"text-align: justify;\">Com um investimento total de R$ 1,34 bilh\u00e3o, que engloba entregas, novos an\u00fancios e assinaturas de atos, os governos federal e estadual refor\u00e7am o compromisso de levar \u00e1gua de qualidade para a popula\u00e7\u00e3o baiana. Nesta sexta-feira (7), em Paramirim, foram entregues novas obras para ampliar o acesso \u00e0 \u00e1gua, melhorar o saneamento e fortalecer a infraestrutura no estado. Entre elas, est\u00e3o o Sistema Integrado de Abastecimento de \u00c1gua (Siaa) do Zabumb\u00e3o, o Sistema de Esgotamento Sanit\u00e1rio (SES) de Paramirim e a 1\u00aa etapa da Adutora da F\u00e9. A cerim\u00f4nia contou com a presen\u00e7a do presidente Luiz In\u00e1cio Lula da Silva, do governador Jer\u00f4nimo Rodrigues e dos ministros Rui Costa (Casa Civil), Waldez G\u00f3es (Integra\u00e7\u00e3o e Desenvolvimento Regional), Jader Filho (Cidades) e Sid\u00f4nio Palmeira (Comunica\u00e7\u00e3o Social).<\/div>\n<div style=\"text-align: justify;\"><\/div>\n<div style=\"text-align: justify;\">Durante o evento, Lula afirmou que levar \u00e1gua para quem mais precisa \u00e9 uma prioridade do governo: &#8220;nenhuma fam\u00edlia deveria sofrer com a falta de \u00e1gua. Esses investimentos mostram que estamos cuidando do povo e garantindo dignidade&#8221;.<\/div>\n<div style=\"text-align: justify;\"><\/div>\n<div style=\"text-align: justify;\">Jer\u00f4nimo Rodrigues refor\u00e7ou a import\u00e2ncia das obras para a Bahia: &#8220;\u00e1gua \u00e9 vida, \u00e9 desenvolvimento. Esses projetos trazem mais seguran\u00e7a h\u00eddrica para a popula\u00e7\u00e3o e fortalecem o crescimento das cidades do interior&#8221;.<\/div>\n<div style=\"text-align: justify;\"><\/div>\n<div style=\"text-align: justify;\">As entregas v\u00e3o transformar a vida de milhares de moradores. Com investimento de mais de R$ 259 milh\u00f5es, a amplia\u00e7\u00e3o do sistema de abastecimento do Zabumb\u00e3o levar\u00e1 \u00e1gua a munic\u00edpios como Boquira, Botupor\u00e3, Paramirim, Caturama, Rio do Pires e Ibipitanga, bem como a 10 localidades nos munic\u00edpios de Ibitiara, Ibipitanga e Boquira. J\u00e1 a Adutora da F\u00e9, em Bom Jesus da Lapa, recebeu R$ 47,3 milh\u00f5es para garantir \u00e1gua para cerca de 47 mil pessoas. Al\u00e9m disso, foi conclu\u00edda a amplia\u00e7\u00e3o do sistema de esgoto em Paramirim, que beneficia mais de 20 mil moradores, que contou com mais de R$ 26 milh\u00f5es.<\/div>\n<div><a href=\"https:\/\/www.blogdopaulonunes.com\/v5\/wp-content\/uploads\/2025\/02\/Estacao-de-tratamento-Paramirim.jpg\"><img loading=\"lazy\" class=\"aligncenter size-full wp-image-122293\" src=\"https:\/\/www.blogdopaulonunes.com\/v5\/wp-content\/uploads\/2025\/02\/Estacao-de-tratamento-Paramirim.jpg\" alt=\"\" width=\"398\" height=\"229\" \/><\/a><\/div>\n<div style=\"text-align: justify;\"><\/div>\n<div style=\"text-align: justify;\">Maria Carmen, moradora de Paramirim, celebrou a chegada das melhorias: &#8220;aqui, a gente sempre viveu na incerteza, sem saber se ia ter \u00e1gua amanh\u00e3. Agora, podemos ter mais tranquilidade, cuidar da casa e da fam\u00edlia sem esse medo\u201d.<\/div>\n<div><\/div>\n<div><b>Novos investimentos<\/b><\/div>\n<div style=\"text-align: justify;\"><\/div>\n<div style=\"text-align: justify;\">Novos investimentos tamb\u00e9m foram autorizados para expandir o acesso \u00e0 \u00e1gua no estado. A segunda etapa da Adutora da F\u00e9 receber\u00e1 R$ 258,7 milh\u00f5es, atendendo Bom Jesus da Lapa, Riacho de Santana, Igapor\u00e3 e 53 comunidades rurais. Com 95,2 km de extens\u00e3o, o projeto deve beneficiar 140 mil pessoas at\u00e9 2040.<\/div>\n<div style=\"text-align: justify;\"><\/div>\n<div style=\"text-align: justify;\">Outro investimento importante \u00e9 a constru\u00e7\u00e3o da Barragem de Rio da Caixa, em Rio do Pires, que contar\u00e1 com R$ 123,1 milh\u00f5es para aumentar a oferta de \u00e1gua e minimizar os efeitos da seca. Tamb\u00e9m foi assinada a ordem de servi\u00e7o para a primeira etapa do Canal do Sert\u00e3o Baiano, em Juazeiro, que ter\u00e1 R$ 118,8 milh\u00f5es para refor\u00e7ar o abastecimento na regi\u00e3o.<\/div>\n<div style=\"text-align: justify;\"><\/div>\n<div style=\"text-align: justify;\">O ministro Rui Costa ressaltou o impacto dessas a\u00e7\u00f5es: &#8220;as novas autoriza\u00e7\u00f5es garantem melhorias essenciais para os baianos, levando mais infraestrutura, sa\u00fade e qualidade de vida para quem mais precisa\u201d.<\/div>\n<div><\/div>\n<div><b>Novas autoriza\u00e7\u00f5es<\/b><\/div>\n<div><\/div>\n<div style=\"text-align: justify;\">O Governo Federal tamb\u00e9m autorizou novas obras para ampliar a infraestrutura no estado. Foram abertas licita\u00e7\u00f5es para sistemas de abastecimento de \u00e1gua em cidades como Entre Rios, Jaguarari, Carinhanha, Feira da Mata, Livramento de Nossa Senhora, Juazeiro e Dom Bas\u00edlio.<\/div>\n<div style=\"text-align: justify;\"><\/div>\n<div style=\"text-align: justify;\">Est\u00e3o previstas, ainda, a constru\u00e7\u00e3o da Maternidade Vale do Jiquiri\u00e7\u00e1, em Amargosa, com R$ 75 milh\u00f5es, e do Hospital e Maternidade Regional do Sisal, em Serrinha, que ter\u00e1 um investimento de R$ 173,8 milh\u00f5es. Tamb\u00e9m haver\u00e1 obras de macrodrenagem na Baixa do Fiscal, em Salvador, e conten\u00e7\u00e3o de encostas na capital, Itabuna e Ilh\u00e9us.<\/div>\n<div style=\"text-align: justify;\"><\/div>\n<div style=\"text-align: justify;\"><b><i>Rep\u00f3rter: T\u00e1cio Santos\/GOVBA<\/i><\/b><\/div>\n","protected":false},"excerpt":{"rendered":"<p>Com um investimento total de R$ 1,34 bilh\u00e3o, que engloba entregas, novos an\u00fancios e assinaturas de atos, os governos federal e estadual refor\u00e7am o compromisso de levar \u00e1gua de qualidade para a popula\u00e7\u00e3o baiana. Nesta sexta-feira (7), em Paramirim, foram entregues novas obras para ampliar o acesso \u00e0 \u00e1gua, melhorar o saneamento e fortalecer a [&hellip;]<\/p>\n","protected":false},"author":2,"featured_media":122294,"comment_status":"open","ping_status":"open","sticky":false,"template":"","format":"standard","meta":[],"categories":[105],"tags":[674,5177,1044,5178],"_links":{"self":[{"href":"https:\/\/www.blogdopaulonunes.com\/v5\/index.php\/wp-json\/wp\/v2\/posts\/122292"}],"collection":[{"href":"https:\/\/www.blogdopaulonunes.com\/v5\/index.php\/wp-json\/wp\/v2\/posts"}],"about":[{"href":"https:\/\/www.blogdopaulonunes.com\/v5\/index.php\/wp-json\/wp\/v2\/types\/post"}],"author":[{"embeddable":true,"href":"https:\/\/www.blogdopaulonunes.com\/v5\/index.php\/wp-json\/wp\/v2\/users\/2"}],"replies":[{"embeddable":true,"href":"https:\/\/www.blogdopaulonunes.com\/v5\/index.php\/wp-json\/wp\/v2\/comments?post=122292"}],"version-history":[{"count":1,"href":"https:\/\/www.blogdopaulonunes.com\/v5\/index.php\/wp-json\/wp\/v2\/posts\/122292\/revisions"}],"predecessor-version":[{"id":122295,"href":"https:\/\/www.blogdopaulonunes.com\/v5\/index.php\/wp-json\/wp\/v2\/posts\/122292\/revisions\/122295"}],"wp:featuredmedia":[{"embeddable":true,"href":"https:\/\/www.blogdopaulonunes.com\/v5\/index.php\/wp-json\/wp\/v2\/media\/122294"}],"wp:attachment":[{"href":"https:\/\/www.blogdopaulonunes.com\/v5\/index.php\/wp-json\/wp\/v2\/media?parent=122292"}],"wp:term":[{"taxonomy":"category","embeddable":true,"href":"https:\/\/www.blogdopaulonunes.com\/v5\/index.php\/wp-json\/wp\/v2\/categories?post=122292"},{"taxonomy":"post_tag","embeddable":true,"href":"https:\/\/www.blogdopaulonunes.com\/v5\/index.php\/wp-json\/wp\/v2\/tags?post=122292"}],"curies":[{"name":"wp","href":"https:\/\/api.w.org\/{rel}","templated":true}]}}