{"id":122265,"date":"2025-02-01T11:29:12","date_gmt":"2025-02-01T14:29:12","guid":{"rendered":"https:\/\/www.blogdopaulonunes.com\/v5\/?p=122265"},"modified":"2025-02-01T11:29:12","modified_gmt":"2025-02-01T14:29:12","slug":"cobertura-vacinal-supera-a-meta-de-95-em-varias-cidades-do-brasil","status":"publish","type":"post","link":"https:\/\/www.blogdopaulonunes.com\/v5\/index.php\/2025\/02\/01\/cobertura-vacinal-supera-a-meta-de-95-em-varias-cidades-do-brasil\/","title":{"rendered":"Cobertura vacinal supera a meta de 95% em v\u00e1rias cidades do Brasil"},"content":{"rendered":"<p style=\"text-align: justify;\">Nos \u00faltimos dois anos, a cobertura vacinal cresceu no Brasil. Dados do Minist\u00e9rio da Sa\u00fade mostram que houve um aumento no n\u00famero de munic\u00edpios que superaram a meta de 95% de imuniza\u00e7\u00e3o para as vacinas essenciais do calend\u00e1rio infantil.<\/p>\n<p style=\"text-align: justify;\">A vacina tr\u00edplice viral, que protege contra sarampo, caxumba e rub\u00e9ola, \u00e9 um exemplo desse avan\u00e7o. Em 2024, a primeira dose foi aplicada em 3.870 munic\u00edpios, superando as 2.485 cidades de 2022, o que representa um aumento de 55,7%. Apenas em Sergipe, o n\u00famero de munic\u00edpios que atingiram a meta na primeira dose subiu de 28 para 47. Na segunda dose, o aumento foi de 11 para 26 munic\u00edpios.<\/p>\n<p style=\"text-align: justify;\">O n\u00famero de cidades que atingiram a meta da Vacina Oral Poliomielite (VOP) tamb\u00e9m cresceu. Em n\u00edvel nacional, o n\u00famero de cidades com a cobertura da VOP passou de 1.466 em 2022 para 2.825 em 2024, um aumento de quase 93%. O pa\u00eds est\u00e1 h\u00e1 34 anos sem a doen\u00e7a, gra\u00e7as \u00e0 vacina\u00e7\u00e3o em massa da popula\u00e7\u00e3o.<\/p>\n<p style=\"text-align: justify;\">Henrique Lacerda, infectologista e coordenador do Servi\u00e7o de Controle de Infec\u00e7\u00e3o Hospitalar do Hospital Anchieta, explica que \u00e9 necess\u00e1rio ampliar a cobertura vacinal, pois isso evita que doen\u00e7as que j\u00e1 foram eliminadas ressurjam.<\/p>\n<p style=\"text-align: justify;\">\u201cE essas doen\u00e7as que j\u00e1 foram eliminadas ou controladas, principalmente no Brasil, como a poliomielite, o sarampo, elas podem voltar a circular caso a vacina\u00e7\u00e3o n\u00e3o atinja n\u00edveis adequados. E al\u00e9m de proteger diretamente a pessoa que recebe a vacina, a imuniza\u00e7\u00e3o em massa, ela cria uma barreira que conta como uma prote\u00e7\u00e3o coletiva\u201d, informa.<\/p>\n<p style=\"text-align: justify;\">O infectologista afirma que assim \u00e9 poss\u00edvel reduzir a cadeia de transmiss\u00e3o de agentes infecciosos e proteger aqueles que n\u00e3o podem ser vacinados por algum motivo, principalmente rec\u00e9m-nascidos e pessoas mais suscet\u00edveis a doen\u00e7as.<\/p>\n<h2>Desafios<\/h2>\n<p style=\"text-align: justify;\">O infectologista destaca\u00a0que, apesar do avan\u00e7o na cobertura vacinal, o Brasil ainda enfrenta diversos desafios. Ele aponta\u00a0que a desinforma\u00e7\u00e3o \u00e9 um dos principais obst\u00e1culos, j\u00e1 que contribui para a hesita\u00e7\u00e3o vacinal e a dissemina\u00e7\u00e3o de mitos sobre as vacinas.<\/p>\n<p style=\"text-align: justify;\">\u201cOutro ponto crucial \u00e9 a necessidade de campanhas constantes para conscientizar a popula\u00e7\u00e3o sobre a import\u00e2ncia de vacinar. A gente precisa combater a falsa informa\u00e7\u00e3o, e tamb\u00e9m a falsa seguran\u00e7a em rela\u00e7\u00e3o a doen\u00e7as erradicadas\u201d, ressalta.<\/p>\n<p style=\"text-align: justify;\">Al\u00e9m disso, Henrique Lacerda aponta que barreiras log\u00edsticas, como o acesso limitado a unidades de sa\u00fade em regi\u00f5es remotas, tamb\u00e9m impactam negativamente nos \u00edndices de vacina\u00e7\u00e3o.<\/p>\n<p style=\"text-align: justify;\">O Brasil vinha enfrentando quedas na cobertura vacinal desde 2016. Com o lan\u00e7amento do Movimento Nacional pela Vacina\u00e7\u00e3o, em 2023, o pa\u00eds reverteu esse cen\u00e1rio. Em 2024, 15 das 16 vacinas recomendadas para o p\u00fablico infantil registraram aumento.<\/p>\n<p style=\"text-align: justify;\">Em 2024, o Minist\u00e9rio da Sa\u00fade anunciou um or\u00e7amento superior a R$ 7 bilh\u00f5es para o Plano de Vacina\u00e7\u00e3o de 2025. Esse valor possibilita a compra de pelo menos 260 milh\u00f5es de doses, garantindo o abastecimento em todo o territ\u00f3rio nacional.<\/p>\n<p>Fonte: <a href=\"https:\/\/brasil61.com\/n\/cobertura-vacinal-supera-a-meta-de-95-em-varias-cidades-do-brasil-bras2513403?email=paulonunes4@gmail.com&amp;utm_source=email_individual&amp;utm_medium=email_individual&amp;utm_campaign=email_individual\" target=\"_blank\" rel=\"noopener\">Brasil 61<\/a><\/p>\n","protected":false},"excerpt":{"rendered":"<p>Nos \u00faltimos dois anos, a cobertura vacinal cresceu no Brasil. Dados do Minist\u00e9rio da Sa\u00fade mostram que houve um aumento no n\u00famero de munic\u00edpios que superaram a meta de 95% de imuniza\u00e7\u00e3o para as vacinas essenciais do calend\u00e1rio infantil. A vacina tr\u00edplice viral, que protege contra sarampo, caxumba e rub\u00e9ola, \u00e9 um exemplo desse avan\u00e7o. [&hellip;]<\/p>\n","protected":false},"author":2,"featured_media":122266,"comment_status":"open","ping_status":"open","sticky":false,"template":"","format":"standard","meta":[],"categories":[29,105],"tags":[5173,275,640],"_links":{"self":[{"href":"https:\/\/www.blogdopaulonunes.com\/v5\/index.php\/wp-json\/wp\/v2\/posts\/122265"}],"collection":[{"href":"https:\/\/www.blogdopaulonunes.com\/v5\/index.php\/wp-json\/wp\/v2\/posts"}],"about":[{"href":"https:\/\/www.blogdopaulonunes.com\/v5\/index.php\/wp-json\/wp\/v2\/types\/post"}],"author":[{"embeddable":true,"href":"https:\/\/www.blogdopaulonunes.com\/v5\/index.php\/wp-json\/wp\/v2\/users\/2"}],"replies":[{"embeddable":true,"href":"https:\/\/www.blogdopaulonunes.com\/v5\/index.php\/wp-json\/wp\/v2\/comments?post=122265"}],"version-history":[{"count":1,"href":"https:\/\/www.blogdopaulonunes.com\/v5\/index.php\/wp-json\/wp\/v2\/posts\/122265\/revisions"}],"predecessor-version":[{"id":122267,"href":"https:\/\/www.blogdopaulonunes.com\/v5\/index.php\/wp-json\/wp\/v2\/posts\/122265\/revisions\/122267"}],"wp:featuredmedia":[{"embeddable":true,"href":"https:\/\/www.blogdopaulonunes.com\/v5\/index.php\/wp-json\/wp\/v2\/media\/122266"}],"wp:attachment":[{"href":"https:\/\/www.blogdopaulonunes.com\/v5\/index.php\/wp-json\/wp\/v2\/media?parent=122265"}],"wp:term":[{"taxonomy":"category","embeddable":true,"href":"https:\/\/www.blogdopaulonunes.com\/v5\/index.php\/wp-json\/wp\/v2\/categories?post=122265"},{"taxonomy":"post_tag","embeddable":true,"href":"https:\/\/www.blogdopaulonunes.com\/v5\/index.php\/wp-json\/wp\/v2\/tags?post=122265"}],"curies":[{"name":"wp","href":"https:\/\/api.w.org\/{rel}","templated":true}]}}