{"id":122032,"date":"2025-01-16T10:37:35","date_gmt":"2025-01-16T13:37:35","guid":{"rendered":"https:\/\/www.blogdopaulonunes.com\/v5\/?p=122032"},"modified":"2025-01-16T10:37:50","modified_gmt":"2025-01-16T13:37:50","slug":"grupo-prerrogativas-vai-acionar-ministerio-publico-e-conselho-de-etica-da-camara-contra-nikolas-ferreira-por-video-sobre-pix","status":"publish","type":"post","link":"https:\/\/www.blogdopaulonunes.com\/v5\/index.php\/2025\/01\/16\/grupo-prerrogativas-vai-acionar-ministerio-publico-e-conselho-de-etica-da-camara-contra-nikolas-ferreira-por-video-sobre-pix\/","title":{"rendered":"Grupo Prerrogativas vai acionar Minist\u00e9rio P\u00fablico e Conselho de \u00c9tica da C\u00e2mara contra Nikolas Ferreira por v\u00eddeo sobre PIX"},"content":{"rendered":"<p style=\"text-align: justify;\"><strong>Prerrogativas articula cassa\u00e7\u00e3o do deputado bolsonarista<\/strong><\/p>\n<div id=\"__next\">\n<div class=\"container\">\n<div class=\"mainCols article\">\n<div class=\"main--left\">\n<article class=\"article__full\">\n<div class=\"article__text marginTop30 article_speakable\">\n<div data-cy=\"articleBody\">\n<p style=\"text-align: justify;\">\u00a0O grupo de advogados Prerrogativas est\u00e1 preparando representa\u00e7\u00f5es contra o deputado federal Nikolas Ferreira (PL-MG) no Minist\u00e9rio P\u00fablico Federal (MPF) e no Conselho de \u00c9tica da C\u00e2mara dos Deputados. A iniciativa \u00e9 uma resposta \u00e0 divulga\u00e7\u00e3o de um v\u00eddeo publicado pelo parlamentar que critica as regras de fiscaliza\u00e7\u00e3o do Pix, o qual viralizou nas redes sociais. As informa\u00e7\u00f5es s\u00e3o da jornalista\u00a0<a href=\"https:\/\/www1.folha.uol.com.br\/colunas\/monicabergamo\/2025\/01\/grupo-de-advogados-vai-acionar-mpf-contra-nikolas-ferreira-por-video-sobre-pix.shtml\" target=\"_blank\" rel=\"noopener noreferrer\"><b>M\u00f4nica Bergamo<\/b><\/a>, da Folha de S.Paulo.<\/p>\n<p style=\"text-align: justify;\">Segundo o Prerrogativas, Nikolas Ferreira teria incentivado a sonega\u00e7\u00e3o fiscal e atuado de forma contr\u00e1ria \u00e0 fiscaliza\u00e7\u00e3o tribut\u00e1ria. O grupo tamb\u00e9m est\u00e1 articulando com a bancada do PT um pedido de cassa\u00e7\u00e3o do mandato do deputado e avalia medidas no campo criminal.<\/p>\n<p style=\"text-align: justify;\">Em resposta, Nikolas afirmou que os membros do Prerrogativas &#8220;est\u00e3o sem o que fazer&#8221;. J\u00e1 o advogado Marco Aur\u00e9lio de Carvalho, coordenador do grupo, declarou: &#8220;Ele n\u00e3o est\u00e1 \u00e0 altura da confian\u00e7a depositada por milhares de brasileiros nas \u00faltimas elei\u00e7\u00f5es. \u00c9 uma postura extremamente grave, e temos que tomar uma medida pedag\u00f3gica.&#8221;<\/p>\n<p style=\"text-align: justify;\">No v\u00eddeo publicado, Nikolas critica o governo, afirmando que a fiscaliza\u00e7\u00e3o do Pix visa apenas aumentar a arrecada\u00e7\u00e3o sem oferecer benef\u00edcios \u00e0 popula\u00e7\u00e3o. Ele ainda sugeriu que comerciantes poderiam deixar de aceitar pagamentos via Pix e cart\u00e3o de cr\u00e9dito, incentivando o uso de dinheiro em esp\u00e9cie.<\/p>\n<p style=\"text-align: justify;\">&#8220;Todo mundo vai voltar a usar dinheiro vivo. Afinal de contas, ningu\u00e9m quer trabalhar o m\u00eas inteiro para depois o governo vir e morder o seu sal\u00e1rio&#8221;, disse o deputado. Embora n\u00e3o tenha propagado diretamente fake news sobre a taxac\u00e3o do Pix, Nikolas insinuou que n\u00e3o seria improv\u00e1vel que cobran\u00e7as fossem implementadas no futuro.<\/p>\n<p style=\"text-align: justify;\">As regras que ampliavam o monitoramento de transa\u00e7\u00f5es via Pix acima de R$ 5.000 foram revogadas pelo ministro da Fazenda, Fernando Haddad, na \u00faltima quarta-feira (15), ap\u00f3s a dissemina\u00e7\u00e3o de desinforma\u00e7\u00f5es nas redes sociais.<\/p>\n<p style=\"text-align: justify;\">O v\u00eddeo de Nikolas Ferreira ultrapassou 240 milh\u00f5es de visualiza\u00e7\u00f5es no Instagram. Em nova publica\u00e7\u00e3o, o deputado atribuiu o recuo do governo \u00e0 repercuss\u00e3o de seu v\u00eddeo: &#8220;Estou feliz de ter ajudado 220 milh\u00f5es de brasileiros com um v\u00eddeo que ultrapassa 220 milh\u00f5es de visualiza\u00e7\u00f5es.&#8221;<\/p>\n<\/div>\n<div class=\"article__notif\"><\/div>\n<\/div>\n<\/article>\n<\/div>\n<\/div>\n<p>&nbsp;<\/p>\n<\/div>\n<p>&nbsp;<\/p>\n<\/div>\n<div class=\"div_container_script__taboola-notifications\"><\/div>\n<div class=\"div_container_script__taboola-loader\"><\/div>\n","protected":false},"excerpt":{"rendered":"<p>Prerrogativas articula cassa\u00e7\u00e3o do deputado bolsonarista \u00a0O grupo de advogados Prerrogativas est\u00e1 preparando representa\u00e7\u00f5es contra o deputado federal Nikolas Ferreira (PL-MG) no Minist\u00e9rio P\u00fablico Federal (MPF) e no Conselho de \u00c9tica da C\u00e2mara dos Deputados. A iniciativa \u00e9 uma resposta \u00e0 divulga\u00e7\u00e3o de um v\u00eddeo publicado pelo parlamentar que critica as regras de fiscaliza\u00e7\u00e3o do [&hellip;]<\/p>\n","protected":false},"author":2,"featured_media":122033,"comment_status":"open","ping_status":"open","sticky":false,"template":"","format":"standard","meta":[],"categories":[75,72],"tags":[630,729,2329],"_links":{"self":[{"href":"https:\/\/www.blogdopaulonunes.com\/v5\/index.php\/wp-json\/wp\/v2\/posts\/122032"}],"collection":[{"href":"https:\/\/www.blogdopaulonunes.com\/v5\/index.php\/wp-json\/wp\/v2\/posts"}],"about":[{"href":"https:\/\/www.blogdopaulonunes.com\/v5\/index.php\/wp-json\/wp\/v2\/types\/post"}],"author":[{"embeddable":true,"href":"https:\/\/www.blogdopaulonunes.com\/v5\/index.php\/wp-json\/wp\/v2\/users\/2"}],"replies":[{"embeddable":true,"href":"https:\/\/www.blogdopaulonunes.com\/v5\/index.php\/wp-json\/wp\/v2\/comments?post=122032"}],"version-history":[{"count":2,"href":"https:\/\/www.blogdopaulonunes.com\/v5\/index.php\/wp-json\/wp\/v2\/posts\/122032\/revisions"}],"predecessor-version":[{"id":122035,"href":"https:\/\/www.blogdopaulonunes.com\/v5\/index.php\/wp-json\/wp\/v2\/posts\/122032\/revisions\/122035"}],"wp:featuredmedia":[{"embeddable":true,"href":"https:\/\/www.blogdopaulonunes.com\/v5\/index.php\/wp-json\/wp\/v2\/media\/122033"}],"wp:attachment":[{"href":"https:\/\/www.blogdopaulonunes.com\/v5\/index.php\/wp-json\/wp\/v2\/media?parent=122032"}],"wp:term":[{"taxonomy":"category","embeddable":true,"href":"https:\/\/www.blogdopaulonunes.com\/v5\/index.php\/wp-json\/wp\/v2\/categories?post=122032"},{"taxonomy":"post_tag","embeddable":true,"href":"https:\/\/www.blogdopaulonunes.com\/v5\/index.php\/wp-json\/wp\/v2\/tags?post=122032"}],"curies":[{"name":"wp","href":"https:\/\/api.w.org\/{rel}","templated":true}]}}