{"id":121834,"date":"2024-12-31T18:50:35","date_gmt":"2024-12-31T21:50:35","guid":{"rendered":"https:\/\/www.blogdopaulonunes.com\/v5\/?p=121834"},"modified":"2024-12-31T18:50:35","modified_gmt":"2024-12-31T21:50:35","slug":"alianca-pela-inclusao-produtiva-anuncia-nova-chamada-publica-focada-em-desenvolvimento-urbano-sustentavel","status":"publish","type":"post","link":"https:\/\/www.blogdopaulonunes.com\/v5\/index.php\/2024\/12\/31\/alianca-pela-inclusao-produtiva-anuncia-nova-chamada-publica-focada-em-desenvolvimento-urbano-sustentavel\/","title":{"rendered":"Alian\u00e7a pela Inclus\u00e3o Produtiva anuncia nova chamada p\u00fablica focada em desenvolvimento urbano sustent\u00e1vel"},"content":{"rendered":"<div dir=\"auto\" style=\"text-align: justify;\">\ufe0e A iniciativa re\u00fane at\u00e9 R$ 9 milh\u00f5es para impulsionar solu\u00e7\u00f5es sustent\u00e1veis e promover trabalho e renda por meio do apoio a projetos socioambientais em centros urbanos.<\/div>\n<div dir=\"auto\" style=\"text-align: justify;\"><\/div>\n<div dir=\"auto\" style=\"text-align: justify;\">\u25a0 BAHIA, dezembro \u2013 NOTA \u00c0 IMPRENSA<\/div>\n<div dir=\"auto\" style=\"text-align: justify;\">A Alian\u00e7a Pela Inclus\u00e3o Produtiva (AIP\u00ca) abre inscri\u00e7\u00f5es para a chamada p\u00fablica &#8220;Solu\u00e7\u00f5es Socioambientais para Centros Urbanos&#8221;, com prazo at\u00e9 14 de fevereiro de 2025. Com um total de R$ 9 milh\u00f5es para investimento e participa\u00e7\u00e3o de at\u00e9 R$ 4,5 milh\u00f5es do BNDES, em recursos do Fundo Socioambiental, a chamada busca alavancar solu\u00e7\u00f5es sustent\u00e1veis e gerar trabalho e renda por meio do fomento a projetos socioambientais em centros urbanos. O incentivo ser\u00e1 realizado a partir de duas frentes: empreendedorismo, com apoio a neg\u00f3cios coletivos nas \u00e1reas de reciclagem, economia circular, agricultura e agroecologia urbana, e empregabilidade, com apoio a solu\u00e7\u00f5es focadas no processo de capacita\u00e7\u00e3o e forma\u00e7\u00e3o profissional na \u00e1rea de energias renov\u00e1veis.<\/div>\n<div dir=\"auto\" style=\"text-align: justify;\"><\/div>\n<div dir=\"auto\" style=\"text-align: justify;\">Formada pela parceria entre o Banco Nacional de Desenvolvimento Econ\u00f4mico e Social (BNDES), Funda\u00e7\u00e3o Arymax, Funda\u00e7\u00e3o Tide Setubal, Instituto HEINEKEN, Instituto humanize, Instituto Votorantim e Santander, a AIP\u00ca, nesta chamada, conta tamb\u00e9m com o apoio da B3 Social e do Instituto Ita\u00fasa.<\/div>\n<div dir=\"auto\" style=\"text-align: justify;\"><\/div>\n<div dir=\"auto\" style=\"text-align: justify;\">\u201cEsta chamada est\u00e1 alinhada aos objetivos do governo Lula de promover a transi\u00e7\u00e3o do Brasil para uma economia sustent\u00e1vel, proporcionando a cria\u00e7\u00e3o de oportunidades de trabalho e renda para as popula\u00e7\u00f5es mais vulner\u00e1veis, p\u00fablico que tem recebido apoio em outras iniciativas do BNDES, em especial nas periferias urbanas\u201d, ponderou o presidente do BNDES, Aloizio Mercadante.<\/div>\n<div dir=\"auto\" style=\"text-align: justify;\"><\/div>\n<div dir=\"auto\" style=\"text-align: justify;\">Com essa proposta, a AIP\u00ca se alinha ao movimento de transi\u00e7\u00e3o do Brasil para uma economia sustent\u00e1vel, al\u00e9m de ampliar oportunidades de trabalho e renda para popula\u00e7\u00f5es vulner\u00e1veis. Um estudo do Minist\u00e9rio do Meio Ambiente (MMA) estima que a economia circular, por exemplo, pode gerar at\u00e9 7 milh\u00f5es de empregos no Brasil at\u00e9 2030, especialmente nos setores de reciclagem, reuso e remanufatura.<\/div>\n<div dir=\"auto\" style=\"text-align: justify;\"><\/div>\n<div dir=\"auto\" style=\"text-align: justify;\">Marcelo Furtado, head de sustentabilidade da Ita\u00fasa e diretor-executivo do Instituto Ita\u00fasa destaca: \u201cO nosso prop\u00f3sito \u00e9 acelerar a transi\u00e7\u00e3o da economia brasileira para uma economia mais produtiva e positiva para o clima, a natureza e as pessoas. A AIP\u00ca aborda essas dimens\u00f5es de forma integrada contribuindo com a transi\u00e7\u00e3o econ\u00f4mica nas cidades brasileiras.\u201d<\/div>\n<div dir=\"auto\" style=\"text-align: justify;\"><\/div>\n<div dir=\"auto\" style=\"text-align: justify;\">Com um fundo de R$ 40 milh\u00f5es para promover trabalho e renda para popula\u00e7\u00f5es em situa\u00e7\u00e3o de vulnerabilidade, a iniciativa j\u00e1 investiu cerca de R$ 8 milh\u00f5es em projetos por meio de duas chamadas p\u00fablicas e est\u00e1 em fase de sele\u00e7\u00e3o de novos projetos, o que refor\u00e7a o compromisso com o desenvolvimento socioambiental em diversas regi\u00f5es do pa\u00eds.<\/div>\n<div dir=\"auto\" style=\"text-align: justify;\"><\/div>\n<div dir=\"auto\" style=\"text-align: justify;\">Kenia Antonio Cardoso, coordenadora do programa de Nova Economia e Desenvolvimento Territorial, da Funda\u00e7\u00e3o Tide Setubal, concorda ao revelar que \u201cA economia funciona como um organismo vivo, em constante transforma\u00e7\u00e3o. Para avan\u00e7ar rumo a uma sociedade mais justa e sustent\u00e1vel, \u00e9 essencial fomentar iniciativas que promovam o desenvolvimento de agentes com origem em contextos perif\u00e9ricos em harmonia com a natureza. Esta chamada p\u00fablica reflete uma vis\u00e3o inovadora do investimento social privado, ao considerar que o impacto socioambiental s\u00f3 pode ser alcan\u00e7ado por meio de altos investimentos, parcerias de confian\u00e7a e comprometimentos com mudan\u00e7a\u201d.<\/div>\n<div dir=\"auto\" style=\"text-align: justify;\"><\/div>\n<div dir=\"auto\" style=\"text-align: justify;\">Al\u00e9m do aporte financeiro, ao longo de 18 meses, os projetos selecionados contar\u00e3o com o apoio da AIP\u00ca por meio de mentorias, oficinas tem\u00e1ticas e reuni\u00f5es peri\u00f3dicas. Ap\u00f3s esse per\u00edodo, os projetos ser\u00e3o monitorados por mais um ano para avalia\u00e7\u00e3o dos resultados.<\/div>\n<div dir=\"auto\" style=\"text-align: justify;\"><\/div>\n<div dir=\"auto\" style=\"text-align: justify;\">\ufe0e Quem pode participar?<\/div>\n<div dir=\"auto\" style=\"text-align: justify;\">A chamada destina-se a iniciativas focadas em duas frentes principais de atua\u00e7\u00e3o: empreendedorismo coletivo e empregabilidade.<\/div>\n<div dir=\"auto\" style=\"text-align: justify;\"><\/div>\n<div dir=\"auto\" style=\"text-align: justify;\">Para empreendedorismo coletivo, os projetos dever\u00e3o ser desenvolvidos nos segmentos de reciclagem, economia circular e agricultura e agroecologia urbana, e ser\u00e3o apoiadas organiza\u00e7\u00f5es intermedi\u00e1rias (facilitadoras que conectam projetos e iniciativas com recursos, conhecimentos e redes de apoio), associa\u00e7\u00f5es, cooperativas e rede de organiza\u00e7\u00f5es que integrem solu\u00e7\u00f5es socioambientais.<\/div>\n<div dir=\"auto\" style=\"text-align: justify;\"><\/div>\n<div dir=\"auto\" style=\"text-align: justify;\">Para a segunda via, focada em empregabilidade, os projetos devem atuar no segmento de energias renov\u00e1veis e ser desenvolvidos por organiza\u00e7\u00f5es intermedi\u00e1rias.<\/div>\n<div dir=\"auto\" style=\"text-align: justify;\"><\/div>\n<div dir=\"auto\" style=\"text-align: justify;\">O valor financeiro m\u00e1ximo de aporte varia entre R$ 400 mil e R$ 800 mil, de acordo com o perfil da organiza\u00e7\u00e3o e via de atua\u00e7\u00e3o.<\/div>\n<div dir=\"auto\" style=\"text-align: justify;\"><\/div>\n<div dir=\"auto\" style=\"text-align: justify;\">A chamada contempla alguns crit\u00e9rios de prioriza\u00e7\u00e3o na sele\u00e7\u00e3o, como projetos das seguintes regi\u00f5es: Norte, Nordeste, Centro-Oeste e Estado do Rio Grande do Sul. Al\u00e9m disso, a iniciativa ir\u00e1 priorizar projetos desenvolvidos em munic\u00edpios com popula\u00e7\u00e3o superior a 50 mil habitantes, e organiza\u00e7\u00f5es lideradas majoritariamente por mulheres, jovens, pessoas pretas, pardas e ind\u00edgenas.<\/div>\n<div dir=\"auto\" style=\"text-align: justify;\"><\/div>\n<div dir=\"auto\" style=\"text-align: justify;\">Organiza\u00e7\u00f5es interessadas em apresentar propostas podem se inscrever pelo site\u00a0<a href=\"http:\/\/www.aipe.org.br\/\" target=\"_blank\" rel=\"noopener noreferrer\" data-saferedirecturl=\"https:\/\/www.google.com\/url?q=http:\/\/www.aipe.org.br\/&amp;source=gmail&amp;ust=1735767815972000&amp;usg=AOvVaw3ho4GP8TJByvBv91P2_eUO\">www.aipe.org.br<\/a>.<\/div>\n<div dir=\"auto\" style=\"text-align: justify;\"><\/div>\n<div dir=\"auto\" style=\"text-align: justify;\">\ufe0e Servi\u00e7o<\/div>\n<div dir=\"auto\" style=\"text-align: justify;\">Chamada P\u00fablica AIP\u00ca \u2013 Solu\u00e7\u00f5es Socioambientais para Centros Urbanos<\/div>\n<div dir=\"auto\" style=\"text-align: justify;\">Inscri\u00e7\u00f5es: De 28 de novembro a 14 de fevereiro de 2025<\/div>\n<div dir=\"auto\" style=\"text-align: justify;\">Resultados: At\u00e9 18 de julho de 2025<\/div>\n<div dir=\"auto\" style=\"text-align: justify;\"><\/div>\n<div dir=\"auto\" style=\"text-align: justify;\">Onde se inscrever:\u00a0<a href=\"http:\/\/www.aipe.org.br\/\" target=\"_blank\" rel=\"noopener noreferrer\" data-saferedirecturl=\"https:\/\/www.google.com\/url?q=http:\/\/www.aipe.org.br\/&amp;source=gmail&amp;ust=1735767815972000&amp;usg=AOvVaw3ho4GP8TJByvBv91P2_eUO\">www.aipe.org.br<\/a><\/div>\n<div dir=\"auto\" style=\"text-align: justify;\"><\/div>\n<div dir=\"auto\" style=\"text-align: justify;\">\ufe0e Sobre a AIP\u00ca (Alian\u00e7a pela Inclus\u00e3o Produtiva)<\/div>\n<div dir=\"auto\" style=\"text-align: justify;\"><\/div>\n<div dir=\"auto\" style=\"text-align: justify;\">A AIP\u00ca (Alian\u00e7a pela Inclus\u00e3o Produtiva) \u00e9 resultado da uni\u00e3o de institui\u00e7\u00f5es com conhecimento e experi\u00eancia reconhecidos na atua\u00e7\u00e3o pela redu\u00e7\u00e3o da desigualdade por meio da inclus\u00e3o produtiva. Juntos, BNDES, Instituto Votorantim, Funda\u00e7\u00e3o Arymax, Funda\u00e7\u00e3o Tide Setubal, Instituto HEINEKEN, Instituto humanize, e Santander reuniram recursos n\u00e3o reembols\u00e1veis que ser\u00e3o aportados em chamadas p\u00fablicas com recortes espec\u00edficos, sempre direcionadas a projetos conduzidos por associa\u00e7\u00f5es, cooperativas, microempresas e empreendedores individuais com o objetivo de tirar pessoas da vulnerabilidade atrav\u00e9s da promo\u00e7\u00e3o do trabalho e renda.<\/div>\n<div dir=\"auto\" style=\"text-align: justify;\"><\/div>\n<div dir=\"auto\" style=\"text-align: justify;\">A Alian\u00e7a foi criada com um fundo de 40 milh\u00f5es de reais que ser\u00e3o destinados a projetos de promo\u00e7\u00e3o de trabalho e renda para popula\u00e7\u00f5es em situa\u00e7\u00e3o de vulnerabilidade, atrav\u00e9s de chamadas p\u00fablicas realizadas ao longo de cinco anos. As duas primeiras chamadas p\u00fablicas foram lan\u00e7adas em 2023, voltadas para Neg\u00f3cios Rurais Inclusivos e Empreendedorismo Urbano Perif\u00e9rico, que, juntas, somaram 8 milh\u00f5es de reais. Foram selecionados 18 projetos, que j\u00e1 come\u00e7aram a ser atendidos com os recursos financeiros, apoio t\u00e9cnico e mentoria oferecidos pela iniciativa.<\/p>\n<div class=\"yj6qo\"><\/div>\n<div class=\"adL\"><\/div>\n<\/div>\n","protected":false},"excerpt":{"rendered":"<p>\ufe0e A iniciativa re\u00fane at\u00e9 R$ 9 milh\u00f5es para impulsionar solu\u00e7\u00f5es sustent\u00e1veis e promover trabalho e renda por meio do apoio a projetos socioambientais em centros urbanos. \u25a0 BAHIA, dezembro \u2013 NOTA \u00c0 IMPRENSA A Alian\u00e7a Pela Inclus\u00e3o Produtiva (AIP\u00ca) abre inscri\u00e7\u00f5es para a chamada p\u00fablica &#8220;Solu\u00e7\u00f5es Socioambientais para Centros Urbanos&#8221;, com prazo at\u00e9 14 [&hellip;]<\/p>\n","protected":false},"author":2,"featured_media":121835,"comment_status":"open","ping_status":"open","sticky":false,"template":"","format":"standard","meta":[],"categories":[22,71],"tags":[4458],"_links":{"self":[{"href":"https:\/\/www.blogdopaulonunes.com\/v5\/index.php\/wp-json\/wp\/v2\/posts\/121834"}],"collection":[{"href":"https:\/\/www.blogdopaulonunes.com\/v5\/index.php\/wp-json\/wp\/v2\/posts"}],"about":[{"href":"https:\/\/www.blogdopaulonunes.com\/v5\/index.php\/wp-json\/wp\/v2\/types\/post"}],"author":[{"embeddable":true,"href":"https:\/\/www.blogdopaulonunes.com\/v5\/index.php\/wp-json\/wp\/v2\/users\/2"}],"replies":[{"embeddable":true,"href":"https:\/\/www.blogdopaulonunes.com\/v5\/index.php\/wp-json\/wp\/v2\/comments?post=121834"}],"version-history":[{"count":1,"href":"https:\/\/www.blogdopaulonunes.com\/v5\/index.php\/wp-json\/wp\/v2\/posts\/121834\/revisions"}],"predecessor-version":[{"id":121836,"href":"https:\/\/www.blogdopaulonunes.com\/v5\/index.php\/wp-json\/wp\/v2\/posts\/121834\/revisions\/121836"}],"wp:featuredmedia":[{"embeddable":true,"href":"https:\/\/www.blogdopaulonunes.com\/v5\/index.php\/wp-json\/wp\/v2\/media\/121835"}],"wp:attachment":[{"href":"https:\/\/www.blogdopaulonunes.com\/v5\/index.php\/wp-json\/wp\/v2\/media?parent=121834"}],"wp:term":[{"taxonomy":"category","embeddable":true,"href":"https:\/\/www.blogdopaulonunes.com\/v5\/index.php\/wp-json\/wp\/v2\/categories?post=121834"},{"taxonomy":"post_tag","embeddable":true,"href":"https:\/\/www.blogdopaulonunes.com\/v5\/index.php\/wp-json\/wp\/v2\/tags?post=121834"}],"curies":[{"name":"wp","href":"https:\/\/api.w.org\/{rel}","templated":true}]}}