{"id":121611,"date":"2024-12-02T16:29:11","date_gmt":"2024-12-02T19:29:11","guid":{"rendered":"https:\/\/www.blogdopaulonunes.com\/v5\/?p=121611"},"modified":"2024-12-02T16:29:11","modified_gmt":"2024-12-02T19:29:11","slug":"presidente-da-byd-anuncia-vagas-de-trabalho-e-promete-transformar-camacari-no-vale-do-silicio-brasileiro","status":"publish","type":"post","link":"https:\/\/www.blogdopaulonunes.com\/v5\/index.php\/2024\/12\/02\/presidente-da-byd-anuncia-vagas-de-trabalho-e-promete-transformar-camacari-no-vale-do-silicio-brasileiro\/","title":{"rendered":"Presidente da BYD anuncia vagas de trabalho e promete transformar Cama\u00e7ari no &#8220;Vale do Sil\u00edcio Brasileiro&#8221;"},"content":{"rendered":"<p style=\"text-align: justify;\">Durante uma visita t\u00e9cnica \u00e0s obras da\u00a0<a href=\"https:\/\/www.bnews.com.br\/tags\/byd\" target=\"_blank\" rel=\"noopener\">montadora chinesa BYD<\/a>, instalada em Cama\u00e7ari, na Regi\u00e3o Metropolitana de Salvador, a presidente da empresa na Bahia, Stela Li, anunciou a abertura de novas vagas de trabalho para o complexo industrial. Em um cen\u00e1rio de expans\u00e3o, a empresa promete criar at\u00e9 3 mil postos de trabalho at\u00e9 mar\u00e7o de 2025, com o total de 2 mil vagas previstas para fevereiro do pr\u00f3ximo ano.<\/p>\n<p style=\"text-align: justify;\">Stela Li compartilhou os planos de crescimento da BYD na Bahia e o impacto positivo para a economia local. &#8220;A previs\u00e3o \u00e9 que, at\u00e9 o final de 2025, possamos contar com uma for\u00e7a de trabalho de 10 mil pessoas. E at\u00e9 2026, nosso objetivo \u00e9 ter mais de 20 mil trabalhadores neste complexo, que ser\u00e1 o maior fora da China e o \u00fanico parque industrial desse tipo no planeta&#8221;, afirmou a presidente da montadora.<\/p>\n<p style=\"text-align: justify;\">A BYD, que tem como meta, segundo a presidente, transformar a regi\u00e3o de Cama\u00e7ari no &#8220;Vale do Sil\u00edcio brasileiro&#8221;, refor\u00e7a sua import\u00e2ncia estrat\u00e9gica tanto para a ind\u00fastria automobil\u00edstica quanto para o desenvolvimento regional. O complexo industrial, que est\u00e1 em processo de expans\u00e3o, \u00e9 um marco para a ind\u00fastria de ve\u00edculos el\u00e9tricos no Brasil.<\/p>\n<p style=\"text-align: justify;\">O Vale do Sil\u00edcio \u00e9 uma regi\u00e3o localizada no norte da Calif\u00f3rnia, nos Estados Unidos, conhecida por ser o centro global de inova\u00e7\u00e3o e tecnologia. A regi\u00e3o abriga algumas das maiores e mais influentes empresas de tecnologia do mundo, como Apple, Google, Facebook, e Tesla, al\u00e9m de in\u00fameras startups e centros de pesquisa e desenvolvimento.<\/p>\n","protected":false},"excerpt":{"rendered":"<p>Durante uma visita t\u00e9cnica \u00e0s obras da\u00a0montadora chinesa BYD, instalada em Cama\u00e7ari, na Regi\u00e3o Metropolitana de Salvador, a presidente da empresa na Bahia, Stela Li, anunciou a abertura de novas vagas de trabalho para o complexo industrial. Em um cen\u00e1rio de expans\u00e3o, a empresa promete criar at\u00e9 3 mil postos de trabalho at\u00e9 mar\u00e7o de [&hellip;]<\/p>\n","protected":false},"author":2,"featured_media":121612,"comment_status":"open","ping_status":"open","sticky":false,"template":"","format":"standard","meta":[],"categories":[22,72],"tags":[2657,304,4928],"_links":{"self":[{"href":"https:\/\/www.blogdopaulonunes.com\/v5\/index.php\/wp-json\/wp\/v2\/posts\/121611"}],"collection":[{"href":"https:\/\/www.blogdopaulonunes.com\/v5\/index.php\/wp-json\/wp\/v2\/posts"}],"about":[{"href":"https:\/\/www.blogdopaulonunes.com\/v5\/index.php\/wp-json\/wp\/v2\/types\/post"}],"author":[{"embeddable":true,"href":"https:\/\/www.blogdopaulonunes.com\/v5\/index.php\/wp-json\/wp\/v2\/users\/2"}],"replies":[{"embeddable":true,"href":"https:\/\/www.blogdopaulonunes.com\/v5\/index.php\/wp-json\/wp\/v2\/comments?post=121611"}],"version-history":[{"count":1,"href":"https:\/\/www.blogdopaulonunes.com\/v5\/index.php\/wp-json\/wp\/v2\/posts\/121611\/revisions"}],"predecessor-version":[{"id":121613,"href":"https:\/\/www.blogdopaulonunes.com\/v5\/index.php\/wp-json\/wp\/v2\/posts\/121611\/revisions\/121613"}],"wp:featuredmedia":[{"embeddable":true,"href":"https:\/\/www.blogdopaulonunes.com\/v5\/index.php\/wp-json\/wp\/v2\/media\/121612"}],"wp:attachment":[{"href":"https:\/\/www.blogdopaulonunes.com\/v5\/index.php\/wp-json\/wp\/v2\/media?parent=121611"}],"wp:term":[{"taxonomy":"category","embeddable":true,"href":"https:\/\/www.blogdopaulonunes.com\/v5\/index.php\/wp-json\/wp\/v2\/categories?post=121611"},{"taxonomy":"post_tag","embeddable":true,"href":"https:\/\/www.blogdopaulonunes.com\/v5\/index.php\/wp-json\/wp\/v2\/tags?post=121611"}],"curies":[{"name":"wp","href":"https:\/\/api.w.org\/{rel}","templated":true}]}}