{"id":121605,"date":"2024-12-02T13:45:55","date_gmt":"2024-12-02T16:45:55","guid":{"rendered":"https:\/\/www.blogdopaulonunes.com\/v5\/?p=121605"},"modified":"2024-12-02T13:45:55","modified_gmt":"2024-12-02T16:45:55","slug":"efeito-lula-vendas-disparam-e-brasil-registra-a-melhor-black-friday-em-4-anos","status":"publish","type":"post","link":"https:\/\/www.blogdopaulonunes.com\/v5\/index.php\/2024\/12\/02\/efeito-lula-vendas-disparam-e-brasil-registra-a-melhor-black-friday-em-4-anos\/","title":{"rendered":"Efeito Lula: vendas disparam e Brasil registra a melhor Black Friday em 4 anos"},"content":{"rendered":"<h4 class=\"bajada\" style=\"text-align: justify;\">Tanto as compras online quanto as feitas em lojas f\u00edsicas superaram as proje\u00e7\u00f5es para o per\u00edodo<\/h4>\n<p style=\"text-align: justify;\">A\u00a0<a href=\"https:\/\/revistaforum.com.br\/temas\/black-friday-25693.html\" target=\"_blank\" rel=\"noopener\">Black Friday<\/a>\u00a0deste ano trouxe um resultado<strong>\u00a0inesperado e animador<\/strong>\u00a0para o varejo brasileiro, tanto no online quanto nas lojas f\u00edsicas. O\u00a0<strong>&#8220;efeito Lula&#8221;<\/strong>\u00a0\u2013\u00a0medidas de reaquecimento econ\u00f4mico e melhorias na renda dos consumidores \u2013 pode ter sido o principal catalisador do crescimento acima das proje\u00e7\u00f5es.<\/p>\n<p style=\"text-align: justify;\">Dados de consultorias e empresas parceiras de varejistas divulgados pelo site\u00a0<a href=\"https:\/\/valor.globo.com\/empresas\/noticia\/2024\/12\/01\/exclusivo-black-friday-e-a-melhor-em-4-anos-e-supera-projecoes.ghtml\" target=\"_blank\" rel=\"noopener\">&#8220;Valor&#8221;<\/a>\u00a0mostram que, entre quinta-feira (28) e a manh\u00e3 deste domingo (1\u00ba), o faturamento\u00a0do e-commerce\u00a0<strong>subiu 11%<\/strong>, atingindo cerca de R$ 8 bilh\u00f5es.\u00a0<strong>Essa \u00e9 a maior taxa de expans\u00e3o desde 2020<\/strong>, quando a pandemia provocou um boom no varejo digital. A proje\u00e7\u00e3o inicial de alta era de 9%, segundo a Neotrust Confi.<\/p>\n<p style=\"text-align: justify;\">Especialistas apontam que a antecipa\u00e7\u00e3o da primeira parcela do 13\u00ba sal\u00e1rio, paga na sexta-feira da Black Friday \u2014 algo que n\u00e3o acontecia desde 2019 \u2014, foi um dos fatores decisivos para o desempenho.<\/p>\n<p style=\"text-align: justify;\">Lojas f\u00edsicas tamb\u00e9m registraram bons resultados, especialmente nos setores de moda, vestu\u00e1rio e cal\u00e7ados. Na sexta-feira, as vendas presenciais cresceram 23% em compara\u00e7\u00e3o ao mesmo dia de 2023, enquanto o crescimento semanal foi de 13%. O setor de cal\u00e7ados apresentou um aumento de 15% em rela\u00e7\u00e3o ao ano anterior.<\/p>\n<p style=\"text-align: justify;\">O &#8220;efeito Lula&#8221; tamb\u00e9m refletiu nos marketplaces, onde o faturamento saltou 24% em rela\u00e7\u00e3o ao ano passado. Entre os dias 25 e 29 de novembro, a alta acumulada foi de 45%. Dados da Linx, do grupo StoneCo, indicam que, na sexta-feira, as vendas no online cresceram 76% em rela\u00e7\u00e3o ao dia anterior e 4% comparado a 2023.<\/p>\n<p style=\"text-align: justify;\">O pr\u00f3prio presidente\u00a0<a href=\"https:\/\/revistaforum.com.br\/temas\/lula-558.html\" target=\"_blank\" rel=\"noopener\">Luiz In\u00e1cio Lula da Silva<\/a>\u00a0comemorou o aumento das vendas na Black Friday deste ano em publica\u00e7\u00e3o nas redes sociais nesta segunda-feira (2).\u00a0&#8220;Boa segunda-feira depois da melhor black friday em anos&#8221;, escreveu o mandat\u00e1rio.<\/p>\n<div class=\"widget-twitter\">\n<div class=\"widget widget-twitter\"><\/div>\n<\/div>\n<p>&nbsp;<\/p>\n","protected":false},"excerpt":{"rendered":"<p>Tanto as compras online quanto as feitas em lojas f\u00edsicas superaram as proje\u00e7\u00f5es para o per\u00edodo A\u00a0Black Friday\u00a0deste ano trouxe um resultado\u00a0inesperado e animador\u00a0para o varejo brasileiro, tanto no online quanto nas lojas f\u00edsicas. O\u00a0&#8220;efeito Lula&#8221;\u00a0\u2013\u00a0medidas de reaquecimento econ\u00f4mico e melhorias na renda dos consumidores \u2013 pode ter sido o principal catalisador do crescimento acima [&hellip;]<\/p>\n","protected":false},"author":2,"featured_media":121606,"comment_status":"open","ping_status":"open","sticky":false,"template":"","format":"standard","meta":[],"categories":[78,105],"tags":[4927,138],"_links":{"self":[{"href":"https:\/\/www.blogdopaulonunes.com\/v5\/index.php\/wp-json\/wp\/v2\/posts\/121605"}],"collection":[{"href":"https:\/\/www.blogdopaulonunes.com\/v5\/index.php\/wp-json\/wp\/v2\/posts"}],"about":[{"href":"https:\/\/www.blogdopaulonunes.com\/v5\/index.php\/wp-json\/wp\/v2\/types\/post"}],"author":[{"embeddable":true,"href":"https:\/\/www.blogdopaulonunes.com\/v5\/index.php\/wp-json\/wp\/v2\/users\/2"}],"replies":[{"embeddable":true,"href":"https:\/\/www.blogdopaulonunes.com\/v5\/index.php\/wp-json\/wp\/v2\/comments?post=121605"}],"version-history":[{"count":1,"href":"https:\/\/www.blogdopaulonunes.com\/v5\/index.php\/wp-json\/wp\/v2\/posts\/121605\/revisions"}],"predecessor-version":[{"id":121607,"href":"https:\/\/www.blogdopaulonunes.com\/v5\/index.php\/wp-json\/wp\/v2\/posts\/121605\/revisions\/121607"}],"wp:featuredmedia":[{"embeddable":true,"href":"https:\/\/www.blogdopaulonunes.com\/v5\/index.php\/wp-json\/wp\/v2\/media\/121606"}],"wp:attachment":[{"href":"https:\/\/www.blogdopaulonunes.com\/v5\/index.php\/wp-json\/wp\/v2\/media?parent=121605"}],"wp:term":[{"taxonomy":"category","embeddable":true,"href":"https:\/\/www.blogdopaulonunes.com\/v5\/index.php\/wp-json\/wp\/v2\/categories?post=121605"},{"taxonomy":"post_tag","embeddable":true,"href":"https:\/\/www.blogdopaulonunes.com\/v5\/index.php\/wp-json\/wp\/v2\/tags?post=121605"}],"curies":[{"name":"wp","href":"https:\/\/api.w.org\/{rel}","templated":true}]}}