{"id":121600,"date":"2024-12-02T13:20:54","date_gmt":"2024-12-02T16:20:54","guid":{"rendered":"https:\/\/www.blogdopaulonunes.com\/v5\/?p=121600"},"modified":"2024-12-02T13:20:54","modified_gmt":"2024-12-02T16:20:54","slug":"estado-do-nordeste-dispara-1-648-na-geracao-de-empregos","status":"publish","type":"post","link":"https:\/\/www.blogdopaulonunes.com\/v5\/index.php\/2024\/12\/02\/estado-do-nordeste-dispara-1-648-na-geracao-de-empregos\/","title":{"rendered":"Estado do Nordeste dispara 1.648% na gera\u00e7\u00e3o de empregos"},"content":{"rendered":"<p style=\"text-align: justify;\">De acordo com os dados mais recentes do<strong>\u00a0Cadastro Geral de Empregados e Desempregados (Caged)<\/strong>, a\u00a0<a href=\"https:\/\/www.ne9.com.br\/paraiba-ganha-rota-turistica-em-homenagem-a-ariano-suassuna\/?swcfpc=1\">Para\u00edba<\/a>\u00a0vive uma grande transforma\u00e7\u00e3o em sua economia, refletida na gera\u00e7\u00e3o de empregos formais. Entre 2019 e setembro de 2024, o Estado alcan\u00e7ou um crescimento impressionante de 1.648% na gera\u00e7\u00e3o de empregos formais em compara\u00e7\u00e3o com o per\u00edodo de 2013 a 2018.<\/p>\n<p style=\"text-align: justify;\">Essa alta hist\u00f3rica destaca a recupera\u00e7\u00e3o e o fortalecimento do mercado de trabalho na regi\u00e3o. Desse modo, impulsionado por uma s\u00e9rie de fatores, incluindo a retomada econ\u00f4mica p\u00f3s pandemia.<\/p>\n<h3><strong>Comparativo de Gera\u00e7\u00e3o de Empregos: 2013-2018 vs. 2019-2024<\/strong><\/h3>\n<p>Entre 2019 e setembro de 2024, a Para\u00edba criou 109.546 postos de trabalho com carteira assinada, enquanto o per\u00edodo de 2013 a 2018 teve um saldo de apenas 6.265 vagas. O crescimento \u00e9 17 vezes maior, o que representa um avan\u00e7o de 1.648% na gera\u00e7\u00e3o de empregos.<\/p>\n<h3><strong>Impacto da Pandemia e Retomada Econ\u00f4mica<\/strong><\/h3>\n<p>Durante a pandemia de 2020, o Estado conseguiu manter a gera\u00e7\u00e3o de postos de trabalho, com um saldo positivo de 2.333 vagas. O grande destaque, no entanto, ficou para 2021, quando, com o avan\u00e7o da vacina\u00e7\u00e3o e a reabertura gradual da economia, a Para\u00edba registrou o maior saldo de emprego da hist\u00f3ria recente: 35.211 vagas.<\/p>\n<h3><strong>Dados por Ano: Saldo de Empregos na Para\u00edba<\/strong><\/h3>\n<figure id=\"attachment_61133\" class=\"wp-caption aligncenter\" aria-describedby=\"caption-attachment-61133\"><a class=\"td-modal-image\" href=\"https:\/\/www.ne9.com.br\/wp-content\/uploads\/2024\/11\/12d5fb66-d297-44ef-b12c-0e43ad273a63.jpeg\"><img loading=\"lazy\" class=\"size-full wp-image-61133\" src=\"https:\/\/www.ne9.com.br\/wp-content\/uploads\/2024\/11\/12d5fb66-d297-44ef-b12c-0e43ad273a63.jpeg\" sizes=\"(max-width: 750px) 100vw, 750px\" srcset=\"https:\/\/www.ne9.com.br\/wp-content\/uploads\/2024\/11\/12d5fb66-d297-44ef-b12c-0e43ad273a63.jpeg 750w,   https:\/\/www.ne9.com.br\/wp-content\/uploads\/2024\/11\/12d5fb66-d297-44ef-b12c-0e43ad273a63-300x208.jpeg 300w,   https:\/\/www.ne9.com.br\/wp-content\/uploads\/2024\/11\/12d5fb66-d297-44ef-b12c-0e43ad273a63-218x150.jpeg 218w,   https:\/\/www.ne9.com.br\/wp-content\/uploads\/2024\/11\/12d5fb66-d297-44ef-b12c-0e43ad273a63-696x483.jpeg 696w,   https:\/\/www.ne9.com.br\/wp-content\/uploads\/2024\/11\/12d5fb66-d297-44ef-b12c-0e43ad273a63-605x420.jpeg 605w,   https:\/\/www.ne9.com.br\/wp-content\/uploads\/2024\/11\/12d5fb66-d297-44ef-b12c-0e43ad273a63-100x70.jpeg 100w\" alt=\"saldo emprego paraiba\" width=\"750\" height=\"521\" \/><\/a><figcaption id=\"caption-attachment-61133\" class=\"wp-caption-text\">Fonte: Caged, Minist\u00e9rio do Trabalho<\/figcaption><\/figure>\n<p><em><strong>LEIA MAIS \u2013<\/strong>\u00a0<a href=\"https:\/\/www.ne9.com.br\/estado-do-nordeste-recebe-nota-maxima-pelo-4o-ano-em-gestao-fiscal-e-desenvolvimento-sustentavel\/?swcfpc=1\">Para\u00edba vira refer\u00eancia em gest\u00e3o fiscal e desenvolvimento sustent\u00e1vel<\/a><\/em><\/p>\n<h3><strong>Proje\u00e7\u00e3o para 2024: Um Ano Hist\u00f3rico<\/strong><\/h3>\n<p style=\"text-align: justify;\">As proje\u00e7\u00f5es indicam que 2024 ser\u00e1 o melhor ano da hist\u00f3ria do Caged para a Para\u00edba. At\u00e9 setembro, o saldo j\u00e1 acumula 23.961 novas vagas com carteira assinada, um aumento de 79,63% em rela\u00e7\u00e3o ao mesmo per\u00edodo do ano anterior. Com base nessa tend\u00eancia, \u00e9 esperado que o saldo de 2024 supere as 35.211 vagas criadas em 2021, estabelecendo um novo recorde para o Estado.<\/p>\n<h3><strong>O Papel da Iniciativa Privada e Investimentos Estruturantes<\/strong><\/h3>\n<p style=\"text-align: justify;\">O secret\u00e1rio de Estado da Fazenda, Marialvo Laureano, destaca que os dados positivos s\u00e3o sustentados pela din\u00e2mica do setor privado, que tem sido um grande parceiro na cria\u00e7\u00e3o de empregos. Al\u00e9m disso, o bom desempenho da economia da Para\u00edba, com proje\u00e7\u00f5es de crescimento do PIB de 6,8% em 2024 (a maior do Brasil), fortalece ainda mais esse cen\u00e1rio otimista. O aumento do consumo das fam\u00edlias e o crescimento do setor de vendas no varejo s\u00e3o outros indicadores que apontam para um futuro promissor.<\/p>\n<h3><strong>Mais de 1 Milh\u00e3o de Empregos Criados desde 2019<\/strong><\/h3>\n<p style=\"text-align: justify;\">Desde 2019, a Para\u00edba ultrapassou a marca de 1 milh\u00e3o de empregos com carteira assinada, alcan\u00e7ando 1,021 milh\u00e3o de postos de trabalho at\u00e9 setembro de 2024. Isso representa uma grande conquista para o Estado, evidenciando a estabilidade e a confian\u00e7a dos empregadores na economia local.<\/p>\n<figure id=\"attachment_42190\" class=\"wp-caption aligncenter\" aria-describedby=\"caption-attachment-42190\"><a class=\"td-modal-image\" href=\"data:image\/svg+xml,%3Csvg%20xmlns=%22http:\/\/www.w3.org\/2000\/svg%22%20viewBox=%220%200%201425%20941%22%3E%3C\/svg%3E\"><img loading=\"lazy\" class=\"size-full wp-image-42190 lazyloaded\" src=\"https:\/\/www.ne9.com.br\/wp-content\/uploads\/2023\/11\/WhatsApp-Image-2023-11-07-at-08.55.23.jpeg\" sizes=\"(max-width: 1425px) 100vw, 1425px\" srcset=\"https:\/\/www.ne9.com.br\/wp-content\/uploads\/2023\/11\/WhatsApp-Image-2023-11-07-at-08.55.23.jpeg 1425w,   https:\/\/www.ne9.com.br\/wp-content\/uploads\/2023\/11\/WhatsApp-Image-2023-11-07-at-08.55.23-300x198.jpeg 300w,   https:\/\/www.ne9.com.br\/wp-content\/uploads\/2023\/11\/WhatsApp-Image-2023-11-07-at-08.55.23-1024x676.jpeg 1024w,   https:\/\/www.ne9.com.br\/wp-content\/uploads\/2023\/11\/WhatsApp-Image-2023-11-07-at-08.55.23-768x507.jpeg 768w,   https:\/\/www.ne9.com.br\/wp-content\/uploads\/2023\/11\/WhatsApp-Image-2023-11-07-at-08.55.23-696x460.jpeg 696w,   https:\/\/www.ne9.com.br\/wp-content\/uploads\/2023\/11\/WhatsApp-Image-2023-11-07-at-08.55.23-1068x705.jpeg 1068w,   https:\/\/www.ne9.com.br\/wp-content\/uploads\/2023\/11\/WhatsApp-Image-2023-11-07-at-08.55.23-636x420.jpeg 636w\" alt=\"trabalho presencial\" width=\"1425\" height=\"941\" data-src=\"https:\/\/www.ne9.com.br\/wp-content\/uploads\/2023\/11\/WhatsApp-Image-2023-11-07-at-08.55.23.jpeg\" data-srcset=\"https:\/\/www.ne9.com.br\/wp-content\/uploads\/2023\/11\/WhatsApp-Image-2023-11-07-at-08.55.23.jpeg 1425w,   https:\/\/www.ne9.com.br\/wp-content\/uploads\/2023\/11\/WhatsApp-Image-2023-11-07-at-08.55.23-300x198.jpeg 300w,   https:\/\/www.ne9.com.br\/wp-content\/uploads\/2023\/11\/WhatsApp-Image-2023-11-07-at-08.55.23-1024x676.jpeg 1024w,   https:\/\/www.ne9.com.br\/wp-content\/uploads\/2023\/11\/WhatsApp-Image-2023-11-07-at-08.55.23-768x507.jpeg 768w,   https:\/\/www.ne9.com.br\/wp-content\/uploads\/2023\/11\/WhatsApp-Image-2023-11-07-at-08.55.23-696x460.jpeg 696w,   https:\/\/www.ne9.com.br\/wp-content\/uploads\/2023\/11\/WhatsApp-Image-2023-11-07-at-08.55.23-1068x705.jpeg 1068w,   https:\/\/www.ne9.com.br\/wp-content\/uploads\/2023\/11\/WhatsApp-Image-2023-11-07-at-08.55.23-636x420.jpeg 636w\" data-sizes=\"(max-width: 1425px) 100vw, 1425px\" \/><\/a><figcaption id=\"caption-attachment-42190\" class=\"wp-caption-text\">Criar empregos formais \u00e9 o principal desafio da economia do Brasil atualmente.<\/figcaption><\/figure>\n<h3><strong>Conclus\u00e3o: O Caminho para o Futuro<\/strong><\/h3>\n<p style=\"text-align: justify;\">Em resumo, o mercado de trabalho da Para\u00edba vive um momento de expans\u00e3o e otimismo. Ao mesmo tempo, impulsionado por pol\u00edticas p\u00fablicas eficazes, investimentos e a resili\u00eancia do setor privado. Com a continuidade desse crescimento, a expectativa \u00e9 que o Estado continue a se destacar na gera\u00e7\u00e3o de empregos. Dessa forma, o foco principal \u00e9 manter o ritmo de crescimento econ\u00f4mico nos pr\u00f3ximos anos.<\/p>\n","protected":false},"excerpt":{"rendered":"<p>De acordo com os dados mais recentes do\u00a0Cadastro Geral de Empregados e Desempregados (Caged), a\u00a0Para\u00edba\u00a0vive uma grande transforma\u00e7\u00e3o em sua economia, refletida na gera\u00e7\u00e3o de empregos formais. Entre 2019 e setembro de 2024, o Estado alcan\u00e7ou um crescimento impressionante de 1.648% na gera\u00e7\u00e3o de empregos formais em compara\u00e7\u00e3o com o per\u00edodo de 2013 a 2018. [&hellip;]<\/p>\n","protected":false},"author":2,"featured_media":121182,"comment_status":"open","ping_status":"open","sticky":false,"template":"","format":"standard","meta":[],"categories":[82,105],"tags":[1298,317,267],"_links":{"self":[{"href":"https:\/\/www.blogdopaulonunes.com\/v5\/index.php\/wp-json\/wp\/v2\/posts\/121600"}],"collection":[{"href":"https:\/\/www.blogdopaulonunes.com\/v5\/index.php\/wp-json\/wp\/v2\/posts"}],"about":[{"href":"https:\/\/www.blogdopaulonunes.com\/v5\/index.php\/wp-json\/wp\/v2\/types\/post"}],"author":[{"embeddable":true,"href":"https:\/\/www.blogdopaulonunes.com\/v5\/index.php\/wp-json\/wp\/v2\/users\/2"}],"replies":[{"embeddable":true,"href":"https:\/\/www.blogdopaulonunes.com\/v5\/index.php\/wp-json\/wp\/v2\/comments?post=121600"}],"version-history":[{"count":1,"href":"https:\/\/www.blogdopaulonunes.com\/v5\/index.php\/wp-json\/wp\/v2\/posts\/121600\/revisions"}],"predecessor-version":[{"id":121601,"href":"https:\/\/www.blogdopaulonunes.com\/v5\/index.php\/wp-json\/wp\/v2\/posts\/121600\/revisions\/121601"}],"wp:featuredmedia":[{"embeddable":true,"href":"https:\/\/www.blogdopaulonunes.com\/v5\/index.php\/wp-json\/wp\/v2\/media\/121182"}],"wp:attachment":[{"href":"https:\/\/www.blogdopaulonunes.com\/v5\/index.php\/wp-json\/wp\/v2\/media?parent=121600"}],"wp:term":[{"taxonomy":"category","embeddable":true,"href":"https:\/\/www.blogdopaulonunes.com\/v5\/index.php\/wp-json\/wp\/v2\/categories?post=121600"},{"taxonomy":"post_tag","embeddable":true,"href":"https:\/\/www.blogdopaulonunes.com\/v5\/index.php\/wp-json\/wp\/v2\/tags?post=121600"}],"curies":[{"name":"wp","href":"https:\/\/api.w.org\/{rel}","templated":true}]}}