{"id":121595,"date":"2024-11-29T13:17:45","date_gmt":"2024-11-29T16:17:45","guid":{"rendered":"https:\/\/www.blogdopaulonunes.com\/v5\/?p=121595"},"modified":"2024-11-29T13:17:45","modified_gmt":"2024-11-29T16:17:45","slug":"retirando-o-pao","status":"publish","type":"post","link":"https:\/\/www.blogdopaulonunes.com\/v5\/index.php\/2024\/11\/29\/retirando-o-pao\/","title":{"rendered":"Retirando o p\u00e3o"},"content":{"rendered":"<p style=\"text-align: justify;\">Dif\u00edcil, mas poss\u00edvel, continuar olhando olhos que choraram recentemente que a qualquer momento podem desabar em l\u00e1grimas, n\u00e3o importa onde estejam.<\/p>\n<p style=\"text-align: justify;\">Que fazer com a presta\u00e7\u00e3o de cart\u00e3o de cr\u00e9dito, com as contas de \u00e1gua e energia, parcelas do IPTU, feira, &#8230;, e p\u00e3o. De repente tudo desaparece e qualquer sonho \u00e9 invi\u00e1vel. \u00c9 um despencar sem fim diante do sofrimento antevisto no dia do amanh\u00e3.<\/p>\n<p style=\"text-align: justify;\">Os filhos, a m\u00e3e idosa, a feira que j\u00e1 consumia quase tudo e que n\u00e3o poder\u00e1 ser feita dentro de poucos dias.<\/p>\n<p style=\"text-align: justify;\">Voc\u00ea j\u00e1 esteve desempregado? Avalie o sofrimento de n\u00e3o poder comprar o p\u00e3o, o rem\u00e9dio, o transporte.<\/p>\n<p style=\"text-align: justify;\">Os colegas olham nos olhos de choro e n\u00e3o entendem como tudo que era pobre, \u00e9 certo, mas que dava alguma seguran\u00e7a, se transforma em abismo.<\/p>\n<p style=\"text-align: justify;\">A centenas de servidores do munic\u00edpio de Vit\u00f3ria da Conquista, mal apurados os votos, eleita a gestora para o quatri\u00eanio que se iniciar\u00e1 em janeiro de 2025, veio a terr\u00edvel, por uma notifica\u00e7\u00e3o numerada acompanhada de uma portaria conjunta firmada por secret\u00e1rios municipais, anunciando o corte de v\u00ednculo de emprego ou cargo. N\u00e3o. n\u00e3o h\u00e1 a assinatura da gestora. Esse jogo \u00e9 com outros (?).<\/p>\n<p style=\"text-align: justify;\">A retirada do p\u00e3o (\u00e9 disso que se trata!) da mesa de tantos que serviram \u00e0 administra\u00e7\u00e3o p\u00fablica e, por via dessa, a comunidade conquistense, fere profundamente o sentimento das pessoas. Mas n\u00e3o s\u00f3 isso, por que h\u00e1 questionamentos de natureza \u00e9tica em torno do fato de esperar-se concluir o pleito e que ainda se repita e mantenha o slogan &#8220;Governo para pessoas\u201d, mas sobretudo a falta de qualquer abra\u00e7o amigo e de explica\u00e7\u00e3o quanto ao anunciado desligamento (n\u00e3o se trata de consideradas da portaria conjunta, mas de ju\u00edzo quanto ao respeito humano).<\/p>\n","protected":false},"excerpt":{"rendered":"<p>Dif\u00edcil, mas poss\u00edvel, continuar olhando olhos que choraram recentemente que a qualquer momento podem desabar em l\u00e1grimas, n\u00e3o importa onde estejam. Que fazer com a presta\u00e7\u00e3o de cart\u00e3o de cr\u00e9dito, com as contas de \u00e1gua e energia, parcelas do IPTU, feira, &#8230;, e p\u00e3o. De repente tudo desaparece e qualquer sonho \u00e9 invi\u00e1vel. \u00c9 um [&hellip;]<\/p>\n","protected":false},"author":2,"featured_media":114216,"comment_status":"open","ping_status":"open","sticky":false,"template":"","format":"standard","meta":[],"categories":[87,71],"tags":[4922,4921,413],"_links":{"self":[{"href":"https:\/\/www.blogdopaulonunes.com\/v5\/index.php\/wp-json\/wp\/v2\/posts\/121595"}],"collection":[{"href":"https:\/\/www.blogdopaulonunes.com\/v5\/index.php\/wp-json\/wp\/v2\/posts"}],"about":[{"href":"https:\/\/www.blogdopaulonunes.com\/v5\/index.php\/wp-json\/wp\/v2\/types\/post"}],"author":[{"embeddable":true,"href":"https:\/\/www.blogdopaulonunes.com\/v5\/index.php\/wp-json\/wp\/v2\/users\/2"}],"replies":[{"embeddable":true,"href":"https:\/\/www.blogdopaulonunes.com\/v5\/index.php\/wp-json\/wp\/v2\/comments?post=121595"}],"version-history":[{"count":1,"href":"https:\/\/www.blogdopaulonunes.com\/v5\/index.php\/wp-json\/wp\/v2\/posts\/121595\/revisions"}],"predecessor-version":[{"id":121596,"href":"https:\/\/www.blogdopaulonunes.com\/v5\/index.php\/wp-json\/wp\/v2\/posts\/121595\/revisions\/121596"}],"wp:featuredmedia":[{"embeddable":true,"href":"https:\/\/www.blogdopaulonunes.com\/v5\/index.php\/wp-json\/wp\/v2\/media\/114216"}],"wp:attachment":[{"href":"https:\/\/www.blogdopaulonunes.com\/v5\/index.php\/wp-json\/wp\/v2\/media?parent=121595"}],"wp:term":[{"taxonomy":"category","embeddable":true,"href":"https:\/\/www.blogdopaulonunes.com\/v5\/index.php\/wp-json\/wp\/v2\/categories?post=121595"},{"taxonomy":"post_tag","embeddable":true,"href":"https:\/\/www.blogdopaulonunes.com\/v5\/index.php\/wp-json\/wp\/v2\/tags?post=121595"}],"curies":[{"name":"wp","href":"https:\/\/api.w.org\/{rel}","templated":true}]}}