{"id":121571,"date":"2024-11-24T11:49:22","date_gmt":"2024-11-24T14:49:22","guid":{"rendered":"https:\/\/www.blogdopaulonunes.com\/v5\/?p=121571"},"modified":"2024-11-24T11:53:50","modified_gmt":"2024-11-24T14:53:50","slug":"o-que-fez-advogado-de-cid-recuar-apos-dizer-que-bolsonaro-sabia-de-plano-para-matar-lula","status":"publish","type":"post","link":"https:\/\/www.blogdopaulonunes.com\/v5\/index.php\/2024\/11\/24\/o-que-fez-advogado-de-cid-recuar-apos-dizer-que-bolsonaro-sabia-de-plano-para-matar-lula\/","title":{"rendered":"O que fez advogado de Cid recuar ap\u00f3s dizer que Bolsonaro sabia de plano para matar Lula"},"content":{"rendered":"<h5 class=\"bajada\" style=\"text-align: justify;\">Cezar Bitencourt recuou ap\u00f3s alguns minutos fora do ar. Sem esconder o constrangimento, advogado de Mauro Cid foi indagado por Andreia Sadi, da GloboNews, se estava &#8220;sendo pressionado por algu\u00e9m desde que come\u00e7ou a dar a entrevista&#8221;<\/h5>\n<p style=\"text-align: justify;\">Contratado pela fam\u00edlia do tenente coronel Mauro Cid, ex-ajudante de ordens de Jair Bolsonaro (PL), o advogado Cesar Bitencourt causou espanto durante\u00a0<a href=\"https:\/\/revistaforum.com.br\/politica\/2024\/11\/22\/video-advogado-de-mauro-cid-entrega-ex-presidente-bolsonaro-169724.html\" target=\"_blank\" rel=\"noopener\">entrevista na Globonews<\/a>\u00a0ao mudar repentinamente de posi\u00e7\u00e3o sobre um fato que havia acabado de confirmar.<\/p>\n<p style=\"text-align: justify;\">A express\u00e3o preocupada de Bitencourt, que ficou fora do ar por alguns minutos antes de negar o que havia dito, preocupou as jornalistas Fl\u00e1via Oliveira e Andreia Sadi, que chegou a indagar se o advogado do militar estava &#8220;sendo pressionado por algu\u00e9m desde que come\u00e7ou a dar a entrevista&#8221;.<\/p>\n<p style=\"text-align: justify;\">O advogado negou dizendo que a press\u00e3o era &#8220;a entrevista em si, s\u00e3o os fatos&#8221;. &#8220;Acontece que foi um dia inteiro e eu n\u00e3o posso lembrar de tudo o que aconteceu&#8221;, alegou.<\/p>\n<div class=\"css-1dbjc4n\">\n<div class=\"css-901oao r-18jsvk2 r-1dqbpge r-1qd0xha r-adyw6z r-16dba41 r-135wba7 r-bcqeeo r-bnwqim r-qvutc0\" dir=\"auto\" lang=\"pt\" style=\"text-align: justify;\" data-testid=\"tweetText\"><span class=\"css-901oao css-16my406 r-poiln3 r-bcqeeo r-qvutc0\">Cezar Bitencourt, advogado de Mauro Cid responde <\/span><span class=\"r-18u37iz\"><a class=\"css-4rbku5 css-18t94o4 css-901oao css-16my406 r-1loqt21 r-poiln3 r-bcqeeo r-qvutc0\" dir=\"ltr\" role=\"link\" href=\"https:\/\/twitter.com\/flaviaol?ref_src=twsrc%5Etfw%7Ctwcamp%5Etweetembed%7Ctwterm%5E1860010413829857704%7Ctwgr%5E55e129e266c57185869d4d8584968396456d7c6d%7Ctwcon%5Es1_&amp;ref_url=https%3A%2F%2Fd-13673664963483862657.ampproject.net%2F2410292120000%2Fframe.html\" target=\"_blank\" rel=\"noopener noreferrer nofollow\">@flaviaol<\/a><\/span><span class=\"css-901oao css-16my406 r-poiln3 r-bcqeeo r-qvutc0\"> e diz que n\u00e3o lembrar se Cid foi questionado objetivamente sobre datas e hor\u00e1rios de encontros e resolu\u00e7\u00e3o de minutas de golpe: \u201cN\u00e3o me lembro de nada disso\u201d. <\/span><span class=\"css-901oao css-16my406 r-poiln3 r-bcqeeo r-qvutc0\"> Assista na <\/span><span class=\"r-18u37iz\"><a class=\"css-4rbku5 css-18t94o4 css-901oao css-16my406 r-1loqt21 r-poiln3 r-bcqeeo r-qvutc0\" dir=\"ltr\" role=\"link\" href=\"https:\/\/twitter.com\/hashtag\/GloboNews?ref_src=twsrc%5Etfw%7Ctwcamp%5Etweetembed%7Ctwterm%5E1860010413829857704%7Ctwgr%5E55e129e266c57185869d4d8584968396456d7c6d%7Ctwcon%5Es1_&amp;ref_url=https%3A%2F%2Fd-13673664963483862657.ampproject.net%2F2410292120000%2Fframe.html&amp;src=hashtag_click\" target=\"_blank\" rel=\"noopener noreferrer nofollow\">#GloboNews<\/a><\/span><span class=\"css-901oao css-16my406 r-poiln3 r-bcqeeo r-qvutc0\">: <\/span><a class=\"css-4rbku5 css-18t94o4 css-901oao css-16my406 r-1loqt21 r-poiln3 r-bcqeeo r-qvutc0\" dir=\"ltr\" role=\"link\" href=\"https:\/\/t.co\/bFwcwLqjJH\" target=\"_blank\" rel=\"noopener noreferrer nofollow\"><span class=\"css-901oao css-16my406 r-poiln3 r-hiw28u r-qvk6io r-bcqeeo r-qvutc0\" aria-hidden=\"true\">http:\/\/<\/span>glo.bo\/39WjXAu<\/a> <span class=\"r-18u37iz\"><a class=\"css-4rbku5 css-18t94o4 css-901oao css-16my406 r-1loqt21 r-poiln3 r-bcqeeo r-qvutc0\" dir=\"ltr\" role=\"link\" href=\"https:\/\/twitter.com\/hashtag\/Est%C3%BAdioi?ref_src=twsrc%5Etfw%7Ctwcamp%5Etweetembed%7Ctwterm%5E1860010413829857704%7Ctwgr%5E55e129e266c57185869d4d8584968396456d7c6d%7Ctwcon%5Es1_&amp;ref_url=https%3A%2F%2Fd-13673664963483862657.ampproject.net%2F2410292120000%2Fframe.html&amp;src=hashtag_click\" target=\"_blank\" rel=\"noopener noreferrer nofollow\">#Est\u00fadioi<\/a><\/span><\/div>\n<\/div>\n<div class=\"css-1dbjc4n r-1ets6dv r-1q9bdsx r-1phboty r-rs99b7 r-1s2bzr4 r-1udh08x\">\n<div class=\"css-1dbjc4n r-1niwhzg r-1yadl64 r-109y4c4 r-1udh08x r-t60dpp r-u8s1d r-92ng3h\"><\/div>\n<\/div>\n<p style=\"text-align: justify;\">Bitencourt havia confirmado logo no in\u00edcio que Jair Bolsonaro sabia de todo o plano golpista, segundo Mauro Cid. Inclusive do planejamento da opera\u00e7\u00e3o &#8220;Punhal Verde e Amarelo&#8221;, articulada pelo ex-ministro-adjunto da Secretaria-Geral a Presid\u00eancia, general Mario Fernandes, para assassinar Lula, Geraldo Alckmin (PSB) e Alexandre de Moraes, ent\u00e3o presidente do Tribunal Superior Eleitoral (TSE).<\/p>\n<p style=\"text-align: justify;\">&#8220;Confirmo que sabia, sim, na verdade o presidente de ent\u00e3o sabia de tudo. Na verdade, comandava essa organiza\u00e7\u00e3o&#8221;, declarou o advogado Cezar Bittencourt, revelando que tal informa\u00e7\u00e3o foi dada por Mauro Cid ao ministro Alexandre de Moraes durante depoimento realizado no Supremo Tribunal Federal (STF) na quinta-feira (21).<\/p>\n<p style=\"text-align: justify;\">Em seguida, o advogado saiu do ar. Segundo Andreia Sadi, houve problemas com a c\u00e2mera de Bitencourt, que teria virado na entrevista remota. &#8220;Eu observei isso e falei, doutor Cesar, antes de continuar vamos tentar arrumar a tela&#8221;, disse a jornalista.<\/p>\n<p style=\"text-align: justify;\">Ap\u00f3s breve sa\u00edda do ar, o advogado voltou e pediu para fazer um ajuste na declara\u00e7\u00e3o que deu anteriormente.<\/p>\n<p style=\"text-align: justify;\">&#8220;Uma coisa importante a retificar, parece que saiu uma coisa errada ai. Eu n\u00e3o disse que o Bolsonaro sabia de tudo. At\u00e9 porque o &#8216;tudo&#8217; \u00e9 muita coisa. Alguma coisa ele tinha evidentemente conhecimento. Mas, o que \u00e9 o plano? O plano tem um desenvolvimento muito grande&#8221;, disse transparecendo certo constrangimento.<\/p>\n<p style=\"text-align: justify;\">A jornalista, ent\u00e3o, reitera que o advogado &#8220;acabou de falar que ele sabia do plano de execu\u00e7\u00e3o e do plano do golpe&#8221;.<\/p>\n<p style=\"text-align: justify;\">&#8220;O presidente, segundo a informa\u00e7\u00e3o, teria conhecimento dos acontecimentos que estavam se desenvolvendo, isso ele n\u00e3o pode negar, mas n\u00e3o tem nada al\u00e9m disso. Eu n\u00e3o falei plano de morte, plano de execu\u00e7\u00e3o, de execu\u00e7\u00e3o como sendo o plano de morte, falei da execu\u00e7\u00e3o do plano pensado, imaginado, desenvolvido, nesse sentido&#8221;, recuou o advogado que, em seguida, foi indagado se estava sendo pressionado.<\/p>\n<p style=\"text-align: justify;\">Explos\u00e3o<br \/>\nSegundo Igor Gadelha, no portal Metr\u00f3poles neste s\u00e1bado (23), o constrangido recuo de Cezar Bitencourt na entrevista \u00e0 Globonews estaria relacionado a uma conversa com o cliente, o tenente-coronel Mauro Cid.<\/p>\n<p style=\"text-align: justify;\">O ex-ajudante de Bolsonaro teria se irritado com a declara\u00e7\u00e3o divulgada pelo advogado de que o ex-presidente sabia do plano para matar Lula.<\/p>\n<p style=\"text-align: justify;\">Diante da irrita\u00e7\u00e3o com as entrevistas, Cid teria &#8220;explodido&#8221; em telefonema feito a Cezar Bitencourt.<\/p>\n<p style=\"text-align: justify;\">O tenente coronel tamb\u00e9m teria mandado o advogado recuar das declara\u00e7\u00f5es em que confirmava que Bolsonaro sabia do plano para matar Lula. &#8220;Cezar Bittencourt assim fez&#8221;, afirma o jornalista do Metr\u00f3poles.<\/p>\n","protected":false},"excerpt":{"rendered":"<p>Cezar Bitencourt recuou ap\u00f3s alguns minutos fora do ar. Sem esconder o constrangimento, advogado de Mauro Cid foi indagado por Andreia Sadi, da GloboNews, se estava &#8220;sendo pressionado por algu\u00e9m desde que come\u00e7ou a dar a entrevista&#8221; Contratado pela fam\u00edlia do tenente coronel Mauro Cid, ex-ajudante de ordens de Jair Bolsonaro (PL), o advogado Cesar [&hellip;]<\/p>\n","protected":false},"author":2,"featured_media":121572,"comment_status":"open","ping_status":"open","sticky":false,"template":"","format":"standard","meta":[],"categories":[127,72],"tags":[4914],"_links":{"self":[{"href":"https:\/\/www.blogdopaulonunes.com\/v5\/index.php\/wp-json\/wp\/v2\/posts\/121571"}],"collection":[{"href":"https:\/\/www.blogdopaulonunes.com\/v5\/index.php\/wp-json\/wp\/v2\/posts"}],"about":[{"href":"https:\/\/www.blogdopaulonunes.com\/v5\/index.php\/wp-json\/wp\/v2\/types\/post"}],"author":[{"embeddable":true,"href":"https:\/\/www.blogdopaulonunes.com\/v5\/index.php\/wp-json\/wp\/v2\/users\/2"}],"replies":[{"embeddable":true,"href":"https:\/\/www.blogdopaulonunes.com\/v5\/index.php\/wp-json\/wp\/v2\/comments?post=121571"}],"version-history":[{"count":3,"href":"https:\/\/www.blogdopaulonunes.com\/v5\/index.php\/wp-json\/wp\/v2\/posts\/121571\/revisions"}],"predecessor-version":[{"id":121575,"href":"https:\/\/www.blogdopaulonunes.com\/v5\/index.php\/wp-json\/wp\/v2\/posts\/121571\/revisions\/121575"}],"wp:featuredmedia":[{"embeddable":true,"href":"https:\/\/www.blogdopaulonunes.com\/v5\/index.php\/wp-json\/wp\/v2\/media\/121572"}],"wp:attachment":[{"href":"https:\/\/www.blogdopaulonunes.com\/v5\/index.php\/wp-json\/wp\/v2\/media?parent=121571"}],"wp:term":[{"taxonomy":"category","embeddable":true,"href":"https:\/\/www.blogdopaulonunes.com\/v5\/index.php\/wp-json\/wp\/v2\/categories?post=121571"},{"taxonomy":"post_tag","embeddable":true,"href":"https:\/\/www.blogdopaulonunes.com\/v5\/index.php\/wp-json\/wp\/v2\/tags?post=121571"}],"curies":[{"name":"wp","href":"https:\/\/api.w.org\/{rel}","templated":true}]}}