{"id":121562,"date":"2024-11-23T20:10:45","date_gmt":"2024-11-23T23:10:45","guid":{"rendered":"https:\/\/www.blogdopaulonunes.com\/v5\/?p=121562"},"modified":"2024-11-23T20:10:45","modified_gmt":"2024-11-23T23:10:45","slug":"bndes-aprova-r-567-milhoes-para-conectar-500-mil-alunos-de-escolas-publicas-no-norte-e-nordeste","status":"publish","type":"post","link":"https:\/\/www.blogdopaulonunes.com\/v5\/index.php\/2024\/11\/23\/bndes-aprova-r-567-milhoes-para-conectar-500-mil-alunos-de-escolas-publicas-no-norte-e-nordeste\/","title":{"rendered":"BNDES aprova R$ 56,7 milh\u00f5es para conectar 500 mil alunos de escolas p\u00fablicas no Norte e Nordeste"},"content":{"rendered":"<p style=\"text-align: justify;\"><strong>Iniciativa busca reduzir desigualdades digitais e promover inclus\u00e3o tecnol\u00f3gica em regi\u00f5es historicamente desfavorecidas<\/strong><\/p>\n<p style=\"text-align: justify;\">O Banco Nacional de Desenvolvimento Econ\u00f4mico e Social (BNDES) anunciou a aprova\u00e7\u00e3o de opera\u00e7\u00f5es do programa BNDES Fust \u2013 Escolas Conectadas, iniciativa em parceria com os minist\u00e9rios das Comunica\u00e7\u00f5es e da Educa\u00e7\u00e3o. A a\u00e7\u00e3o, detalhada em comunicado oficial, disponibilizar\u00e1 R$ 56,7 milh\u00f5es em recursos n\u00e3o reembols\u00e1veis provenientes do Fundo de Universaliza\u00e7\u00e3o dos Servi\u00e7os de Telecomunica\u00e7\u00f5es (Fust). O objetivo \u00e9 conectar 1.396 escolas p\u00fablicas localizadas em estados do Norte e Nordeste, beneficiando mais de 500 mil alunos.<\/p>\n<p style=\"text-align: justify;\">Os recursos ser\u00e3o destinados \u00e0s empresas Rix Internet (R$ 34,4 milh\u00f5es), Norte Brasil Network (R$ 20,4 milh\u00f5es) e Instituto Tecnol\u00f3gico Inova\u00e7\u00e3o (R$ 1,9 milh\u00f5es), selecionadas por chamada p\u00fablica em agosto deste ano. A Rix Internet ficar\u00e1 respons\u00e1vel pela implementa\u00e7\u00e3o de infraestrutura, conex\u00e3o e manuten\u00e7\u00e3o em estados como Amap\u00e1, Par\u00e1, Bahia, Maranh\u00e3o e Para\u00edba. J\u00e1 a Norte Brasil Network atuar\u00e1 no Acre e Amazonas, enquanto o Instituto Tecnol\u00f3gico Inova\u00e7\u00e3o monitorar\u00e1 remotamente a qualidade e velocidade da conex\u00e3o, al\u00e9m de elaborar relat\u00f3rios t\u00e9cnicos para o BNDES.<\/p>\n<p style=\"text-align: justify;\">A iniciativa faz parte da Estrat\u00e9gia Nacional de Escolas Conectadas (Enec), institu\u00edda pelo Decreto n\u00ba 11.713\/2023, que prev\u00ea investimentos de R$ 6,5 bilh\u00f5es at\u00e9 2026 para promover a equidade digital no acesso \u00e0 educa\u00e7\u00e3o b\u00e1sica. De acordo com o presidente do BNDES, Aloizio Mercadante, a conectividade nas escolas p\u00fablicas \u00e9 uma prioridade no governo do presidente Lula.<\/p>\n<blockquote><p>\u201cA conectividade \u00e9 t\u00e3o fundamental quanto a luz no s\u00e9culo XXI. Queremos oferecer aos alunos da escola p\u00fablica as mesmas condi\u00e7\u00f5es de acesso \u00e0 tecnologia que um estudante de escola particular possui\u201d, destacou Mercadante.<\/p><\/blockquote>\n<p>O ministro das Comunica\u00e7\u00f5es, Juscelino Filho, tamb\u00e9m enfatizou a import\u00e2ncia do Fust como ferramenta estrat\u00e9gica para ampliar a inclus\u00e3o digital:<\/p>\n<blockquote><p>\u201cTemos que investir em infraestrutura digital para garantir que a internet chegue a todos os estudantes. O Fust \u00e9 um mecanismo essencial para alcan\u00e7armos essa meta.\u201d<\/p><\/blockquote>\n<h3>Desafios de conectividade nas escolas p\u00fablicas<\/h3>\n<p style=\"text-align: justify;\">Embora 88% das escolas p\u00fablicas tenham relatado acesso \u00e0 internet no Censo Escolar de 2023, a qualidade e o escopo desse acesso ainda s\u00e3o muito desiguais. Institui\u00e7\u00f5es em regi\u00f5es urbanas do Sudeste, por exemplo, possuem infraestrutura muito mais avan\u00e7ada do que escolas ribeirinhas na Amaz\u00f4nia, onde a conex\u00e3o via sat\u00e9lite \u00e9 a \u00fanica alternativa.<\/p>\n<p style=\"text-align: justify;\">O programa busca corrigir essas disparidades ao investir em infraestrutura e servi\u00e7os que permitam o uso pedag\u00f3gico significativo da tecnologia, contribuindo para a transforma\u00e7\u00e3o digital nas escolas e ampliando as possibilidades educacionais para estudantes de \u00e1reas remotas.<\/p>\n<h3>O papel do Fust<\/h3>\n<p style=\"text-align: justify;\">Criado pela Lei n\u00ba 9.998\/2000, o Fust tem como miss\u00e3o promover o desenvolvimento de redes de telecomunica\u00e7\u00e3o de qualidade e reduzir as desigualdades regionais no acesso a esses servi\u00e7os. Al\u00e9m de financiar projetos como o Escolas Conectadas, o fundo busca fomentar o uso de tecnologias inovadoras que impactem positivamente o desenvolvimento social e econ\u00f4mico.<\/p>\n<p style=\"text-align: justify;\">Com esta nova iniciativa, o BNDES reafirma seu compromisso com a educa\u00e7\u00e3o como motor de inclus\u00e3o e desenvolvimento. O programa n\u00e3o apenas conecta escolas, mas abre portas para um futuro em que todos os estudantes brasileiros possam ter as mesmas oportunidades de aprendizado, independentemente de sua localiza\u00e7\u00e3o geogr\u00e1fica.<\/p>\n","protected":false},"excerpt":{"rendered":"<p>Iniciativa busca reduzir desigualdades digitais e promover inclus\u00e3o tecnol\u00f3gica em regi\u00f5es historicamente desfavorecidas O Banco Nacional de Desenvolvimento Econ\u00f4mico e Social (BNDES) anunciou a aprova\u00e7\u00e3o de opera\u00e7\u00f5es do programa BNDES Fust \u2013 Escolas Conectadas, iniciativa em parceria com os minist\u00e9rios das Comunica\u00e7\u00f5es e da Educa\u00e7\u00e3o. A a\u00e7\u00e3o, detalhada em comunicado oficial, disponibilizar\u00e1 R$ 56,7 milh\u00f5es [&hellip;]<\/p>\n","protected":false},"author":2,"featured_media":121563,"comment_status":"open","ping_status":"open","sticky":false,"template":"","format":"standard","meta":[],"categories":[82,105],"tags":[4912,236,263],"_links":{"self":[{"href":"https:\/\/www.blogdopaulonunes.com\/v5\/index.php\/wp-json\/wp\/v2\/posts\/121562"}],"collection":[{"href":"https:\/\/www.blogdopaulonunes.com\/v5\/index.php\/wp-json\/wp\/v2\/posts"}],"about":[{"href":"https:\/\/www.blogdopaulonunes.com\/v5\/index.php\/wp-json\/wp\/v2\/types\/post"}],"author":[{"embeddable":true,"href":"https:\/\/www.blogdopaulonunes.com\/v5\/index.php\/wp-json\/wp\/v2\/users\/2"}],"replies":[{"embeddable":true,"href":"https:\/\/www.blogdopaulonunes.com\/v5\/index.php\/wp-json\/wp\/v2\/comments?post=121562"}],"version-history":[{"count":1,"href":"https:\/\/www.blogdopaulonunes.com\/v5\/index.php\/wp-json\/wp\/v2\/posts\/121562\/revisions"}],"predecessor-version":[{"id":121564,"href":"https:\/\/www.blogdopaulonunes.com\/v5\/index.php\/wp-json\/wp\/v2\/posts\/121562\/revisions\/121564"}],"wp:featuredmedia":[{"embeddable":true,"href":"https:\/\/www.blogdopaulonunes.com\/v5\/index.php\/wp-json\/wp\/v2\/media\/121563"}],"wp:attachment":[{"href":"https:\/\/www.blogdopaulonunes.com\/v5\/index.php\/wp-json\/wp\/v2\/media?parent=121562"}],"wp:term":[{"taxonomy":"category","embeddable":true,"href":"https:\/\/www.blogdopaulonunes.com\/v5\/index.php\/wp-json\/wp\/v2\/categories?post=121562"},{"taxonomy":"post_tag","embeddable":true,"href":"https:\/\/www.blogdopaulonunes.com\/v5\/index.php\/wp-json\/wp\/v2\/tags?post=121562"}],"curies":[{"name":"wp","href":"https:\/\/api.w.org\/{rel}","templated":true}]}}