{"id":121549,"date":"2024-11-22T04:00:45","date_gmt":"2024-11-22T07:00:45","guid":{"rendered":"https:\/\/www.blogdopaulonunes.com\/v5\/?p=121549"},"modified":"2024-11-22T04:01:21","modified_gmt":"2024-11-22T07:01:21","slug":"exclusivo-o-medo-do-golpe-dentro-do-golpe-cupula-militar-desconfiou-de-rasteira-de-braga-netto","status":"publish","type":"post","link":"https:\/\/www.blogdopaulonunes.com\/v5\/index.php\/2024\/11\/22\/exclusivo-o-medo-do-golpe-dentro-do-golpe-cupula-militar-desconfiou-de-rasteira-de-braga-netto\/","title":{"rendered":"EXCLUSIVO: o medo do &#8220;golpe dentro do golpe&#8221;: c\u00fapula militar desconfiou de &#8220;rasteira&#8221; de Braga Netto"},"content":{"rendered":"<p style=\"text-align: justify;\"><em>Generais desconfiavam de Braga Netto e temiam que ele pudesse liderar um \u201cgolpe dentro do golpe\u201d para consolidar seu poder nas For\u00e7as Armadas<\/em><\/p>\n<div class=\"article-content--autor\">\n<div class=\"el-autor\">\n<div class=\"foto-autor\"><a class=\"nota-link-autor\" title=\"Ir al perfil de Cleber Louren\u00e7o\" href=\"https:\/\/revistaforum.com.br\/autor\/cleberlourenco.html\"><img class=\"i-amphtml-fill-content i-amphtml-replaced-content\" src=\"https:\/\/revistaforum.com.br\/u\/aps\/noticias\/fotografias\/autor-363_m.jpg\" alt=\"Cleber Louren\u00e7o\" \/><\/a><\/div>\n<div class=\"nombre-autor\"><a class=\"nota-link-autor\" title=\"Ir al perfil de Cleber Louren\u00e7o\" href=\"https:\/\/revistaforum.com.br\/autor\/cleberlourenco.html\">Por\u00a0<span class=\"post-author-name change-utf\">Cleber Louren\u00e7o<\/span><\/a><\/div>\n<\/div>\n<div class=\"article-content--fecha uppdated\">\n<div class=\"datePublished\"><span class=\"escrito\">Escrito en\u00a0<\/span><span class=\"seccion\">POL\u00cdTICA<\/span>\u00a0<span class=\"el\">el<\/span>\u00a0<time class=\"fecha-time\" datetime=\"2024-11-21T11:9:00\">21\/11\/2024 \u00b7 11:09 hs<\/time><\/div>\n<\/div>\n<\/div>\n<div class=\"article-content--cuerpo\">\n<p style=\"text-align: justify;\">Generais do alto comando militar desconfiavam profundamente de Walter Souza Braga Netto, general e ex-ministro de Jair Bolsonaro (PL), temendo que ele pudesse liderar um &#8220;golpe dentro do golpe&#8221;, caso a tentativa golpista de 2022 tivesse sido bem-sucedida.<\/p>\n<p style=\"text-align: justify;\">As a\u00e7\u00f5es de Braga Netto, reveladas por investiga\u00e7\u00f5es da Pol\u00edcia Federal, inclu\u00edram ataques diretos a colegas de farda e tentativas de desestabilizar a hierarquia militar, ampliando divis\u00f5es internas e aprofundando as suspeitas de sua ambi\u00e7\u00e3o pessoal.<\/p>\n<h2>Ataques ao alto comando e maquina\u00e7\u00f5es reveladas<\/h2>\n<p style=\"text-align: justify;\">Mensagens descobertas em uma opera\u00e7\u00e3o da Pol\u00edcia Federal em fevereiro de 2024 indicaram que Braga Netto foi pe\u00e7a central em uma campanha de cr\u00edticas e difama\u00e7\u00f5es contra generais que se opunham \u00e0s articula\u00e7\u00f5es golpistas entre novembro de 2022 e janeiro de 2023.<\/p>\n<p style=\"text-align: justify;\">Um dos alvos foi o ent\u00e3o comandante da For\u00e7a A\u00e9rea Brasileira, tenente-brigadeiro Carlos de Almeida Baptista Junior, descrito como &#8220;bolsonarista at\u00e9 o \u00faltimo fio&#8221;, mas que se recusou a engajar diretamente na tentativa de golpe. Outro alvo frequente foi o general Marco Ant\u00f4nio Freire Gomes, comandante do Ex\u00e9rcito \u00e0 \u00e9poca, criticado por se posicionar contra os movimentos golpistas.<\/p>\n<p style=\"text-align: justify;\">Braga Netto utilizou redes sociais e aliados para promover campanhas de desestabiliza\u00e7\u00e3o interna. O pr\u00f3prio Baptista Junior respondeu publicamente \u00e0s a\u00e7\u00f5es, publicando uma mensagem que dizia: &#8220;A ambi\u00e7\u00e3o derrota o car\u00e1ter dos fracos. [&#8230;] N\u00e3o tenho mais o direito de me iludir com o ser humano, nem mesmo aqueles que julgava amigos e foram derrotados pelas suas ambi\u00e7\u00f5es.&#8221;<\/p>\n<p style=\"text-align: justify;\">Al\u00e9m disso, o comandante da Aeron\u00e1utica, tenente-brigadeiro Marcelo Kanitz Damasceno, publicou um texto em tom de cr\u00edtica velada, exaltando os &#8220;posicionamentos democr\u00e1ticos&#8221; de Baptista Junior e rejeitando &#8220;indesej\u00e1veis e desprez\u00edveis comportamentos&#8221; que tentam &#8220;impor a plena exclusividade sobre o arb\u00edtrio e o sentimento alheios&#8221;. Fontes confirmaram que as cr\u00edticas eram direcionadas a Braga Netto, em refer\u00eancia direta \u00e0s suas a\u00e7\u00f5es divisivas.<\/p>\n<h2>Temores de um &#8220;golpe dentro do golpe&#8221;<\/h2>\n<p style=\"text-align: justify;\">O hist\u00f3rico autorit\u00e1rio de Braga Netto, sua ascens\u00e3o mete\u00f3rica dentro do governo Bolsonaro e sua candidatura a vice-presidente em 2022 alimentaram temores de que ele pudesse replicar epis\u00f3dios hist\u00f3ricos como o de Sylvio Frota, que tentou liderar um &#8220;golpe dentro do golpe&#8221; contra o presidente Geisel nos anos 1970. Generais viam em Braga Netto um risco \u00e0 coes\u00e3o institucional, temendo que ele priorizasse suas ambi\u00e7\u00f5es pessoais, mesmo em detrimento de aliados golpistas.<\/p>\n<p style=\"text-align: justify;\">As investiga\u00e7\u00f5es tamb\u00e9m indicaram que Braga Netto n\u00e3o possu\u00eda apre\u00e7o pela hierarquia tradicional das For\u00e7as Armadas, promovendo um ambiente de insubordina\u00e7\u00e3o que colocava em xeque a estabilidade interna. Esses epis\u00f3dios ilustram como suas a\u00e7\u00f5es exacerbaram as divis\u00f5es e fragilidades dentro do alto comando militar.<\/p>\n<p style=\"text-align: justify;\">O temor de um &#8220;golpe dentro do golpe&#8221; reflete a complexidade das divis\u00f5es internas nas For\u00e7as Armadas e a fragilidade do consenso institucional em momentos de crise.<\/p>\n<\/div>\n<p>&nbsp;<\/p>\n<div class=\"margen-top1\"><\/div>\n<div class=\"main-article--body\"><\/div>\n","protected":false},"excerpt":{"rendered":"<p>Generais desconfiavam de Braga Netto e temiam que ele pudesse liderar um \u201cgolpe dentro do golpe\u201d para consolidar seu poder nas For\u00e7as Armadas Por\u00a0Cleber Louren\u00e7o Escrito en\u00a0POL\u00cdTICA\u00a0el\u00a021\/11\/2024 \u00b7 11:09 hs Generais do alto comando militar desconfiavam profundamente de Walter Souza Braga Netto, general e ex-ministro de Jair Bolsonaro (PL), temendo que ele pudesse liderar um [&hellip;]<\/p>\n","protected":false},"author":2,"featured_media":121550,"comment_status":"open","ping_status":"open","sticky":false,"template":"","format":"standard","meta":[],"categories":[4890,72],"tags":[1130,921,1615],"_links":{"self":[{"href":"https:\/\/www.blogdopaulonunes.com\/v5\/index.php\/wp-json\/wp\/v2\/posts\/121549"}],"collection":[{"href":"https:\/\/www.blogdopaulonunes.com\/v5\/index.php\/wp-json\/wp\/v2\/posts"}],"about":[{"href":"https:\/\/www.blogdopaulonunes.com\/v5\/index.php\/wp-json\/wp\/v2\/types\/post"}],"author":[{"embeddable":true,"href":"https:\/\/www.blogdopaulonunes.com\/v5\/index.php\/wp-json\/wp\/v2\/users\/2"}],"replies":[{"embeddable":true,"href":"https:\/\/www.blogdopaulonunes.com\/v5\/index.php\/wp-json\/wp\/v2\/comments?post=121549"}],"version-history":[{"count":1,"href":"https:\/\/www.blogdopaulonunes.com\/v5\/index.php\/wp-json\/wp\/v2\/posts\/121549\/revisions"}],"predecessor-version":[{"id":121551,"href":"https:\/\/www.blogdopaulonunes.com\/v5\/index.php\/wp-json\/wp\/v2\/posts\/121549\/revisions\/121551"}],"wp:featuredmedia":[{"embeddable":true,"href":"https:\/\/www.blogdopaulonunes.com\/v5\/index.php\/wp-json\/wp\/v2\/media\/121550"}],"wp:attachment":[{"href":"https:\/\/www.blogdopaulonunes.com\/v5\/index.php\/wp-json\/wp\/v2\/media?parent=121549"}],"wp:term":[{"taxonomy":"category","embeddable":true,"href":"https:\/\/www.blogdopaulonunes.com\/v5\/index.php\/wp-json\/wp\/v2\/categories?post=121549"},{"taxonomy":"post_tag","embeddable":true,"href":"https:\/\/www.blogdopaulonunes.com\/v5\/index.php\/wp-json\/wp\/v2\/tags?post=121549"}],"curies":[{"name":"wp","href":"https:\/\/api.w.org\/{rel}","templated":true}]}}