{"id":121547,"date":"2024-11-22T03:45:53","date_gmt":"2024-11-22T06:45:53","guid":{"rendered":"https:\/\/www.blogdopaulonunes.com\/v5\/?p=121547"},"modified":"2024-11-22T03:45:53","modified_gmt":"2024-11-22T06:45:53","slug":"historico-da-uesb-universidade-do-sudoeste-da-bahia","status":"publish","type":"post","link":"https:\/\/www.blogdopaulonunes.com\/v5\/index.php\/2024\/11\/22\/historico-da-uesb-universidade-do-sudoeste-da-bahia\/","title":{"rendered":"Hist\u00f3rico da UESB (Universidade do Sudoeste da Bahia)"},"content":{"rendered":"<p style=\"text-align: justify;\">A Universidade Estadual do Sudoeste da Bahia (Uesb) \u00e9 uma institui\u00e7\u00e3o multicampi, com sede na cidade de Vit\u00f3ria da Conquista, situada na Mesorregi\u00e3o do Centro-Sul baiano, \u00e9 a terceira maior cidade da Bahia, com mais de\u00a0348 mil habitantes, segundo dados de 2017 do Instituto Brasileiro de Geografia e Estat\u00edstica (IBGE).<\/p>\n<p style=\"text-align: justify;\">A Uesb possui mais dois campi, sendo um na cidade de Jequi\u00e9, importante polo comercial e de servi\u00e7os da regi\u00e3o, com uma popula\u00e7\u00e3o de 162.209\u00a0 habitantes e, outro, na cidade de Itapetinga, que se destaca como polo pastoril do Estado, com popula\u00e7\u00e3o de 77.533 habitantes.<\/p>\n<p style=\"text-align: justify;\">Estas sub-regi\u00f5es, formadas por um bloco de munic\u00edpios, apresentam dinamismo demogr\u00e1fico relevante, contando com uma economia rural relativamente diversificada (caf\u00e9, pecu\u00e1ria, hortifrutigranjeiros e algum cacau), alguma atividade industrial e significativa oferta de servi\u00e7os.<a href=\"https:\/\/www.blogdopaulonunes.com\/v5\/wp-content\/uploads\/2023\/08\/queijo-produzido-na-UESB-Itapetinga9.png\"><img loading=\"lazy\" class=\"aligncenter size-full wp-image-115523\" src=\"https:\/\/www.blogdopaulonunes.com\/v5\/wp-content\/uploads\/2023\/08\/queijo-produzido-na-UESB-Itapetinga9.png\" alt=\"\" width=\"328\" height=\"220\" \/><\/a><\/p>\n<p style=\"text-align: justify;\">O surgimento da Uesb ocorreu a partir da pol\u00edtica de interioriza\u00e7\u00e3o do Ensino Superior, contida no Plano Integral de Educa\u00e7\u00e3o do Governo do Estado, de 1969, com a instala\u00e7\u00e3o das Faculdades de Forma\u00e7\u00e3o de Professores, nos munic\u00edpios de Vit\u00f3ria da Conquista, Jequi\u00e9, Feira de Santana e Alagoinhas, que se somava \u00e0 Faculdade de Agronomia do M\u00e9dio S\u00e3o Francisco (Famesf), criada na d\u00e9cada de 1950.<\/p>\n<p style=\"text-align: justify;\">At\u00e9 meados de 1960, existiam apenas duas universidades e algumas institui\u00e7\u00f5es de Ensino Superior isoladas. O Governo Estadual evidenciava uma preocupa\u00e7\u00e3o com a pol\u00edtica global de desenvolvimento do sistema de educa\u00e7\u00e3o em todos os n\u00edveis e, com a interioriza\u00e7\u00e3o, procurou organizar, espacialmente, o ensino superior. A crescente expans\u00e3o da rede p\u00fablica estadual de ensino de 1\u00ba e 2\u00ba graus exigia a fixa\u00e7\u00e3o, no interior, de pessoal qualificado para o exerc\u00edcio do magist\u00e9rio, o incentivo da pesquisa cient\u00edfica e a difus\u00e3o de uma cultura universit\u00e1ria.<\/p>\n<p><a href=\"https:\/\/www.blogdopaulonunes.com\/v5\/wp-content\/uploads\/2022\/04\/Uesb-jequie-odonto.png1_.png\"><img loading=\"lazy\" class=\"aligncenter size-full wp-image-108380\" src=\"https:\/\/www.blogdopaulonunes.com\/v5\/wp-content\/uploads\/2022\/04\/Uesb-jequie-odonto.png1_.png\" alt=\"\" width=\"320\" height=\"216\" \/><\/a><\/p>\n<p style=\"text-align: justify;\">Em 1962, atrav\u00e9s da Lei n\u00ba 1.802, de 25\/10, s\u00e3o criadas as Faculdades de Filosofia, Ci\u00eancias e Letras de Vit\u00f3ria da Conquista, Jequi\u00e9, Feira de Santana, Ilh\u00e9us, Caetit\u00e9 e Juazeiro, procurando atender \u00e0quelas exig\u00eancias.\u00a0Em 1969, \u00e9 criada a Faculdade de Educa\u00e7\u00e3o de Vit\u00f3ria da Conquista, pelo Decreto Federal n\u00ba 21.363, de 20\/07. Ainda neste ano, atrav\u00e9s da Lei n\u00ba 2.741, de 11\/11, a Faculdade \u00e9 constitu\u00edda como Autarquia.\u00a0Em 1970, o Poder Executivo, autorizado pela Lei n\u00ba 2.852, de 09\/11, institui a Funda\u00e7\u00e3o Faculdade de Educa\u00e7\u00e3o de Jequi\u00e9, denominada, posteriormente de Autarquia, pelo Decreto n\u00ba 23.135\/70.<\/p>\n<p style=\"text-align: justify;\">As Faculdades s\u00f3 teriam os funcionamentos efetivados com a implanta\u00e7\u00e3o dos cursos de Letras, em Vit\u00f3ria da Conquista (1971), Ci\u00eancias e Letras, em Jequi\u00e9 (1972), licenciaturas curtas, autorizadas, respectivamente, pelos Decretos Federais n\u00ba 68.219, de 11\/02\/71, n\u00ba 79.130, de 17\/01\/77 e n\u00ba 80.551, e 11\/10\/77. O reconhecimento dos cursos ocorreria pelo Decreto Federal n\u00ba 79.252, de 14\/02\/77 (Letras, em Vit\u00f3ria da Conquista), e pela Portaria Ministerial n\u00ba 37, de 09\/02\/84 (Ci\u00eancias e Letras, em Jequi\u00e9).<\/p>\n<p><a href=\"https:\/\/www.blogdopaulonunes.com\/v5\/wp-content\/uploads\/2022\/05\/uesb-ciencia.png1_.png\"><img loading=\"lazy\" class=\"aligncenter size-full wp-image-108831\" src=\"https:\/\/www.blogdopaulonunes.com\/v5\/wp-content\/uploads\/2022\/05\/uesb-ciencia.png1_.png\" alt=\"\" width=\"213\" height=\"141\" \/><\/a><\/p>\n<p style=\"text-align: justify;\">Somente em 1980 veio a falar-se em universidade, quando, pela Lei n\u00ba 3.799, de 23\/05, o Poder Executivo instituiu uma Funda\u00e7\u00e3o para \u201ccriar e manter uma universidade no Sudoeste do Estado\u201d.\u00a0A Funda\u00e7\u00e3o Educacional do Sudoeste \u00e9 criada pelo Decreto n\u00ba 27.450, de 12\/08\/80, com o objetivo de \u201cimplantar e manter uma Universidade no Sudoeste, incorporando ao seu patrim\u00f4nio os bens e direitos pertencentes \u00e0s Faculdades existentes em Vit\u00f3ria da Conquista e Jequi\u00e9\u201d.<\/p>\n<p style=\"text-align: justify;\">Em 1980, atrav\u00e9s da Lei Delegada n\u00ba 12, de 30\/12\/80, a Funda\u00e7\u00e3o Educacional do Sudoeste \u00e9 extinta, como mantenedora da Universidade, sendo criada a Autarquia Universidade do Sudoeste. O Regulamento de Implanta\u00e7\u00e3o dessa Universidade foi aprovado em 25\/08\/81, pelo Decreto n\u00ba 28.169, sendo a ela incorporadas as Faculdades de Forma\u00e7\u00e3o de Professores, a Faculdade de Administra\u00e7\u00e3o e outras unidades que viessem a ser institu\u00eddas e a ela vinculadas.<a href=\"https:\/\/www.blogdopaulonunes.com\/v5\/wp-content\/uploads\/2023\/04\/LGBT-UESB9.png\"><img loading=\"lazy\" class=\"aligncenter size-full wp-image-114007\" src=\"https:\/\/www.blogdopaulonunes.com\/v5\/wp-content\/uploads\/2023\/04\/LGBT-UESB9.png\" alt=\"\" width=\"300\" height=\"226\" \/><\/a><\/p>\n<p style=\"text-align: justify;\">Com a constitui\u00e7\u00e3o da Autarquia s\u00e3o implantados, tamb\u00e9m, as Escolas de Agronomia, em Vit\u00f3ria da Conquista, Zootecnia, em Itapetinga, e Enfermagem, em Jequi\u00e9.<\/p>\n<p style=\"text-align: justify;\">No in\u00edcio de 1984, a partir de conv\u00eanio entre a Uesb e a Funda\u00e7\u00e3o de Apoio \u00e0 Pesquisa e Extens\u00e3o (Fapex) e, sob a coordena\u00e7\u00e3o do Centro de Estudos Interdisciplinares para o Setor P\u00fablico ISP), da Universidade Federal da Bahia, foi elaborada a \u201cCarta Consulta\u201d. Ap\u00f3s dois anos de trabalho, este documento foi entregue ao Conselho Estadual de Educa\u00e7\u00e3o, para autoriza\u00e7\u00e3o de funcionamento da Uesb, em sistema multi-campi, vinculada \u00e0 Secretaria de Educa\u00e7\u00e3o e Cultura do Estado.<\/p>\n<p style=\"text-align: justify;\">Em seu parecer CEE n\u00ba 119\/87, o Conselho opina favoravelmente e, a partir deste parecer, o Governo Federal baixa o Decreto n\u00ba 94.250, de 22\/04\/87, autorizando o funcionamento da Universidade. O seu credenciamento veio ocorrer em 1998, atrav\u00e9s do Decreto n\u00ba 7.344, de 27\/05\/98, publicado no Di\u00e1rio Oficial do Estado da Bahia de 28\/05\/98.<\/p>\n<p><a href=\"https:\/\/www.blogdopaulonunes.com\/v5\/wp-content\/uploads\/2022\/05\/Uesb-ciencia-1.png2_.png\"><img loading=\"lazy\" class=\"aligncenter size-full wp-image-108830\" src=\"https:\/\/www.blogdopaulonunes.com\/v5\/wp-content\/uploads\/2022\/05\/Uesb-ciencia-1.png2_.png\" alt=\"\" width=\"225\" height=\"149\" \/><\/a><\/p>\n<p style=\"text-align: justify;\">Em 2003, foi encaminhado o processo de Recredenciamento ao Conselho Estadual de Educa\u00e7\u00e3o. Em 2006, atrav\u00e9s do Decreto n\u00ba 9.996, de 02 de maio de 2006, a Uesb foi Recredenciada por um per\u00edodo de oito anos.<\/p>\n<p style=\"text-align: justify;\">Em 2016, atrav\u00e9s do Decreto n\u00ba 16.825, de 04 de julho de 2016, publicado no DOE de 05.07.2016, a Uesb foi recredenciada por um per\u00edodo de oito anos. Dessa forma, a Universidade mant\u00e9m sua regularidade e ratifica sua qualidade na estrutura educacional, em seus tr\u00eas campi, bem como seu papel na melhoria e no desenvolvimento regional por meio do ensino, da pesquisa e da extens\u00e3o.<\/p>\n","protected":false},"excerpt":{"rendered":"<p>A Universidade Estadual do Sudoeste da Bahia (Uesb) \u00e9 uma institui\u00e7\u00e3o multicampi, com sede na cidade de Vit\u00f3ria da Conquista, situada na Mesorregi\u00e3o do Centro-Sul baiano, \u00e9 a terceira maior cidade da Bahia, com mais de\u00a0348 mil habitantes, segundo dados de 2017 do Instituto Brasileiro de Geografia e Estat\u00edstica (IBGE). A Uesb possui mais dois [&hellip;]<\/p>\n","protected":false},"author":2,"featured_media":113229,"comment_status":"open","ping_status":"open","sticky":false,"template":"","format":"standard","meta":[],"categories":[91,105],"tags":[577],"_links":{"self":[{"href":"https:\/\/www.blogdopaulonunes.com\/v5\/index.php\/wp-json\/wp\/v2\/posts\/121547"}],"collection":[{"href":"https:\/\/www.blogdopaulonunes.com\/v5\/index.php\/wp-json\/wp\/v2\/posts"}],"about":[{"href":"https:\/\/www.blogdopaulonunes.com\/v5\/index.php\/wp-json\/wp\/v2\/types\/post"}],"author":[{"embeddable":true,"href":"https:\/\/www.blogdopaulonunes.com\/v5\/index.php\/wp-json\/wp\/v2\/users\/2"}],"replies":[{"embeddable":true,"href":"https:\/\/www.blogdopaulonunes.com\/v5\/index.php\/wp-json\/wp\/v2\/comments?post=121547"}],"version-history":[{"count":1,"href":"https:\/\/www.blogdopaulonunes.com\/v5\/index.php\/wp-json\/wp\/v2\/posts\/121547\/revisions"}],"predecessor-version":[{"id":121548,"href":"https:\/\/www.blogdopaulonunes.com\/v5\/index.php\/wp-json\/wp\/v2\/posts\/121547\/revisions\/121548"}],"wp:featuredmedia":[{"embeddable":true,"href":"https:\/\/www.blogdopaulonunes.com\/v5\/index.php\/wp-json\/wp\/v2\/media\/113229"}],"wp:attachment":[{"href":"https:\/\/www.blogdopaulonunes.com\/v5\/index.php\/wp-json\/wp\/v2\/media?parent=121547"}],"wp:term":[{"taxonomy":"category","embeddable":true,"href":"https:\/\/www.blogdopaulonunes.com\/v5\/index.php\/wp-json\/wp\/v2\/categories?post=121547"},{"taxonomy":"post_tag","embeddable":true,"href":"https:\/\/www.blogdopaulonunes.com\/v5\/index.php\/wp-json\/wp\/v2\/tags?post=121547"}],"curies":[{"name":"wp","href":"https:\/\/api.w.org\/{rel}","templated":true}]}}