{"id":121319,"date":"2024-10-28T13:30:51","date_gmt":"2024-10-28T16:30:51","guid":{"rendered":"https:\/\/www.blogdopaulonunes.com\/v5\/?p=121319"},"modified":"2024-10-28T13:30:51","modified_gmt":"2024-10-28T16:30:51","slug":"estado-do-nordeste-precisa-de-393-mil-profissionais-qualificados-para-a-industria","status":"publish","type":"post","link":"https:\/\/www.blogdopaulonunes.com\/v5\/index.php\/2024\/10\/28\/estado-do-nordeste-precisa-de-393-mil-profissionais-qualificados-para-a-industria\/","title":{"rendered":"Estado do Nordeste precisa de 393 mil profissionais qualificados para a ind\u00fastria"},"content":{"rendered":"<div class=\"td_block_wrap tdb_title tdi_72 tdb-single-title td-pb-border-top td_block_template_1\" data-td-block-uid=\"tdi_72\">\n<div class=\"tdb-block-inner td-fix-index\"><\/div>\n<\/div>\n<div class=\"td_block_wrap tdb_single_featured_image tdi_75 tdb-content-horiz-left td-pb-border-top td_block_template_1\" data-td-block-uid=\"tdi_75\">\n<div class=\"tdb-block-inner td-fix-index\">\n<figure><figcaption class=\"tdb-caption-text\">trabalhador na ind\u00fastria Foto: Freepik<\/figcaption><\/figure>\n<\/div>\n<\/div>\n<div class=\"td_block_wrap tdb_single_post_share tdi_76  td-pb-border-top td_block_template_1\" data-td-block-uid=\"tdi_76\">\n<div id=\"tdi_76\" class=\"td-post-sharing tdb-block td-ps-bg td-ps-notext td-ps-rounded td-post-sharing-style3\">\n<div class=\"td-post-sharing-visible\">\n<div class=\"td-social-but-icon\"><\/div>\n<\/div>\n<\/div>\n<\/div>\n<div class=\"td_block_wrap tdb_single_content tdi_77 td-pb-border-top td_block_template_1 td-post-content tagdiv-type\" data-td-block-uid=\"tdi_77\">\n<div class=\"tdb-block-inner td-fix-index\">\n<p style=\"text-align: justify;\">Para atender \u00e0 crescente demanda da\u00a0<strong>ind\u00fastria em Pernambuco<\/strong>\u00a0nos pr\u00f3ximos tr\u00eas anos, o estado precisar\u00e1 qualificar 393,4 mil profissionais entre 2025 e 2027.<\/p>\n<p style=\"text-align: justify;\">A informa\u00e7\u00f5es s\u00e3o do\u00a0<strong>Mapa do Trabalho Industrial<\/strong>\u00a0do Observat\u00f3rio Nacional da Ind\u00fastria (ONI) da\u00a0<strong>CNI.<\/strong><\/p>\n<p style=\"text-align: justify;\">Ao mesmo tempo, esse n\u00famero inclui a forma\u00e7\u00e3o de\u00a0<strong>64,4 mil novos profissionai<\/strong>s e a requalifica\u00e7\u00e3o de\u00a0<strong>329,1 mil trabalhadores<\/strong>\u00a0que j\u00e1 est\u00e3o no mercado de trabalho.<\/p>\n<p style=\"text-align: justify;\">Desse modo, refletindo a necessidade de adapta\u00e7\u00e3o \u00e0s mudan\u00e7as no setor industrial e em outras \u00e1reas correlatas.<\/p>\n<h2>Forma\u00e7\u00e3o e Requalifica\u00e7\u00e3o no Mercado de Trabalho<\/h2>\n<p style=\"text-align: justify;\">A princ\u00edpio, a proje\u00e7\u00e3o aponta que Pernambuco necessitar\u00e1 de novos trabalhadores qualificados para acompanhar o crescimento da economia e a reposi\u00e7\u00e3o de vagas no mercado formal.<\/p>\n<p style=\"text-align: justify;\">As principais \u00e1reas que demandar\u00e3o essa forma\u00e7\u00e3o s\u00e3o\u00a0<strong>log\u00edstica e transporte<\/strong>,\u00a0<strong>constru\u00e7\u00e3o<\/strong>,\u00a0<strong>opera\u00e7\u00e3o industrial<\/strong>,\u00a0<strong>metalmec\u00e2nica<\/strong>\u00a0e\u00a0<strong>manuten\u00e7\u00e3o e repara\u00e7\u00e3o<\/strong>.<\/p>\n<figure id=\"attachment_58907\" class=\"wp-caption alignnone\" aria-describedby=\"caption-attachment-58907\"><a class=\"td-modal-image\" href=\"https:\/\/www.ne9.com.br\/wp-content\/uploads\/2024\/10\/Novo-Projeto-2024-10-04T114245.633.webp\"><img loading=\"lazy\" class=\"size-full wp-image-58907\" src=\"https:\/\/www.ne9.com.br\/wp-content\/uploads\/2024\/10\/Novo-Projeto-2024-10-04T114245.633.webp\" sizes=\"(max-width: 1920px) 100vw, 1920px\" srcset=\"https:\/\/www.ne9.com.br\/wp-content\/uploads\/2024\/10\/Novo-Projeto-2024-10-04T114245.633.webp 1920w,   https:\/\/www.ne9.com.br\/wp-content\/uploads\/2024\/10\/Novo-Projeto-2024-10-04T114245.633-300x169.webp 300w,   https:\/\/www.ne9.com.br\/wp-content\/uploads\/2024\/10\/Novo-Projeto-2024-10-04T114245.633-1024x576.webp 1024w,   https:\/\/www.ne9.com.br\/wp-content\/uploads\/2024\/10\/Novo-Projeto-2024-10-04T114245.633-768x432.webp 768w,   https:\/\/www.ne9.com.br\/wp-content\/uploads\/2024\/10\/Novo-Projeto-2024-10-04T114245.633-1536x864.webp 1536w,   https:\/\/www.ne9.com.br\/wp-content\/uploads\/2024\/10\/Novo-Projeto-2024-10-04T114245.633-696x392.webp 696w,   https:\/\/www.ne9.com.br\/wp-content\/uploads\/2024\/10\/Novo-Projeto-2024-10-04T114245.633-1068x601.webp 1068w,   https:\/\/www.ne9.com.br\/wp-content\/uploads\/2024\/10\/Novo-Projeto-2024-10-04T114245.633-747x420.webp 747w\" alt=\"trabalhador na ind\u00fastria\" width=\"1920\" height=\"1080\" \/><\/a><figcaption id=\"caption-attachment-58907\" class=\"wp-caption-text\">trabalhador na ind\u00fastria Foto: Freepik<\/figcaption><\/figure>\n<p style=\"text-align: justify;\">A requalifica\u00e7\u00e3o dos trabalhadores j\u00e1 ativos \u00e9 igualmente essencial, visto que muitas dessas fun\u00e7\u00f5es exigem atualiza\u00e7\u00e3o constante em hard skills (habilidades t\u00e9cnicas) e soft skills (habilidades comportamentais), al\u00e9m de medidas de sa\u00fade e seguran\u00e7a no trabalho.<\/p>\n<p style=\"text-align: justify;\">Para se ter uma ideia, somente a \u00e1rea de log\u00edstica e transporte tem a necessidade de quase 90 mil demanda de qualifica\u00e7\u00f5es.<\/p>\n<h3>\u00c1reas com Maior Demanda por Profissionais<\/h3>\n<figure id=\"attachment_42762\" class=\"wp-caption alignnone\" aria-describedby=\"caption-attachment-42762\"><a class=\"td-modal-image\" href=\"data:image\/svg+xml,%3Csvg%20xmlns=%22http:\/\/www.w3.org\/2000\/svg%22%20viewBox=%220%200%201000%20667%22%3E%3C\/svg%3E\"><img loading=\"lazy\" class=\"size-full wp-image-42762 lazyloaded\" src=\"https:\/\/www.ne9.com.br\/wp-content\/uploads\/2023\/11\/trabalhador-adulto-medio-operando-uma-maquina-cnc-enquanto-trabalhava-em-instalacoes-industriais-2.jpg\" sizes=\"(max-width: 1000px) 100vw, 1000px\" srcset=\"https:\/\/www.ne9.com.br\/wp-content\/uploads\/2023\/11\/trabalhador-adulto-medio-operando-uma-maquina-cnc-enquanto-trabalhava-em-instalacoes-industriais-2.jpg 1000w,   https:\/\/www.ne9.com.br\/wp-content\/uploads\/2023\/11\/trabalhador-adulto-medio-operando-uma-maquina-cnc-enquanto-trabalhava-em-instalacoes-industriais-2-300x200.jpg 300w,   https:\/\/www.ne9.com.br\/wp-content\/uploads\/2023\/11\/trabalhador-adulto-medio-operando-uma-maquina-cnc-enquanto-trabalhava-em-instalacoes-industriais-2-768x512.jpg 768w,   https:\/\/www.ne9.com.br\/wp-content\/uploads\/2023\/11\/trabalhador-adulto-medio-operando-uma-maquina-cnc-enquanto-trabalhava-em-instalacoes-industriais-2-696x464.jpg 696w,   https:\/\/www.ne9.com.br\/wp-content\/uploads\/2023\/11\/trabalhador-adulto-medio-operando-uma-maquina-cnc-enquanto-trabalhava-em-instalacoes-industriais-2-630x420.jpg 630w\" alt=\"ind\u00fastria\" width=\"1000\" height=\"667\" data-src=\"https:\/\/www.ne9.com.br\/wp-content\/uploads\/2023\/11\/trabalhador-adulto-medio-operando-uma-maquina-cnc-enquanto-trabalhava-em-instalacoes-industriais-2.jpg\" data-srcset=\"https:\/\/www.ne9.com.br\/wp-content\/uploads\/2023\/11\/trabalhador-adulto-medio-operando-uma-maquina-cnc-enquanto-trabalhava-em-instalacoes-industriais-2.jpg 1000w,   https:\/\/www.ne9.com.br\/wp-content\/uploads\/2023\/11\/trabalhador-adulto-medio-operando-uma-maquina-cnc-enquanto-trabalhava-em-instalacoes-industriais-2-300x200.jpg 300w,   https:\/\/www.ne9.com.br\/wp-content\/uploads\/2023\/11\/trabalhador-adulto-medio-operando-uma-maquina-cnc-enquanto-trabalhava-em-instalacoes-industriais-2-768x512.jpg 768w,   https:\/\/www.ne9.com.br\/wp-content\/uploads\/2023\/11\/trabalhador-adulto-medio-operando-uma-maquina-cnc-enquanto-trabalhava-em-instalacoes-industriais-2-696x464.jpg 696w,   https:\/\/www.ne9.com.br\/wp-content\/uploads\/2023\/11\/trabalhador-adulto-medio-operando-uma-maquina-cnc-enquanto-trabalhava-em-instalacoes-industriais-2-630x420.jpg 630w\" data-sizes=\"(max-width: 1000px) 100vw, 1000px\" \/><\/a><figcaption id=\"caption-attachment-42762\" class=\"wp-caption-text\">Brasil Mais Produtivo<\/figcaption><\/figure>\n<p><em><strong>LEIA MAIS \u2013<\/strong>\u00a0<a href=\"https:\/\/www.ne9.com.br\/ceara-lidera-crescimento-da-producao-industrial-no-brasil-em-agosto-de-2024\/?swcfpc=1\">Cear\u00e1 lidera crescimento da produ\u00e7\u00e3o industrial no Brasil em agosto de 2024<\/a><\/em><\/p>\n<p>O Mapa do Trabalho Industrial projeta que as \u00e1reas que mais precisar\u00e3o de profissionais qualificados em Pernambuco s\u00e3o:<\/p>\n<table>\n<thead>\n<tr>\n<th><strong>\u00c1rea de Atua\u00e7\u00e3o<\/strong><\/th>\n<th><strong>Quantidade de Profissionais Necess\u00e1rios<\/strong><\/th>\n<\/tr>\n<\/thead>\n<tbody>\n<tr>\n<td>Log\u00edstica e Transporte<\/td>\n<td>88.780<\/td>\n<\/tr>\n<tr>\n<td>Constru\u00e7\u00e3o<\/td>\n<td>50.651<\/td>\n<\/tr>\n<tr>\n<td>Opera\u00e7\u00e3o Industrial<\/td>\n<td>35.779<\/td>\n<\/tr>\n<tr>\n<td>Metalmec\u00e2nica<\/td>\n<td>28.745<\/td>\n<\/tr>\n<tr>\n<td>Manuten\u00e7\u00e3o e Repara\u00e7\u00e3o<\/td>\n<td>25.364<\/td>\n<\/tr>\n<\/tbody>\n<\/table>\n<h4>Compet\u00eancias Necess\u00e1rias<\/h4>\n<p>A demanda por qualifica\u00e7\u00e3o envolve o desenvolvimento de compet\u00eancias em v\u00e1rias dimens\u00f5es:<\/p>\n<ul>\n<li style=\"text-align: justify;\"><strong>Hard Skills<\/strong>: como o dom\u00ednio de m\u00e1quinas, equipamentos e softwares;<\/li>\n<li style=\"text-align: justify;\"><strong>Soft Skills<\/strong>: habilidades comportamentais como pensamento cr\u00edtico, intelig\u00eancia emocional e criatividade;<\/li>\n<li style=\"text-align: justify;\"><strong>Sa\u00fade e Seguran\u00e7a no Trabalho<\/strong>: normas e regulamentos para garantir a execu\u00e7\u00e3o segura das atividades.<br \/>\n<figure id=\"attachment_55260\" class=\"wp-caption aligncenter\" aria-describedby=\"caption-attachment-55260\"><a class=\"td-modal-image\" href=\"data:image\/svg+xml,%3Csvg%20xmlns=%22http:\/\/www.w3.org\/2000\/svg%22%20viewBox=%220%200%201500%201000%22%3E%3C\/svg%3E\"><img loading=\"lazy\" class=\"size-full wp-image-55260 lazyloaded\" src=\"https:\/\/www.ne9.com.br\/wp-content\/uploads\/2024\/07\/industria_sedet.jpg\" sizes=\"(max-width: 1500px) 100vw, 1500px\" srcset=\"https:\/\/www.ne9.com.br\/wp-content\/uploads\/2024\/07\/industria_sedet.jpg 1500w,   https:\/\/www.ne9.com.br\/wp-content\/uploads\/2024\/07\/industria_sedet-300x200.jpg 300w,   https:\/\/www.ne9.com.br\/wp-content\/uploads\/2024\/07\/industria_sedet-1024x683.jpg 1024w,   https:\/\/www.ne9.com.br\/wp-content\/uploads\/2024\/07\/industria_sedet-768x512.jpg 768w,   https:\/\/www.ne9.com.br\/wp-content\/uploads\/2024\/07\/industria_sedet-696x464.jpg 696w,   https:\/\/www.ne9.com.br\/wp-content\/uploads\/2024\/07\/industria_sedet-1068x712.jpg 1068w,   https:\/\/www.ne9.com.br\/wp-content\/uploads\/2024\/07\/industria_sedet-630x420.jpg 630w\" alt=\"\" width=\"1500\" height=\"1000\" data-src=\"https:\/\/www.ne9.com.br\/wp-content\/uploads\/2024\/07\/industria_sedet.jpg\" data-srcset=\"https:\/\/www.ne9.com.br\/wp-content\/uploads\/2024\/07\/industria_sedet.jpg 1500w,   https:\/\/www.ne9.com.br\/wp-content\/uploads\/2024\/07\/industria_sedet-300x200.jpg 300w,   https:\/\/www.ne9.com.br\/wp-content\/uploads\/2024\/07\/industria_sedet-1024x683.jpg 1024w,   https:\/\/www.ne9.com.br\/wp-content\/uploads\/2024\/07\/industria_sedet-768x512.jpg 768w,   https:\/\/www.ne9.com.br\/wp-content\/uploads\/2024\/07\/industria_sedet-696x464.jpg 696w,   https:\/\/www.ne9.com.br\/wp-content\/uploads\/2024\/07\/industria_sedet-1068x712.jpg 1068w,   https:\/\/www.ne9.com.br\/wp-content\/uploads\/2024\/07\/industria_sedet-630x420.jpg 630w\" data-sizes=\"(max-width: 1500px) 100vw, 1500px\" \/><\/a><figcaption id=\"caption-attachment-55260\" class=\"wp-caption-text\">A ind\u00fastria \u00e9 um dos setores que mais cresce no Nordeste.<\/figcaption><\/figure>\n<\/li>\n<\/ul>\n<p>&nbsp;<\/p>\n<p style=\"text-align: justify;\">Essas compet\u00eancias s\u00e3o necess\u00e1rias para garantir que os trabalhadores desempenhem suas fun\u00e7\u00f5es de forma eficaz e segura, tanto na ind\u00fastria quanto em ocupa\u00e7\u00f5es correlatas, como as encontradas nos setores de servi\u00e7os e administra\u00e7\u00e3o p\u00fablica.<\/p>\n<h3>Metodologia do Mapa do Trabalho Industrial<\/h3>\n<p style=\"text-align: justify;\">O\u00a0<strong>Mapa do Trabalho Industrial<\/strong>\u00a0utiliza proje\u00e7\u00f5es baseadas em s\u00e9ries temporais e an\u00e1lise de dados de empregos formais. Dessa forma, cobrindo diferentes setores da economia, al\u00e9m da ind\u00fastria.<\/p>\n<p style=\"text-align: justify;\">Ao mesmo tempo, inclui ocupa\u00e7\u00f5es correlatas em setores como a agropecu\u00e1ria e servi\u00e7os, destacando a interdepend\u00eancia entre os diferentes ramos da economia.<\/p>\n<p style=\"text-align: justify;\">Em suma, com esse enfoque, a forma\u00e7\u00e3o profissional em\u00a0<strong>Pernambuco<\/strong>\u00a0ser\u00e1 estrat\u00e9gica para sustentar o crescimento industrial e preparar os trabalhadores para os desafios do futuro.<\/p>\n<\/div>\n<\/div>\n","protected":false},"excerpt":{"rendered":"<p>trabalhador na ind\u00fastria Foto: Freepik Para atender \u00e0 crescente demanda da\u00a0ind\u00fastria em Pernambuco\u00a0nos pr\u00f3ximos tr\u00eas anos, o estado precisar\u00e1 qualificar 393,4 mil profissionais entre 2025 e 2027. A informa\u00e7\u00f5es s\u00e3o do\u00a0Mapa do Trabalho Industrial\u00a0do Observat\u00f3rio Nacional da Ind\u00fastria (ONI) da\u00a0CNI. Ao mesmo tempo, esse n\u00famero inclui a forma\u00e7\u00e3o de\u00a064,4 mil novos profissionais e a requalifica\u00e7\u00e3o [&hellip;]<\/p>\n","protected":false},"author":2,"featured_media":121320,"comment_status":"open","ping_status":"open","sticky":false,"template":"","format":"standard","meta":[],"categories":[82,105],"tags":[4841,1981,236],"_links":{"self":[{"href":"https:\/\/www.blogdopaulonunes.com\/v5\/index.php\/wp-json\/wp\/v2\/posts\/121319"}],"collection":[{"href":"https:\/\/www.blogdopaulonunes.com\/v5\/index.php\/wp-json\/wp\/v2\/posts"}],"about":[{"href":"https:\/\/www.blogdopaulonunes.com\/v5\/index.php\/wp-json\/wp\/v2\/types\/post"}],"author":[{"embeddable":true,"href":"https:\/\/www.blogdopaulonunes.com\/v5\/index.php\/wp-json\/wp\/v2\/users\/2"}],"replies":[{"embeddable":true,"href":"https:\/\/www.blogdopaulonunes.com\/v5\/index.php\/wp-json\/wp\/v2\/comments?post=121319"}],"version-history":[{"count":1,"href":"https:\/\/www.blogdopaulonunes.com\/v5\/index.php\/wp-json\/wp\/v2\/posts\/121319\/revisions"}],"predecessor-version":[{"id":121321,"href":"https:\/\/www.blogdopaulonunes.com\/v5\/index.php\/wp-json\/wp\/v2\/posts\/121319\/revisions\/121321"}],"wp:featuredmedia":[{"embeddable":true,"href":"https:\/\/www.blogdopaulonunes.com\/v5\/index.php\/wp-json\/wp\/v2\/media\/121320"}],"wp:attachment":[{"href":"https:\/\/www.blogdopaulonunes.com\/v5\/index.php\/wp-json\/wp\/v2\/media?parent=121319"}],"wp:term":[{"taxonomy":"category","embeddable":true,"href":"https:\/\/www.blogdopaulonunes.com\/v5\/index.php\/wp-json\/wp\/v2\/categories?post=121319"},{"taxonomy":"post_tag","embeddable":true,"href":"https:\/\/www.blogdopaulonunes.com\/v5\/index.php\/wp-json\/wp\/v2\/tags?post=121319"}],"curies":[{"name":"wp","href":"https:\/\/api.w.org\/{rel}","templated":true}]}}