{"id":121295,"date":"2024-09-18T17:23:51","date_gmt":"2024-09-18T20:23:51","guid":{"rendered":"https:\/\/www.blogdopaulonunes.com\/v5\/?p=121295"},"modified":"2024-10-24T17:35:49","modified_gmt":"2024-10-24T20:35:49","slug":"deputado-ze-raimundo-destaca-importancia-da-cultura-em-abertura-do-curta5-festival-estudantil-de-curtas-13a-edicao","status":"publish","type":"post","link":"https:\/\/www.blogdopaulonunes.com\/v5\/index.php\/2024\/09\/18\/deputado-ze-raimundo-destaca-importancia-da-cultura-em-abertura-do-curta5-festival-estudantil-de-curtas-13a-edicao\/","title":{"rendered":"Deputado Z\u00e9 Raimundo destaca import\u00e2ncia da cultura em abertura do Curta5 &#8211; Festival Estudantil de Curtas, 13\u00aa edi\u00e7\u00e3o"},"content":{"rendered":"<p style=\"text-align: justify;\">Ao participar da cerim\u00f4nia de abertura da 13\u00aa edi\u00e7\u00e3o do Curta5- Festival Estudantil de Curtas, realizada nesta \u00faltima ter\u00e7a-feira (17), \u00e0s 19:00h, no audit\u00f3rio do IFBA, o deputado estadual Z\u00e9 Raimundo (PT) destacou a import\u00e2ncia da atividade cultural no munic\u00edpio de Vit\u00f3ria da Conquista, que conta com o apoio do seu mandato estadual: \u201cApoiar projeto como este e diversas outras iniciativas que promovem a cultura e a educa\u00e7\u00e3o para a juventude \u00e9 uma enorme satisfa\u00e7\u00e3o para mim. A cria\u00e7\u00e3o salva e a juventude \u00e9 for\u00e7a que se renova\u201d, disse.<br \/>\nZ\u00e9 Raimundo participou da solenidade como apoiador do Curta5 a convite da comunidade acad\u00eamica do IFBA e esteve ao lado da reitora do instituto, Luzia Mota, e do diretor do campus conquistense, Felizardo Rocha. Tamb\u00e9m manteve contato com participantes do festival, a exemplo dos alunos do Col\u00e9gio Estadual S\u00e1 Nunes, que est\u00e3o apresentando filme na programa\u00e7\u00e3o do evento que se realiza de 17 at\u00e9 o pr\u00f3ximo dia 21 de setembro, com exibi\u00e7\u00f5es de v\u00eddeos estudantis, oferecimento de oficinas, rodas de conversa e outras atividades.<br \/>\nEm suas conversas com os participantes, o deputado lembrou dos seus tempos de estudante da UFBA e de quando participou de cursos livres do Clube de Cinema, tendo sido aluno dos cineastras Walter da Silveira e Jos\u00e9 Umberto. Depois, como professor da UESB e tamb\u00e9m como prefeito de Conquista (2002-2008), apoiou eventos da S\u00e9tima Arte, inclusive a produ\u00e7\u00e3o do premiado filme Central do Brasil, de Walter Sales J\u00fanior, cuja grava\u00e7\u00e3o teve uma parte realizada no munic\u00edpio.<br \/>\n\u201cApoiamos sempre a cultura, eu e o deputado federal Waldenor Pereira, reitor da UESB \u00e0 \u00e9poca de Central do Brasil, e seguimos assim em nossos mandatos parlamentares. Apoiamos festivais musicais e de cinema, como o Musicante e este Curta5, feiras de ci\u00eancia e tecnologia e outras atividades culturais. Por isso, para n\u00f3s \u00e9 uma alegria celebrarmos aqui o talento e a criatividade dos nossos jovens, reafirmando o poder transformador da cultura\u201d, refor\u00e7ou Z\u00e9 Raimundo.<br \/>\nO Curta5<br \/>\nCriado em 2010, o Festival Estudantil de Curtas foi idealizado com o objetivo de incentivar e promover a produ\u00e7\u00e3o audiovisual, a partir do espa\u00e7o escolar, e estimular o desenvolvimento e a produ\u00e7\u00e3o de v\u00eddeos de cunho educativo, art\u00edstico e cultural, possibilitando a cria\u00e7\u00e3o, a reflex\u00e3o e a difus\u00e3o do cinema estudantil com a participa\u00e7\u00e3o da sociedade, educadores, cineastas e pesquisadores do audiovisual.<br \/>\nO Curta5 valoriza a criatividade atrav\u00e9s da experimenta\u00e7\u00e3o com produ\u00e7\u00e3o audiovisual, utilizando-se de novas m\u00eddias, a fim de descobrir e promover talentos como fonte de cultura e lazer, valorizando a produ\u00e7\u00e3o de v\u00eddeo como ferramenta de constru\u00e7\u00e3o do conhecimento; a valoriza\u00e7\u00e3o, exibi\u00e7\u00e3o e compartilhamento de pr\u00e1ticas pedag\u00f3gicas relacionadas com a produ\u00e7\u00e3o de v\u00eddeo, a partir do ambiente\u00a0escolar.<\/p>\n","protected":false},"excerpt":{"rendered":"<p>Ao participar da cerim\u00f4nia de abertura da 13\u00aa edi\u00e7\u00e3o do Curta5- Festival Estudantil de Curtas, realizada nesta \u00faltima ter\u00e7a-feira (17), \u00e0s 19:00h, no audit\u00f3rio do IFBA, o deputado estadual Z\u00e9 Raimundo (PT) destacou a import\u00e2ncia da atividade cultural no munic\u00edpio de Vit\u00f3ria da Conquista, que conta com o apoio do seu mandato estadual: \u201cApoiar projeto [&hellip;]<\/p>\n","protected":false},"author":2,"featured_media":121298,"comment_status":"open","ping_status":"open","sticky":false,"template":"","format":"standard","meta":[],"categories":[115,105],"tags":[4834,577,166],"_links":{"self":[{"href":"https:\/\/www.blogdopaulonunes.com\/v5\/index.php\/wp-json\/wp\/v2\/posts\/121295"}],"collection":[{"href":"https:\/\/www.blogdopaulonunes.com\/v5\/index.php\/wp-json\/wp\/v2\/posts"}],"about":[{"href":"https:\/\/www.blogdopaulonunes.com\/v5\/index.php\/wp-json\/wp\/v2\/types\/post"}],"author":[{"embeddable":true,"href":"https:\/\/www.blogdopaulonunes.com\/v5\/index.php\/wp-json\/wp\/v2\/users\/2"}],"replies":[{"embeddable":true,"href":"https:\/\/www.blogdopaulonunes.com\/v5\/index.php\/wp-json\/wp\/v2\/comments?post=121295"}],"version-history":[{"count":1,"href":"https:\/\/www.blogdopaulonunes.com\/v5\/index.php\/wp-json\/wp\/v2\/posts\/121295\/revisions"}],"predecessor-version":[{"id":121299,"href":"https:\/\/www.blogdopaulonunes.com\/v5\/index.php\/wp-json\/wp\/v2\/posts\/121295\/revisions\/121299"}],"wp:featuredmedia":[{"embeddable":true,"href":"https:\/\/www.blogdopaulonunes.com\/v5\/index.php\/wp-json\/wp\/v2\/media\/121298"}],"wp:attachment":[{"href":"https:\/\/www.blogdopaulonunes.com\/v5\/index.php\/wp-json\/wp\/v2\/media?parent=121295"}],"wp:term":[{"taxonomy":"category","embeddable":true,"href":"https:\/\/www.blogdopaulonunes.com\/v5\/index.php\/wp-json\/wp\/v2\/categories?post=121295"},{"taxonomy":"post_tag","embeddable":true,"href":"https:\/\/www.blogdopaulonunes.com\/v5\/index.php\/wp-json\/wp\/v2\/tags?post=121295"}],"curies":[{"name":"wp","href":"https:\/\/api.w.org\/{rel}","templated":true}]}}