{"id":121187,"date":"2024-10-11T05:21:41","date_gmt":"2024-10-11T08:21:41","guid":{"rendered":"https:\/\/www.blogdopaulonunes.com\/v5\/?p=121187"},"modified":"2024-10-11T05:25:36","modified_gmt":"2024-10-11T08:25:36","slug":"lembrancas-de-teixeira-e-os-papos-com-bina-na-alba-p-tasso-franco","status":"publish","type":"post","link":"https:\/\/www.blogdopaulonunes.com\/v5\/index.php\/2024\/10\/11\/lembrancas-de-teixeira-e-os-papos-com-bina-na-alba-p-tasso-franco\/","title":{"rendered":"Lembran\u00e7as de Teixeira e os papos com Bina na ALBA, p Tasso Franco"},"content":{"rendered":"<p><strong>Ficam as recorda\u00e7\u00f5es de um tempo que n\u00e3o voltar\u00e1 jamais sem, saudosismo. S\u00f3 lembran\u00e7as.<\/strong><\/p>\n<div class=\"row margin-bottom-three\">\n<div class=\"col-md-7 blog-date no-padding-top\"><strong>Tasso Franco<\/strong>\u00a0,\u00a0Salvador | 10\/10\/2024\u00a0\u00e0s\u00a018:26<\/div>\n<div class=\"col-md-5\"><\/div>\n<\/div>\n<div class=\"news-image margin-right-four\">\n<div class=\"foto-creditos\" style=\"text-align: justify;\"><\/div>\n<\/div>\n<p style=\"text-align: justify;\">Conhe\u00e7o o jornalista Jos\u00e9 Carlos Teixeira h\u00e1 d\u00e9zdas. A velhice faz a gente esquecer muita coisa. Trabalhei em tantos lugares na imprensa baiana que n\u00e3o me recordo se j\u00e1 atuamaos juntos, num mesmo jornal. Creio que sim,\u00a0 em editorias distintas.<\/p>\n<div style=\"text-align: justify;\"><\/div>\n<div style=\"text-align: justify;\">\u00a0 \u00a0Mas, independente desta d\u00favida, estavamos sempre pr\u00f3ximos nos papos de jornalistas que foram muitos nas rodas do SinjorBA, nas rodas politicas e nas mesas de bar. O bar sempre foi nosso aliado. E Teixeira, como escritor e jornalista, tamb\u00e9m adorava o bar.<\/div>\n<div style=\"text-align: justify;\"><\/div>\n<div style=\"text-align: justify;\">\u00a0 J\u00e1 nos vimos e compartilhamos aquelas om\u00e9ricas farras noite a dentro na velha cidade da Bahia a cantar, a bailar, a curtir a vida como era poss\u00edvel aos nossos bolsos. Nossa turma, contempor\u00e2nea de Teixeira sempre foi pobre em n\u00edquel.<\/div>\n<div style=\"text-align: justify;\"><\/div>\n<div style=\"text-align: justify;\">\u00a0 \u00a0Ningu\u00e9m tinha carro bonito, ningu\u00e9m tinha lancha ou coisa parecida que ostentasse riqueza, ningu\u00e9m era baiano de Salvador aut\u00eantico desses que j\u00e1 nasceu comendo acaraj\u00e9, porque somos do interior &#8211; Teixeira (Ruy Barbosa), Navarro (Alagoinhas), Paolo Marconi (do interior da It\u00e1lia), Vitor Hugo Soares (das barrancas do S\u00e3o Francisco), Gentil, Reynivaldo Brito (do Pombal), S\u00e9rgio Matos e outros tantos, alguns que j\u00e1 se foram e outros que est\u00e3o no planeta Terra, no mesmo diapas\u00e3o.<\/div>\n<div style=\"text-align: justify;\"><\/div>\n<div style=\"text-align: justify;\">\u00a0 Bom que se diga, ademais, ningu\u00e9m morreu de fome nem abaixou as cal\u00e7as para os poderosos.<\/div>\n<div style=\"text-align: justify;\"><\/div>\n<div style=\"text-align: justify;\">\u00a0 \u00c9, claro, que com tantos anos de capital aderimos as moquecas baianas, ao acaraj\u00e9, ao acac\u00e1, ao caruru e outros petiscos que n\u00e3o eram da nossa praia e nos baianizamos.\u00a0 Sem, no entanto, perder nossas raizes. Teixeira, creio, sempre foi o mais discreto de todos n\u00f3s, ou um dos mais discretos, calado, reflexivo, po\u00e9tico, adorava a m\u00fasica mais refinada e tinha umas tiradas bem geniais.<\/div>\n<div style=\"text-align: justify;\"><\/div>\n<div style=\"text-align: justify;\">\u00a0 Nunca fomos amigos confidentes, mas amigos de longas datas e \u00faltimamente, na Assembleia, na sala de Paula Bina, jornalista de outra gera\u00e7\u00e3o por\u00e9m contempor\u00e2neo de muitas jornadas na Tribuna e nos bares da cidade da Bahia, batiamos com frequ\u00eancia um papo, desses chamados de intelectual (sem sermos) sobre pol\u00edtica, literatura e cultura de uma forma geral.<\/div>\n<div style=\"text-align: justify;\"><\/div>\n<div style=\"text-align: justify;\">\u00a0 \u00a0Nossa \u00faltima praia, creio. Nesse apagar da vida a gente vai deixando um pouco mais o jornalismo e abra\u00e7ando a literatura. Creio que era essa a a\u00e7\u00e3o atual que mais gostava Jos\u00e9 Carlos Teixeira. Falavamos de jornalismo &#8211; porque na Bahia tem muita maluquice em andamento &#8211; mas descamb\u00e1vamos para o mundo das letras baianas\/nacionais e a cultura, que, tamb\u00e9m sabemos anda pisoteada no estado.<\/div>\n<div style=\"text-align: justify;\"><\/div>\n<div style=\"text-align: justify;\">\u00a0 Nem precisa dizer aqui num momento deste. Mas, digo, t\u00e1 na veia jornalistica. A biblioteca do Mosteiro de S\u00e3o Bento est\u00e1 fechada desde 2019; a do Museu Carlos Costa Pinto, fechada; museu de Arte Sacra da Bahia, fechado; TCA, fechado; Teatro Vila Velha, fechado; IGHB teve a verba de sustenta\u00e7\u00e3o da Secult cortada; Biblioteca dos Barris precisando de investimentos.<\/div>\n<div style=\"text-align: justify;\"><\/div>\n<div style=\"text-align: justify;\">\u00a0 \u00a0Ent\u00e3o, creio, seu artigo sobre a biblioteca de CId Teixeira (veja em Cultura) saiu de um desses papos que tivemos com Bina, indignados est\u00e1vamos da Bahia perd\u00ea-la, como perdeu a cole\u00e7\u00e3o de arte de Emmanuel Ara\u00fajo.<\/div>\n<div style=\"text-align: justify;\"><\/div>\n<div style=\"text-align: justify;\">\u00a0 N\u00e3o vou criticar gestores da Secult nem do Minc porque n\u00e3o adianta nada e este n\u00e3o \u00e9 o momento.<\/div>\n<div style=\"text-align: justify;\"><\/div>\n<div style=\"text-align: justify;\">\u00a0 \u00a0Agora, o que expresso aqui \u00e9 amizade com Teixeira, as conversas agrad\u00e1veis, os papos, e teve uma \u00e9poca que organizei um almo\u00e7o com jornalistas e Lenildes Pacheco, sua companheira dos \u00faltimos anos, era presen\u00e7a contumaz.<\/div>\n<div style=\"text-align: justify;\"><\/div>\n<div style=\"text-align: justify;\">\u00a0 E, hoje, estamos todos abalados com a perda de Teixeira, uma morte est\u00fapida, imprevis\u00edvel e prematura.<\/div>\n<div style=\"text-align: justify;\"><\/div>\n<div style=\"text-align: justify;\">\u00a0 Ent\u00e3o, resta-nos essas lembran\u00e7as, esse adeus, e com todas pessoas que falei nessas \u00faltimas 72 horas, nossos colegas, o sentimento era esse de tristeza profunda. Seguimos n\u00f3s, adiante, honrando essa profiss\u00e3o de abnegados como Teixeira. (TF)<\/div>\n","protected":false},"excerpt":{"rendered":"<p>Ficam as recorda\u00e7\u00f5es de um tempo que n\u00e3o voltar\u00e1 jamais sem, saudosismo. S\u00f3 lembran\u00e7as. Tasso Franco\u00a0,\u00a0Salvador | 10\/10\/2024\u00a0\u00e0s\u00a018:26 Conhe\u00e7o o jornalista Jos\u00e9 Carlos Teixeira h\u00e1 d\u00e9zdas. A velhice faz a gente esquecer muita coisa. Trabalhei em tantos lugares na imprensa baiana que n\u00e3o me recordo se j\u00e1 atuamaos juntos, num mesmo jornal. Creio que sim,\u00a0 [&hellip;]<\/p>\n","protected":false},"author":2,"featured_media":121188,"comment_status":"open","ping_status":"open","sticky":false,"template":"","format":"standard","meta":[],"categories":[103,71],"tags":[4796,1021,4795],"_links":{"self":[{"href":"https:\/\/www.blogdopaulonunes.com\/v5\/index.php\/wp-json\/wp\/v2\/posts\/121187"}],"collection":[{"href":"https:\/\/www.blogdopaulonunes.com\/v5\/index.php\/wp-json\/wp\/v2\/posts"}],"about":[{"href":"https:\/\/www.blogdopaulonunes.com\/v5\/index.php\/wp-json\/wp\/v2\/types\/post"}],"author":[{"embeddable":true,"href":"https:\/\/www.blogdopaulonunes.com\/v5\/index.php\/wp-json\/wp\/v2\/users\/2"}],"replies":[{"embeddable":true,"href":"https:\/\/www.blogdopaulonunes.com\/v5\/index.php\/wp-json\/wp\/v2\/comments?post=121187"}],"version-history":[{"count":3,"href":"https:\/\/www.blogdopaulonunes.com\/v5\/index.php\/wp-json\/wp\/v2\/posts\/121187\/revisions"}],"predecessor-version":[{"id":121191,"href":"https:\/\/www.blogdopaulonunes.com\/v5\/index.php\/wp-json\/wp\/v2\/posts\/121187\/revisions\/121191"}],"wp:featuredmedia":[{"embeddable":true,"href":"https:\/\/www.blogdopaulonunes.com\/v5\/index.php\/wp-json\/wp\/v2\/media\/121188"}],"wp:attachment":[{"href":"https:\/\/www.blogdopaulonunes.com\/v5\/index.php\/wp-json\/wp\/v2\/media?parent=121187"}],"wp:term":[{"taxonomy":"category","embeddable":true,"href":"https:\/\/www.blogdopaulonunes.com\/v5\/index.php\/wp-json\/wp\/v2\/categories?post=121187"},{"taxonomy":"post_tag","embeddable":true,"href":"https:\/\/www.blogdopaulonunes.com\/v5\/index.php\/wp-json\/wp\/v2\/tags?post=121187"}],"curies":[{"name":"wp","href":"https:\/\/api.w.org\/{rel}","templated":true}]}}