{"id":121118,"date":"2024-10-02T07:14:46","date_gmt":"2024-10-02T10:14:46","guid":{"rendered":"https:\/\/www.blogdopaulonunes.com\/v5\/?p=121118"},"modified":"2024-10-02T07:14:46","modified_gmt":"2024-10-02T10:14:46","slug":"gleisi-afirma-que-eleicoes-de-waldenor-e-ze-neto-sao-prioridades-do-pt-expectativa-de-vitoria","status":"publish","type":"post","link":"https:\/\/www.blogdopaulonunes.com\/v5\/index.php\/2024\/10\/02\/gleisi-afirma-que-eleicoes-de-waldenor-e-ze-neto-sao-prioridades-do-pt-expectativa-de-vitoria\/","title":{"rendered":"Gleisi afirma que elei\u00e7\u00f5es de Waldenor e Z\u00e9 Neto s\u00e3o prioridades do PT: &#8220;Expectativa de vit\u00f3ria&#8221;"},"content":{"rendered":"<p style=\"text-align: justify;\">A presidente nacional e deputada federal, Gleisi Hoffmann, reafirmou a import\u00e2ncia da elei\u00e7\u00e3o de Z\u00e9 Neto, em Feira de Santana, e de Waldenor Pereira, em Vit\u00f3ria da Conquista, segundo e terceiro maiores col\u00e9gios eleitorais do estado, respectivamente. Gleisi esteve nos dois munic\u00edpios baianos nesta ter\u00e7a-feira (1\u00b0) para alavancar as candidaturas do PT, e nesta quarta-feira (02), a dirigente nacional participar\u00e1 dos atos de campanha de Caetano, em Cama\u00e7ari, e de Rosalvo, em Lauro de Freitas.<\/p>\n<p style=\"text-align: justify;\">Em Conquista e Feira, Gleisi convocou a milit\u00e2ncia para se mobilizar ainda mais na reta final da campanha e destacou que as articula\u00e7\u00f5es na forma\u00e7\u00e3o das coliga\u00e7\u00f5es, que contam com um grande n\u00famero de partidos, tamb\u00e9m fortalece as chances de vit\u00f3ria. &#8220;A gente precisa ter estrat\u00e9gia, t\u00e1tica e nesses \u00faltimos dias \u00e9 a batalha, \u00e9 quando vamos conquistar a vit\u00f3ria&#8221;.<\/p>\n<p style=\"text-align: justify;\">A presidente do PT elogiou os candidatos petistas em Conquista e em Feira, de quem s\u00e3o companheiros no Congresso Nacional e os quais considera como quadros muito qualificados do partido. &#8220;\u00c9 uma alegria estar aqui, eu conhe\u00e7o o Waldenor, meu colega, meu companheiro de bancada da C\u00e2mara Federal. Ali\u00e1s, o deputado, com muitas qualidades, de muita seriedade e compet\u00eancia, que a gente tem uma grande refer\u00eancia. Voc\u00ea vai fazer falta l\u00e1, viu? Voc\u00ea vai ficar aqui como bom prefeito a fazer falta l\u00e1, de verdade&#8221;.<\/p>\n<p style=\"text-align: justify;\">Sobre Z\u00e9 Neto, Gleisi disse que tamb\u00e9m sentir\u00e1 falta do deputado federal licenciado da C\u00e2mara, em Bras\u00edlia, que acredita ser o pr\u00f3ximo prefeito de Feira de Santana. &#8220;Voc\u00ea vai fazer muita falta, mas l\u00e1 a gente d\u00e1 um jeito de te substituir, aqui voc\u00ea \u00e9 insubstitu\u00edvel, aqui voc\u00ea tem que ser o prefeito. Ent\u00e3o fico muito feliz de estar aqui. Saiba que voc\u00ea foi desde o in\u00edcio voc\u00ea uma candidatura priorit\u00e1ria nossa. A gente bolou fazer todas as coisas poss\u00edveis para estar com voc\u00ea, para te ajudar e apostamos muito nisso. E achamos que est\u00e1 na hora de Feira de Santana ser governada pelo PT e receber o tratamento adequado que merece, aproveitando a parceria com Lula e Jer\u00f4nimo&#8221;.<\/p>\n<p style=\"text-align: justify;\">No primeiro dia de visita \u00e0 Bahia, Gleisi explicou que presidente Lula n\u00e3o p\u00f4de estar presente nas campanhas devido \u00e0 intensa agenda da Presid\u00eancia. &#8220;Mas eu n\u00e3o poderia deixar de vir aqui e trazer um abra\u00e7o grande e forte de toda a dire\u00e7\u00e3o nacional do PT e tamb\u00e9m do presidente Lula. Ele gostaria de ter tido tempo, gostaria de ter se dedicado a\u00ed pelas campanhas, mas a agenda da presid\u00eancia, voc\u00eas est\u00e3o vendo que est\u00e1 muito pesada, muita coisa acontecendo no Brasil, muita coisa pra cuidar&#8221;, disse.<\/p>\n","protected":false},"excerpt":{"rendered":"<p>A presidente nacional e deputada federal, Gleisi Hoffmann, reafirmou a import\u00e2ncia da elei\u00e7\u00e3o de Z\u00e9 Neto, em Feira de Santana, e de Waldenor Pereira, em Vit\u00f3ria da Conquista, segundo e terceiro maiores col\u00e9gios eleitorais do estado, respectivamente. Gleisi esteve nos dois munic\u00edpios baianos nesta ter\u00e7a-feira (1\u00b0) para alavancar as candidaturas do PT, e nesta quarta-feira [&hellip;]<\/p>\n","protected":false},"author":2,"featured_media":121119,"comment_status":"open","ping_status":"open","sticky":false,"template":"","format":"standard","meta":[],"categories":[23,105],"tags":[1999,141,165],"_links":{"self":[{"href":"https:\/\/www.blogdopaulonunes.com\/v5\/index.php\/wp-json\/wp\/v2\/posts\/121118"}],"collection":[{"href":"https:\/\/www.blogdopaulonunes.com\/v5\/index.php\/wp-json\/wp\/v2\/posts"}],"about":[{"href":"https:\/\/www.blogdopaulonunes.com\/v5\/index.php\/wp-json\/wp\/v2\/types\/post"}],"author":[{"embeddable":true,"href":"https:\/\/www.blogdopaulonunes.com\/v5\/index.php\/wp-json\/wp\/v2\/users\/2"}],"replies":[{"embeddable":true,"href":"https:\/\/www.blogdopaulonunes.com\/v5\/index.php\/wp-json\/wp\/v2\/comments?post=121118"}],"version-history":[{"count":1,"href":"https:\/\/www.blogdopaulonunes.com\/v5\/index.php\/wp-json\/wp\/v2\/posts\/121118\/revisions"}],"predecessor-version":[{"id":121120,"href":"https:\/\/www.blogdopaulonunes.com\/v5\/index.php\/wp-json\/wp\/v2\/posts\/121118\/revisions\/121120"}],"wp:featuredmedia":[{"embeddable":true,"href":"https:\/\/www.blogdopaulonunes.com\/v5\/index.php\/wp-json\/wp\/v2\/media\/121119"}],"wp:attachment":[{"href":"https:\/\/www.blogdopaulonunes.com\/v5\/index.php\/wp-json\/wp\/v2\/media?parent=121118"}],"wp:term":[{"taxonomy":"category","embeddable":true,"href":"https:\/\/www.blogdopaulonunes.com\/v5\/index.php\/wp-json\/wp\/v2\/categories?post=121118"},{"taxonomy":"post_tag","embeddable":true,"href":"https:\/\/www.blogdopaulonunes.com\/v5\/index.php\/wp-json\/wp\/v2\/tags?post=121118"}],"curies":[{"name":"wp","href":"https:\/\/api.w.org\/{rel}","templated":true}]}}