{"id":121117,"date":"2024-10-02T07:21:48","date_gmt":"2024-10-02T10:21:48","guid":{"rendered":"https:\/\/www.blogdopaulonunes.com\/v5\/?p=121117"},"modified":"2024-10-02T07:21:48","modified_gmt":"2024-10-02T10:21:48","slug":"gleisi-fortalece-candidaturas-em-vitoria-da-conquista-e-feira-de-santana","status":"publish","type":"post","link":"https:\/\/www.blogdopaulonunes.com\/v5\/index.php\/2024\/10\/02\/gleisi-fortalece-candidaturas-em-vitoria-da-conquista-e-feira-de-santana\/","title":{"rendered":"Gleisi fortalece candidaturas em Vit\u00f3ria da Conquista e Feira de Santana"},"content":{"rendered":"<div class=\"post-image\">\n<div class=\"wp-caption aligncenter\">\n<p class=\"wp-caption-text\" style=\"text-align: justify;\">Gleisi, no calor da campanha, em Vit\u00f3ria da Conquista: &#8220;Temos acompanhado de perto o crescimento da campanha de Waldenor&#8221;<\/p>\n<\/div>\n<\/div>\n<p style=\"text-align: justify;\">A presidenta nacional do PT, deputada federal Gleisi Hoffmann (PR), cumpriu agenda nesta ter\u00e7a-feira (1) em dois importantes munic\u00edpios baianos: Vit\u00f3ria da Conquista e Feira de Santana. Na reta final da campanha, a visita teve o objetivo de\u00a0fortalecer as candidaturas de Waldenor Pereira e Z\u00e9 Neto, candidatos petistas em Vit\u00f3ria da Conquista e Feira de Santana, respectivamente.<\/p>\n<p style=\"text-align: justify;\">Pela manh\u00e3, Gleisi Hoffmann participou do Encontro das Mulheres com o deputado federal e candidato a prefeito de Vit\u00f3ria da Conquista, Waldenor Pereira, em uma plen\u00e1ria animada, com forte participa\u00e7\u00e3o feminina.<\/p>\n<p style=\"text-align: justify;\">No encontro, a presidenta do PT demonstrou otimismo em rela\u00e7\u00e3o \u00e0 campanha do candidato, destacando o entusiasmo e a for\u00e7a da milit\u00e2ncia local.<\/p>\n<p style=\"text-align: justify;\">\u201c\u00c9 uma alegria muito grande estar aqui com voc\u00eas nessa plen\u00e1ria da nossa milit\u00e2ncia, majoritariamente feminina. Muitas mulheres aqui. Muito legal. Um aplauso especial para as mulheres! Estar nessa plen\u00e1ria t\u00e3o animada, com tanta for\u00e7a e vontade, a\u00ed na reta final da campanha, \u00e9 muito gratificante\u201d, afirmou Gleisi.<\/p>\n<p style=\"text-align: justify;\"><strong>Leia mais:<\/strong>\u00a0<a href=\"https:\/\/pt.org.br\/waldenor-parcerias-com-lula-e-jeronimo-irao-transformar-vitoria-da-conquista\/\" target=\"_blank\" rel=\"noopener\">Waldenor: parcerias com Lula e Jer\u00f4nimo ir\u00e3o transformar Vit\u00f3ria da Conquista<\/a><\/p>\n<p style=\"text-align: justify;\">A deputada tamb\u00e9m elogiou a trajet\u00f3ria pol\u00edtica de Waldenor, ressaltando sua compet\u00eancia e import\u00e2ncia para o PT: \u201cO deputado \u00e9 uma grande refer\u00eancia, de muita seriedade e compet\u00eancia. Voc\u00ea vai fazer falta l\u00e1 na C\u00e2mara, mas aqui vai ser um excelente prefeito\u201d, destacou ela, arrancando aplausos da plateia.<\/p>\n<p style=\"text-align: justify;\">Waldenor agradeceu a presidenta pela presen\u00e7a e destacou o compromisso do projeto pol\u00edtico liderado pelo PT, que teve in\u00edcio em 1997 e que transformou Conquista numa capital regional. \u201cN\u00f3s nos orgulhamos muito desse nosso projeto pol\u00edtico. N\u00f3s nos orgulhamos muito porque o nosso projeto pol\u00edtico reconhecidamente trabalhou, fez muito por Vit\u00f3ria da Conquista. Foram 20 anos de progresso, de desenvolvimento, de reconhecimento do potencial do nosso povo e n\u00f3s avan\u00e7amos muito em diferentes atividades e segmentos\u201d, pontuou Waldenor.<\/p>\n<p style=\"text-align: justify;\">Depois, em entrevista coletiva, Gleisi refor\u00e7ou o apoio ao candidato e afirmou que o cen\u00e1rio em Vit\u00f3ria da Conquista \u00e9 promissor. \u201cEstamos com muita expectativa de vit\u00f3ria aqui. Essa \u00e9 uma das prioridades nacionais do PT, e temos acompanhado de perto o crescimento da campanha de Waldenor. O presidente Lula tamb\u00e9m est\u00e1 muito confiante e gravou um v\u00eddeo para demonstrar seu apoio.\u201d<\/p>\n<p><strong>Veja<\/strong>\u00a0os candidatos de Vit\u00f3ria da Conquista<a href=\"https:\/\/vote13.pt.org.br\/candidatos\/?uf=ba&amp;ue=39659\" target=\"_blank\" rel=\"noopener\">\u00a0aqui<\/a>.<\/p>\n<p>Confira a galeria de fotos:<\/p>\n<h3 style=\"text-align: justify;\"><strong>Plen\u00e1ria das Mulheres em Feira de Santana<\/strong><\/h3>\n<p style=\"text-align: justify;\">\u00c0 tarde, Gleisi se deslocou para Feira de Santana, onde participou de uma coletiva de imprensa e, em seguida, esteve na Plen\u00e1ria das Mulheres ao lado do candidato Z\u00e9 Neto, que concorre \u00e0 prefeitura local.<\/p>\n<p style=\"text-align: justify;\"><strong>Leia mais:\u00a0<\/strong><a href=\"https:\/\/pt.org.br\/em-parceria-com-lula-e-o-governo-da-bahia-ze-neto-promete-transformar-feira-de-santana\/\" target=\"_blank\" rel=\"noopener\">Em parceria com Lula e o governo da Bahia, Z\u00e9 Neto promete transformar Feira de Santana<\/a><\/p>\n<p style=\"text-align: justify;\">No audit\u00f3rio da C\u00e2mara de Dirigentes Lojistas (CDL), a presidenta do PT celebrou a presen\u00e7a massiva de mulheres e reiterou o compromisso do partido com a candidatura de Z\u00e9 Neto.<\/p>\n<p style=\"text-align: justify;\">\u201cEssa plen\u00e1ria cheia de mulheres, com tanta energia e vontade, me deixa muito feliz. Sa\u00fado cada uma de voc\u00eas e, especialmente, nosso candidato Z\u00e9 Neto, que tem a minha total confian\u00e7a e a de toda a dire\u00e7\u00e3o nacional do PT. Z\u00e9 Neto \u00e9 insubstitu\u00edvel para Feira de Santana. A cidade merece ser governada pelo PT e receber o tratamento adequado que tanto precisa\u201d, afirmou Gleisi.<\/p>\n<p style=\"text-align: justify;\">Gleisi tamb\u00e9m ressaltou a import\u00e2ncia das elei\u00e7\u00f5es na Bahia para o projeto nacional do PT: \u201cA elei\u00e7\u00e3o em Feira de Santana \u00e9 uma prioridade para n\u00f3s. Desde o in\u00edcio, fizemos quest\u00e3o de apoiar a candidatura de Z\u00e9 Neto, e acreditamos que est\u00e1 na hora de a cidade ser governada pelo PT.\u201d<\/p>\n<p style=\"text-align: justify;\"><strong>Veja<\/strong>\u00a0os candidatos de Feira de Santana\u00a0<a href=\"https:\/\/vote13.pt.org.br\/candidatos\/?uf=ba&amp;ue=35157\" target=\"_blank\" rel=\"noopener\">aqui<\/a>.<\/p>\n<h3 style=\"text-align: justify;\"><strong>Bahia como prioridade nacional<\/strong><\/h3>\n<p style=\"text-align: justify;\">Para o presidente estadual do PT, \u00c9den Valadares, a presen\u00e7a de Gleisi Hoffmann na Bahia \u00e9 fundamental para dar mais for\u00e7a \u00e0s candidaturas petistas no estado. Ele destacou que o apoio do presidente Lula e do governador Jer\u00f4nimo Rodrigues ser\u00e1 decisivo na elei\u00e7\u00e3o de prefeitos, prefeitas, vereadores e vereadoras.<\/p>\n<p style=\"text-align: justify;\">\u201cA vinda da presidenta Gleisi demonstra o reconhecimento do PT nacional sobre a import\u00e2ncia das elei\u00e7\u00f5es na Bahia. Temos candidatos muito qualificados, e estamos confiantes de que 2024 ser\u00e1 um ano de grandes vit\u00f3rias para o PT no estado\u201d, declarou \u00c9den.<\/p>\n<p style=\"text-align: justify;\">Com a for\u00e7a do presidente Lula e o trabalho incans\u00e1vel do governador Jer\u00f4nimo Rodrigues, o PT espera consolidar um resultado superior ao de 2020, quando o cen\u00e1rio nacional era adverso com Jair Bolsonaro na presid\u00eancia. A presen\u00e7a de Gleisi Hoffmann, aliada \u00e0 mobiliza\u00e7\u00e3o da milit\u00e2ncia, d\u00e1 f\u00f4lego extra \u00e0s campanhas petistas na reta final.<\/p>\n<p style=\"text-align: justify;\">As agendas da presidenta do PT continuam nesta quarta-feira (2), quando Gleisi participar\u00e1 de atos de campanha em Cama\u00e7ari e Lauro de Freitas, em apoio aos candidatos Caetano e Rosalvo.<\/p>\n<p style=\"text-align: justify;\"><strong>Conhe\u00e7a<\/strong>\u00a0o Time do Lula\u00a0<a href=\"https:\/\/vote13.pt.org.br\/\" target=\"_blank\" rel=\"noopener\">aqui<\/a>.<\/p>\n<p style=\"text-align: justify;\"><strong>Da Reda\u00e7\u00e3o,\u00a0<\/strong><em>com assessoria de Waldenor Pereira<\/em><\/p>\n","protected":false},"excerpt":{"rendered":"<p>Gleisi, no calor da campanha, em Vit\u00f3ria da Conquista: &#8220;Temos acompanhado de perto o crescimento da campanha de Waldenor&#8221; A presidenta nacional do PT, deputada federal Gleisi Hoffmann (PR), cumpriu agenda nesta ter\u00e7a-feira (1) em dois importantes munic\u00edpios baianos: Vit\u00f3ria da Conquista e Feira de Santana. Na reta final da campanha, a visita teve o [&hellip;]<\/p>\n","protected":false},"author":2,"featured_media":121122,"comment_status":"open","ping_status":"open","sticky":false,"template":"","format":"standard","meta":[],"categories":[81,105],"tags":[4781],"_links":{"self":[{"href":"https:\/\/www.blogdopaulonunes.com\/v5\/index.php\/wp-json\/wp\/v2\/posts\/121117"}],"collection":[{"href":"https:\/\/www.blogdopaulonunes.com\/v5\/index.php\/wp-json\/wp\/v2\/posts"}],"about":[{"href":"https:\/\/www.blogdopaulonunes.com\/v5\/index.php\/wp-json\/wp\/v2\/types\/post"}],"author":[{"embeddable":true,"href":"https:\/\/www.blogdopaulonunes.com\/v5\/index.php\/wp-json\/wp\/v2\/users\/2"}],"replies":[{"embeddable":true,"href":"https:\/\/www.blogdopaulonunes.com\/v5\/index.php\/wp-json\/wp\/v2\/comments?post=121117"}],"version-history":[{"count":1,"href":"https:\/\/www.blogdopaulonunes.com\/v5\/index.php\/wp-json\/wp\/v2\/posts\/121117\/revisions"}],"predecessor-version":[{"id":121123,"href":"https:\/\/www.blogdopaulonunes.com\/v5\/index.php\/wp-json\/wp\/v2\/posts\/121117\/revisions\/121123"}],"wp:featuredmedia":[{"embeddable":true,"href":"https:\/\/www.blogdopaulonunes.com\/v5\/index.php\/wp-json\/wp\/v2\/media\/121122"}],"wp:attachment":[{"href":"https:\/\/www.blogdopaulonunes.com\/v5\/index.php\/wp-json\/wp\/v2\/media?parent=121117"}],"wp:term":[{"taxonomy":"category","embeddable":true,"href":"https:\/\/www.blogdopaulonunes.com\/v5\/index.php\/wp-json\/wp\/v2\/categories?post=121117"},{"taxonomy":"post_tag","embeddable":true,"href":"https:\/\/www.blogdopaulonunes.com\/v5\/index.php\/wp-json\/wp\/v2\/tags?post=121117"}],"curies":[{"name":"wp","href":"https:\/\/api.w.org\/{rel}","templated":true}]}}