{"id":120784,"date":"2024-08-23T03:11:33","date_gmt":"2024-08-23T06:11:33","guid":{"rendered":"https:\/\/www.blogdopaulonunes.com\/v5\/?p=120784"},"modified":"2024-08-23T03:11:33","modified_gmt":"2024-08-23T06:11:33","slug":"chapeu-nao-pode-entrar-na-urna-eletronica-eeleitoral","status":"publish","type":"post","link":"https:\/\/www.blogdopaulonunes.com\/v5\/index.php\/2024\/08\/23\/chapeu-nao-pode-entrar-na-urna-eletronica-eeleitoral\/","title":{"rendered":"Chap\u00e9u n\u00e3o pode entrar  na Urna Eletr\u00f4nica Eeleitoral"},"content":{"rendered":"<p>Confesso que fiquei surpreendido com a notifica\u00e7\u00e3o do juiz eleitoral de que a foto do candidato com chap\u00e9u n\u00e3o pode ser introduzida na urna eletr\u00f4nica de vota\u00e7\u00e3o do dia seis de outubro sob o argumento de que tira a visibilidade do mesmo, alega\u00e7\u00e3o esta que n\u00e3o me convenceu.<\/p>\n<p style=\"text-align: justify;\"><span style=\"font-weight: 400;\">\u00a0\u00a0Aqui em Vit\u00f3ria da Conquista, a minha foto e a do companheiro Ant\u00f4nio Andrade Leal foram barradas e fomos obrigados a tirar outras fotos sem o chap\u00e9u para serem validadas na urna eletr\u00f4nica eleitoral.\u00a0<\/span><\/p>\n<p style=\"text-align: justify;\"><span style=\"font-weight: 400;\">Primeiro, se tira a visibilidade, isso fica por conta do candidato. Segundo \u00e9 que o chap\u00e9u, no meu caso espec\u00edfico, faz parte da minha indument\u00e1ria cultural nordestina como marca identit\u00e1ria da minha pessoa e, sem esse adorno particular, posso at\u00e9 ser prejudicado.\u00a0<\/span><\/p>\n<p style=\"text-align: justify;\"><span style=\"font-weight: 400;\">\u00a0\u00a0Terceiro, como j\u00e1 sou sempre conhecido de todos com o uso do meu chap\u00e9u, inclusive nas ruas e eventos em geral, (possuo uma cole\u00e7\u00e3o), na hora da vota\u00e7\u00e3o o eleitor pode se confundir e at\u00e9 n\u00e3o reconhecer minha fisionomia.<\/span><\/p>\n<p style=\"text-align: justify;\"><span style=\"font-weight: 400;\">\u00a0\u00a0Tanto eu como meu amigo Leal nos sentimos constrangidos com essa proibi\u00e7\u00e3o da Justi\u00e7a Eleitoral. Em minha opini\u00e3o, demonstra at\u00e9 um preconceito contra uma pe\u00e7a importante e milenar desde os tempos antes de Cristo, como na Mesopot\u00e2mia, no Egito e na Gr\u00e9cia.<\/span><\/p>\n<p style=\"text-align: justify;\"><span style=\"font-weight: 400;\">\u00a0\u00a0\u00a0Na era moderna, a nobreza, reis e rainhas usavam seus estilosos chap\u00e9us passando para outros povos. No nosso Nordeste, o chap\u00e9u, especialmente o de couro, faz parte da cultura do sertanejo da regi\u00e3o. \u00c9 como se fosse um s\u00edmbolo da sua pessoa.<\/span><\/p>\n<p style=\"text-align: justify;\"><span style=\"font-weight: 400;\">\u00a0\u00a0N\u00e3o vamos entrar nessa seara porque trata-se de um tema bastante vasto. Apenas entendo ser fr\u00e1gil o argumento da Justi\u00e7a Eleitoral, tanto que a proibi\u00e7\u00e3o foi derrubada pelo deputado federal Douglas Belchior do PT de S\u00e3o Paulo.<\/span><\/p>\n<p style=\"text-align: justify;\"><span style=\"font-weight: 400;\">\u00a0\u00a0O parlamentar recorreu ap\u00f3s sua foto de bon\u00e9 ter sido barrada pelo TER (Tribunal Regional Eleitoral). A lei pro\u00edbe o uso de elementos que possam dificultar a identifica\u00e7\u00e3o do candidato. N\u00e3o \u00e9 permitido usar elementos c\u00eanicos e adornos que dificultam a visibilidade da pessoa.\u00a0<\/span><\/p>\n<p style=\"text-align: justify;\"><span style=\"font-weight: 400;\">\u00a0\u00a0No processo do deputado, o ministro do Tribunal Superior, S\u00e9rgio Banhos, autorizou o bon\u00e9 na urna eletr\u00f4nica. Como negro, Belchior entrou com um pedido no TSE (Tribunal Superior Eleitoral) depois que o TRE deferiu o registro fazendo uma ressalva quanto a sua foto.<\/span><\/p>\n<p style=\"text-align: justify;\"><span style=\"font-weight: 400;\">\u00a0O deputado de S\u00e3o Paulo \u00e9 um preto engajado com os movimentos sociais. Argumentou que, dentre as formas de combater o racismo, est\u00e1 o uso do elemento bon\u00e9 na cultura rapper.\u00a0<\/span><\/p>\n<p style=\"text-align: justify;\"><span style=\"font-weight: 400;\">\u00a0\u00a0De acordo com o magistrado S\u00e9rgio, este adorno faz parte de uma caracter\u00edstica sociocultural do candidato. Seu bon\u00e9 est\u00e1 ligado \u00e0 sua imagem, conforme defendeu o juiz, acrescentando que n\u00e3o se tratava de um adorno e n\u00e3o atrapalhava a visualiza\u00e7\u00e3o do seu rosto.\u00a0 <\/span><\/p>\n","protected":false},"excerpt":{"rendered":"<p>Confesso que fiquei surpreendido com a notifica\u00e7\u00e3o do juiz eleitoral de que a foto do candidato com chap\u00e9u n\u00e3o pode ser introduzida na urna eletr\u00f4nica de vota\u00e7\u00e3o do dia seis de outubro sob o argumento de que tira a visibilidade do mesmo, alega\u00e7\u00e3o esta que n\u00e3o me convenceu. \u00a0\u00a0Aqui em Vit\u00f3ria da Conquista, a minha [&hellip;]<\/p>\n","protected":false},"author":2,"featured_media":107025,"comment_status":"open","ping_status":"open","sticky":false,"template":"","format":"standard","meta":[],"categories":[88,105],"tags":[4646,1362,162,1821],"_links":{"self":[{"href":"https:\/\/www.blogdopaulonunes.com\/v5\/index.php\/wp-json\/wp\/v2\/posts\/120784"}],"collection":[{"href":"https:\/\/www.blogdopaulonunes.com\/v5\/index.php\/wp-json\/wp\/v2\/posts"}],"about":[{"href":"https:\/\/www.blogdopaulonunes.com\/v5\/index.php\/wp-json\/wp\/v2\/types\/post"}],"author":[{"embeddable":true,"href":"https:\/\/www.blogdopaulonunes.com\/v5\/index.php\/wp-json\/wp\/v2\/users\/2"}],"replies":[{"embeddable":true,"href":"https:\/\/www.blogdopaulonunes.com\/v5\/index.php\/wp-json\/wp\/v2\/comments?post=120784"}],"version-history":[{"count":1,"href":"https:\/\/www.blogdopaulonunes.com\/v5\/index.php\/wp-json\/wp\/v2\/posts\/120784\/revisions"}],"predecessor-version":[{"id":120785,"href":"https:\/\/www.blogdopaulonunes.com\/v5\/index.php\/wp-json\/wp\/v2\/posts\/120784\/revisions\/120785"}],"wp:featuredmedia":[{"embeddable":true,"href":"https:\/\/www.blogdopaulonunes.com\/v5\/index.php\/wp-json\/wp\/v2\/media\/107025"}],"wp:attachment":[{"href":"https:\/\/www.blogdopaulonunes.com\/v5\/index.php\/wp-json\/wp\/v2\/media?parent=120784"}],"wp:term":[{"taxonomy":"category","embeddable":true,"href":"https:\/\/www.blogdopaulonunes.com\/v5\/index.php\/wp-json\/wp\/v2\/categories?post=120784"},{"taxonomy":"post_tag","embeddable":true,"href":"https:\/\/www.blogdopaulonunes.com\/v5\/index.php\/wp-json\/wp\/v2\/tags?post=120784"}],"curies":[{"name":"wp","href":"https:\/\/api.w.org\/{rel}","templated":true}]}}