{"id":120777,"date":"2024-08-23T02:31:30","date_gmt":"2024-08-23T05:31:30","guid":{"rendered":"https:\/\/www.blogdopaulonunes.com\/v5\/?p=120777"},"modified":"2024-08-23T02:31:30","modified_gmt":"2024-08-23T05:31:30","slug":"filho-de-flavio-jose-morre-apos-acidente-de-carro-na-paraiba","status":"publish","type":"post","link":"https:\/\/www.blogdopaulonunes.com\/v5\/index.php\/2024\/08\/23\/filho-de-flavio-jose-morre-apos-acidente-de-carro-na-paraiba\/","title":{"rendered":"Filho de Fl\u00e1vio Jos\u00e9 morre ap\u00f3s acidente de carro na Para\u00edba"},"content":{"rendered":"<h4 class=\"subTituloDet\" style=\"text-align: justify;\">Cantor, Mayke Jos\u00e9 como era conhecido artisticamente, tinha 40 anos<\/h4>\n<p style=\"text-align: justify;\">O filho do cantor Fl\u00e1vio Jos\u00e9, John Mike Azevedo, cantor, conhecido artisticamente como Mayke Jos\u00e9, morreu nesta quinta-feira (22), ap\u00f3s um acidente de carro em Monteiro, na\u00a0Para\u00edba. O m\u00fasico tinha 40 anos.<\/p>\n<p>Informa\u00e7\u00f5es iniciais apontam para alta velocidade do ve\u00edculo conduzido pelo filho do forrozeiro paraibano, que teria colidido na traseira de outro carro &#8211; que, atingido, n\u00e3o resultou em ningu\u00e9m ferido.<\/p>\n<div class=\"dn_imagemComLegenda full\"><img src=\"https:\/\/cdn.folhape.com.br\/upload\/dn_arquivo\/2024\/08\/2.jpg\" alt=\"Carro em que o filho de Fl\u00e1vio Jos\u00e9 dirigia, ap\u00f3s colis\u00e3o\" \/><small class=\"dn_legendaImg\">Cr\u00e9dito: Reprodu\u00e7\u00e3o\/TV Para\u00edba<\/small><\/div>\n<p style=\"text-align: justify;\">Mayke chegou a ser socorrido ainda com vida, mas logo veio a \u00f3bito. A causa da morte ainda n\u00e3o foi divulgada.<\/p>\n<p style=\"text-align: justify;\"><strong>Carreira<\/strong><br \/>\nTal qual o pai, Fl\u00e1vio Jos\u00e9, 72, Mayke seguia na carreira art\u00edstica como sanfoneiro e divulgador do forr\u00f3.<\/p>\n<p>Em sua\u00a0<a href=\"https:\/\/www.instagram.com\/maykejoseoficial\/\" target=\"_blank\" rel=\"noopener\"><strong>\u00faltima postagem no Instagram<\/strong><\/a>, \u00a0ainda em clima junino, um cartaz convidava seus seguidores para curtir o &#8220;Melhor S\u00e3o Pedro&#8221; da Chapada Diamantina, na Bahia. Foi em terras baianas que Mayke circulou recentemente em turn\u00ea.<\/p>\n<p>F\u00e3s e seguidores aproveitaram a\u00a0publica\u00e7\u00e3o para lamentar\u00a0a partida precoce do artista.<\/p>\n<p>&#8220;<em>Descanse em paz<\/em>&#8220;, &#8220;<em>Eu n\u00e3o estou acreditando<\/em>&#8221; e\u00a0&#8220;<em>Que Deus conforte o cora\u00e7\u00e3o da fam\u00edlia enlutada<\/em>&#8221; foram alguns dos escritos levados por seguidores de Mayke \u00e0 rede social.<\/p>\n<p>Outro seguidor escreveu que ele estava feliz pela turn\u00ea de shows que havia feito na Bahia. &#8220;Deus conforte os cora\u00e7\u00f5es dos familiares&#8221;, finalizou na postagem.<\/p>\n<p>Com voz que remetia\u00a0ao\u00a0pai, \u00a0Mayke era al\u00e9m de cantor, compositor.<\/p>\n<p>No Spotify, a can\u00e7\u00e3o &#8216;Rancho do Vaqueiro, consta como single lan\u00e7ado em 2020.<\/p>\n<p><iframe loading=\"lazy\" src=\"https:\/\/open.spotify.com\/embed\/track\/7GCKF2jFRlus81Yp9wwIBm?utm_source=generator\" width=\"100%\" height=\"352\" frameborder=\"0\" allowfullscreen=\"allowfullscreen\" data-mce-fragment=\"1\"><\/iframe><\/p>\n<p>J\u00e1 em 2019, Mayke Jos\u00e9 lan\u00e7ou um\u00a0\u00e1lbum ao vivo com 26 faixas, algumas delas conhecidas na voz de\u00a0Fl\u00e1vio Jos\u00e9.<\/p>\n<p>Entre elas, &#8220;Seu Olhar N\u00e3o Mente&#8221;, &#8220;Tareco e Mariola&#8221; e &#8220;Pra Voc\u00ea Voltar Pra Mim&#8221;.<\/p>\n","protected":false},"excerpt":{"rendered":"<p>Cantor, Mayke Jos\u00e9 como era conhecido artisticamente, tinha 40 anos O filho do cantor Fl\u00e1vio Jos\u00e9, John Mike Azevedo, cantor, conhecido artisticamente como Mayke Jos\u00e9, morreu nesta quinta-feira (22), ap\u00f3s um acidente de carro em Monteiro, na\u00a0Para\u00edba. O m\u00fasico tinha 40 anos. Informa\u00e7\u00f5es iniciais apontam para alta velocidade do ve\u00edculo conduzido pelo filho do forrozeiro [&hellip;]<\/p>\n","protected":false},"author":2,"featured_media":120778,"comment_status":"open","ping_status":"open","sticky":false,"template":"","format":"standard","meta":[],"categories":[103,105],"tags":[4643,1142,4642,4644],"_links":{"self":[{"href":"https:\/\/www.blogdopaulonunes.com\/v5\/index.php\/wp-json\/wp\/v2\/posts\/120777"}],"collection":[{"href":"https:\/\/www.blogdopaulonunes.com\/v5\/index.php\/wp-json\/wp\/v2\/posts"}],"about":[{"href":"https:\/\/www.blogdopaulonunes.com\/v5\/index.php\/wp-json\/wp\/v2\/types\/post"}],"author":[{"embeddable":true,"href":"https:\/\/www.blogdopaulonunes.com\/v5\/index.php\/wp-json\/wp\/v2\/users\/2"}],"replies":[{"embeddable":true,"href":"https:\/\/www.blogdopaulonunes.com\/v5\/index.php\/wp-json\/wp\/v2\/comments?post=120777"}],"version-history":[{"count":1,"href":"https:\/\/www.blogdopaulonunes.com\/v5\/index.php\/wp-json\/wp\/v2\/posts\/120777\/revisions"}],"predecessor-version":[{"id":120779,"href":"https:\/\/www.blogdopaulonunes.com\/v5\/index.php\/wp-json\/wp\/v2\/posts\/120777\/revisions\/120779"}],"wp:featuredmedia":[{"embeddable":true,"href":"https:\/\/www.blogdopaulonunes.com\/v5\/index.php\/wp-json\/wp\/v2\/media\/120778"}],"wp:attachment":[{"href":"https:\/\/www.blogdopaulonunes.com\/v5\/index.php\/wp-json\/wp\/v2\/media?parent=120777"}],"wp:term":[{"taxonomy":"category","embeddable":true,"href":"https:\/\/www.blogdopaulonunes.com\/v5\/index.php\/wp-json\/wp\/v2\/categories?post=120777"},{"taxonomy":"post_tag","embeddable":true,"href":"https:\/\/www.blogdopaulonunes.com\/v5\/index.php\/wp-json\/wp\/v2\/tags?post=120777"}],"curies":[{"name":"wp","href":"https:\/\/api.w.org\/{rel}","templated":true}]}}