{"id":120540,"date":"2024-08-02T21:53:02","date_gmt":"2024-08-03T00:53:02","guid":{"rendered":"https:\/\/www.blogdopaulonunes.com\/v5\/?p=120540"},"modified":"2024-08-02T21:53:02","modified_gmt":"2024-08-03T00:53:02","slug":"em-evento-com-6-mil-pessoas-tito-destaca-a-necessidade-de-gestao-responsavel-plano-inclui-parcerias-para-melhorias-em-saude-educacao-assistencia-social-e-infraestrutura","status":"publish","type":"post","link":"https:\/\/www.blogdopaulonunes.com\/v5\/index.php\/2024\/08\/02\/em-evento-com-6-mil-pessoas-tito-destaca-a-necessidade-de-gestao-responsavel-plano-inclui-parcerias-para-melhorias-em-saude-educacao-assistencia-social-e-infraestrutura\/","title":{"rendered":"Em evento com 6 mil pessoas, Tito destaca a necessidade de gest\u00e3o respons\u00e1vel. Plano inclui parcerias para melhorias em sa\u00fade, educa\u00e7\u00e3o, assist\u00eancia social e infraestrutura"},"content":{"rendered":"<p style=\"text-align: justify;\">O Bartira Fest, a maior casa de eventos de Barreiras, ficou lotada na noite desta quinta-feira (01\/08), durante o lan\u00e7amento oficial da candidatura de Tito e Emerson a prefeito e vice-prefeito. A conven\u00e7\u00e3o reuniu cerca de 6 mil apoiadores e lideran\u00e7as pol\u00edticas de peso, incluindo o governador da Bahia, Jer\u00f4nimo Rodrigues, o deputado estadual Robinson Almeida, o secret\u00e1rio da Casa Civil e deputado federal licenciado Afonso Florence, a secret\u00e1ria de Desenvolvimento Urbano e ex-prefeita de Barreiras, Jusmari Oliveira, o secret\u00e1rio de rela\u00e7\u00f5es institucionais da Bahia, Jonival Lucas, o secret\u00e1rio estadual do Avante na Bahia Pablo Barrozo, o ex-presidente do PT Jonas Paulo, prefeitos, vereadores, presidentes dos partidos e lideran\u00e7as pol\u00edticas.<\/p>\n<p style=\"text-align: justify;\">Al\u00e9m da candidatura de Tito e Emerson, foram oficializadas as candidaturas de 120 candidatos a vereador dos nove partidos da coaliz\u00e3o: PT, PV, Avante, PSD, PCdoB, PSB, PRTB, Rede e PSOL, que se uniram em torno de um projeto comum para a cidade.<\/p>\n<p style=\"text-align: justify;\">O governador Jer\u00f4nimo Rodrigues destacou a import\u00e2ncia do engajamento pol\u00edtico para o futuro de Barreiras e afirmou que a elei\u00e7\u00e3o de 6 de outubro ser\u00e1 decisiva para o munic\u00edpio. Ele ressaltou que um erro na escolha dos governantes pode resultar em servi\u00e7os p\u00fablicos deficientes, como sa\u00fade prec\u00e1ria, falta de oferta de vagas em creches, escolas e infraestrutura inadequada.<\/p>\n<p style=\"text-align: justify;\"><strong>Barreiras, Bahia e Brasil<\/strong><\/p>\n<p style=\"text-align: justify;\">&#8220;E meu compromisso \u00e9 este, no dia 1\u00ba de janeiro, Tito, pode arrumar os projetos, porque aquilo que eu n\u00e3o puder fazer com o governo do Estado, eu vou pegar tua m\u00e3o e vamos juntos \u00e0 Bras\u00edlia buscar recursos e projeto com o presidente Lula\u201d, disse Jer\u00f4nimo.<\/p>\n<p style=\"text-align: justify;\">&#8220;Hoje, estamos aqui para referendar o nome de Tito e Emerson, dois l\u00edderes preparados para enfrentar os desafios de nosso munic\u00edpio&#8221;, declarou o governador, destacando a import\u00e2ncia de uma lideran\u00e7a que trabalhe em parceria com os governos estadual e federal.<\/p>\n<p style=\"text-align: justify;\">Em seu discurso, Tito agradeceu o apoio recebido de diversas lideran\u00e7as pol\u00edticas e destacou a alian\u00e7a formada com os nove partidos. Ele expressou gratid\u00e3o ao governador Jer\u00f4nimo Rodrigues e a outros apoiadores pela confian\u00e7a depositada em sua candidatura. Tito enfatizou a import\u00e2ncia de parcerias com os governos estadual e federal para atender \u00e0s necessidades da popula\u00e7\u00e3o em \u00e1reas como sa\u00fade, educa\u00e7\u00e3o e saneamento b\u00e1sico.<\/p>\n<p style=\"text-align: justify;\"><strong>Hospital Universit\u00e1rio<\/strong><\/p>\n<p style=\"text-align: justify;\">O candidato criticou a atual gest\u00e3o por n\u00e3o ter realizado melhorias significativas em sa\u00fade e saneamento b\u00e1sico, e prometeu implementar um modelo de gest\u00e3o eficiente e transparente. Tito anunciou planos ambiciosos, incluindo a constru\u00e7\u00e3o de uma nova sede administrativa para Barreiras, com parcerias p\u00fablico-privadas, e a cria\u00e7\u00e3o do primeiro hospital universit\u00e1rio do interior da Bahia em parceria com a Universidade Federal do Oeste da Bahia (UFOB).<\/p>\n<p style=\"text-align: justify;\">&#8220;Estamos prontos para trabalhar em prol de um futuro melhor para Barreiras&#8221;, afirmou Tito, convocando os presentes a abra\u00e7ar a causa de sua candidatura. Ele destacou que sua gest\u00e3o ser\u00e1 marcada pela efici\u00eancia e transpar\u00eancia, com foco em cuidar das pessoas e oferecer servi\u00e7os p\u00fablicos de qualidade.<\/p>\n<p style=\"text-align: justify;\">O candidato a vice-prefeito, Emerson, destacou a import\u00e2ncia da unidade e da esperan\u00e7a para o futuro de Barreiras. Ele expressou gratid\u00e3o pelo apoio recebido e elogiou o governador Jer\u00f4nimo Rodrigues por seu prest\u00edgio e apoio \u00e0 candidatura. Emerson destacou a necessidade de um gestor com experi\u00eancia para enfrentar os desafios financeiros do munic\u00edpio e criticou a falta de parceria entre a gest\u00e3o municipal e os governos estadual e federal.<\/p>\n<p style=\"text-align: justify;\"><strong>Vit\u00f3ria e progresso<\/strong><\/p>\n<p style=\"text-align: justify;\">Ele mencionou Jusmari Oliveira, reconhecendo sua contribui\u00e7\u00e3o significativa para o saneamento b\u00e1sico da cidade, e enfatizou a necessidade de concluir o saneamento de Barreiras em parceria com os governos estadual e federal. Emerson pediu confian\u00e7a no projeto liderado por Tito e destacou que, com apoio estadual e federal, a administra\u00e7\u00e3o poder\u00e1 transformar Barreiras. &#8220;A gest\u00e3o de Tito ser\u00e1 marcada pela vit\u00f3ria e progresso&#8221;, concluiu.<\/p>\n<p style=\"text-align: justify;\">Durante a conven\u00e7\u00e3o, Jusmari Oliveira fez um discurso carregado de emo\u00e7\u00e3o e esperan\u00e7a para o futuro de Barreiras. Ela ressaltou a import\u00e2ncia da uni\u00e3o e da mobiliza\u00e7\u00e3o para a campanha de Tito e Emerson, destacando a necessidade de mudan\u00e7as significativas na cidade. Jusmari tamb\u00e9m fez cr\u00edticas incisivas ao atual prefeito, evidenciando o descaso com as necessidades b\u00e1sicas da popula\u00e7\u00e3o.<\/p>\n<p style=\"text-align: justify;\">&#8220;Tito e Emerson, agora \u00e9 hora de intensificar a campanha, ir de porta em porta, e levar a mensagem que Barreiras espera h\u00e1 anos. Acredito que Tito ser\u00e1 o prefeito que nossa cidade precisa, valorizando a sa\u00fade, os programas sociais e o funcionalismo p\u00fablico. N\u00e3o \u00e9 aceit\u00e1vel que um pai de fam\u00edlia tenha que esperar semanas para um tratamento m\u00e9dico ou que os idosos n\u00e3o tenham acesso aos programas sociais necess\u00e1rios. Tito, tenho certeza de que voc\u00ea ser\u00e1 o prefeito que ouvir\u00e1 e atender\u00e1 as necessidades do povo, com dignidade e humanidade&#8221;, declarou Jusmari.<\/p>\n<p style=\"text-align: justify;\"><strong>Uni\u00e3o de esfor\u00e7os<\/strong><\/p>\n<p style=\"text-align: justify;\">A conven\u00e7\u00e3o foi marcada por um forte esp\u00edrito de coletividade e determina\u00e7\u00e3o, com lideran\u00e7as e cidad\u00e3os unidos em prol de uma Barreiras mais justa e desenvolvida. O evento destacou a uni\u00e3o de esfor\u00e7os em torno de um projeto de desenvolvimento para o munic\u00edpio, com o compromisso dos candidatos de trabalhar por melhorias significativas em \u00e1reas essenciais.<\/p>\n","protected":false},"excerpt":{"rendered":"<p>O Bartira Fest, a maior casa de eventos de Barreiras, ficou lotada na noite desta quinta-feira (01\/08), durante o lan\u00e7amento oficial da candidatura de Tito e Emerson a prefeito e vice-prefeito. A conven\u00e7\u00e3o reuniu cerca de 6 mil apoiadores e lideran\u00e7as pol\u00edticas de peso, incluindo o governador da Bahia, Jer\u00f4nimo Rodrigues, o deputado estadual Robinson [&hellip;]<\/p>\n","protected":false},"author":2,"featured_media":120541,"comment_status":"open","ping_status":"open","sticky":false,"template":"","format":"standard","meta":[],"categories":[3481,105],"tags":[1437,437,4505],"_links":{"self":[{"href":"https:\/\/www.blogdopaulonunes.com\/v5\/index.php\/wp-json\/wp\/v2\/posts\/120540"}],"collection":[{"href":"https:\/\/www.blogdopaulonunes.com\/v5\/index.php\/wp-json\/wp\/v2\/posts"}],"about":[{"href":"https:\/\/www.blogdopaulonunes.com\/v5\/index.php\/wp-json\/wp\/v2\/types\/post"}],"author":[{"embeddable":true,"href":"https:\/\/www.blogdopaulonunes.com\/v5\/index.php\/wp-json\/wp\/v2\/users\/2"}],"replies":[{"embeddable":true,"href":"https:\/\/www.blogdopaulonunes.com\/v5\/index.php\/wp-json\/wp\/v2\/comments?post=120540"}],"version-history":[{"count":1,"href":"https:\/\/www.blogdopaulonunes.com\/v5\/index.php\/wp-json\/wp\/v2\/posts\/120540\/revisions"}],"predecessor-version":[{"id":120542,"href":"https:\/\/www.blogdopaulonunes.com\/v5\/index.php\/wp-json\/wp\/v2\/posts\/120540\/revisions\/120542"}],"wp:featuredmedia":[{"embeddable":true,"href":"https:\/\/www.blogdopaulonunes.com\/v5\/index.php\/wp-json\/wp\/v2\/media\/120541"}],"wp:attachment":[{"href":"https:\/\/www.blogdopaulonunes.com\/v5\/index.php\/wp-json\/wp\/v2\/media?parent=120540"}],"wp:term":[{"taxonomy":"category","embeddable":true,"href":"https:\/\/www.blogdopaulonunes.com\/v5\/index.php\/wp-json\/wp\/v2\/categories?post=120540"},{"taxonomy":"post_tag","embeddable":true,"href":"https:\/\/www.blogdopaulonunes.com\/v5\/index.php\/wp-json\/wp\/v2\/tags?post=120540"}],"curies":[{"name":"wp","href":"https:\/\/api.w.org\/{rel}","templated":true}]}}