{"id":120389,"date":"2024-07-24T16:12:04","date_gmt":"2024-07-24T19:12:04","guid":{"rendered":"https:\/\/www.blogdopaulonunes.com\/v5\/?p=120389"},"modified":"2024-07-24T16:12:04","modified_gmt":"2024-07-24T19:12:04","slug":"rota-bahia-asia-apresenta-nova-perfomance-comercial-e-logistica-para-o-estado","status":"publish","type":"post","link":"https:\/\/www.blogdopaulonunes.com\/v5\/index.php\/2024\/07\/24\/rota-bahia-asia-apresenta-nova-perfomance-comercial-e-logistica-para-o-estado\/","title":{"rendered":"Rota Bahia-\u00c1sia apresenta nova perfomance comercial e log\u00edstica para o Estado"},"content":{"rendered":"<p style=\"text-align: justify;\"><strong><i>A Bahia traz para o Brasil uma nova rota regular com primeiro navio de grande porte, com 366 metros de comprimento<\/i><\/strong><\/p>\n<div style=\"text-align: justify;\">A Secretaria de Desenvolvimento Econ\u00f4mico (SDE) celebrou o lan\u00e7amento da Rota Bahia-\u00c1sia, realizado no Terminal de Containers (Tecon) do Porto de Salvador, nesta quarta-feira (24). O evento foi marcado pelo navio MSC Orion, que \u00e9 o primeiro, com 366 metros de comprimento e profundidade de 16 metros, realizando uma opera\u00e7\u00e3o de carga total no Brasil, trazendo para o pa\u00eds uma nova rota regular de longo curso.<\/div>\n<div style=\"text-align: justify;\"><\/div>\n<div style=\"text-align: justify;\">O MSC Orion possui a capacidade para transportar 15 mil TEUs, que s\u00e3o cont\u00eaineres de 20 p\u00e9s e \u00e9 o primeiro navio desse porte a transitar pelas \u00e1guas da Ba\u00eda de Todos-os-Santos. O navio tem a capacidade de transportar todos os cont\u00eaineres presentes atualmente no Porto de Salvador e ainda sobraria espa\u00e7o.<\/div>\n<div><\/div>\n<div style=\"text-align: justify;\">O secret\u00e1rio da pasta, Angelo Almeida, comemorou o marco, afirmando que a rota contribuir\u00e1 com o desenvolvimento econ\u00f4mico baiano, apresentando uma nova performance comercial e log\u00edstica para a Bahia. \u201c\u00c9 o primeiro navio com essa dimens\u00e3o que chega na Bahia para alavancar a nossa economia, fortalecendo a log\u00edstica do Nordeste com a \u00c1sia. Nosso estado \u00e9 um grande produtor de riquezas em diversos segmentos e a log\u00edstica de escoamento \u00e9 uma importante aliada do desenvolvimento do estado, colaborando com nossas rela\u00e7\u00f5es econ\u00f4micas e fraternas com o continente asi\u00e1tico, lideradas pelo governador Jer\u00f4nimo Rodrigues. A Bahia est\u00e1 cada vez mais presente do outro lado do mundo\u201d,<\/div>\n<div><\/div>\n<div style=\"text-align: justify;\">De acordo com o diretor-presidente da Companhia das Docas do Estado da Bahia (CODEBA), Antonio Gobbo, o evento de hoje \u00e9 emblem\u00e1tico no restabelecimento de uma rota regular entre a Bahia e a \u00c1sia. \u201cRecebemos o maior navio de cont\u00eaineres na Am\u00e9rica Latina, que marca o in\u00edcio de um evento cotidiano, que se torna poss\u00edvel gra\u00e7as \u00e0 compet\u00eancia t\u00e9cnica e comercial do Tecon e a\u00e7\u00e3o coordenada entre as autoridades mar\u00edtima e portu\u00e1ria. Inaugura-se tamb\u00e9m um novo desafio de planejamento de prover infraestrutura, dragagens e requalifica\u00e7\u00e3o f\u00edsica e tecnol\u00f3gica para recep\u00e7\u00e3o de embarca\u00e7\u00e3o cada vez maiores, 40 metros e mais, que ser\u00e3o padr\u00f5es das pr\u00f3ximas d\u00e9cadas\u201d, afirma.<\/div>\n<div><\/div>\n<div style=\"text-align: justify;\">Para Demir Louren\u00e7o, diretor executivo da Tecon, o dia de hoje \u00e9 a realiza\u00e7\u00e3o de um sonho. \u201cPor este porto passam cargas de diversos segmentos e perfis, cuja origens abrangem diversos estados brasileiros. Reconhecemos que conta com as condi\u00e7\u00f5es naturais de acessibilidade mar\u00edtima e acesso rodovi\u00e1rio que foi implantada, s\u00e3o por si s\u00f3 um grande diferencial competitivo. Aliar a localiza\u00e7\u00e3o privilegiada, o clima favor\u00e1vel, a compet\u00eancia, a investimentos e um compromisso inarred\u00e1vel do desenvolvimento da Bahia foi o que nos possibilitou em avalia\u00e7\u00e3o recentemente divulgada, referente ao ano de 2023, sermos reconhecidos pelo Banco Mundial por meio do \u00edndice global de desenvolvimento portu\u00e1rio de cont\u00eaineres, como o sexto melhor porto do mundo na categoria de terminal de cont\u00eaineres com capacidade de at\u00e9 500 mil TEUs\u201d, finaliza.<\/div>\n","protected":false},"excerpt":{"rendered":"<p>A Bahia traz para o Brasil uma nova rota regular com primeiro navio de grande porte, com 366 metros de comprimento A Secretaria de Desenvolvimento Econ\u00f4mico (SDE) celebrou o lan\u00e7amento da Rota Bahia-\u00c1sia, realizado no Terminal de Containers (Tecon) do Porto de Salvador, nesta quarta-feira (24). O evento foi marcado pelo navio MSC Orion, que [&hellip;]<\/p>\n","protected":false},"author":2,"featured_media":120390,"comment_status":"open","ping_status":"open","sticky":false,"template":"","format":"standard","meta":[],"categories":[22,105],"tags":[4479],"_links":{"self":[{"href":"https:\/\/www.blogdopaulonunes.com\/v5\/index.php\/wp-json\/wp\/v2\/posts\/120389"}],"collection":[{"href":"https:\/\/www.blogdopaulonunes.com\/v5\/index.php\/wp-json\/wp\/v2\/posts"}],"about":[{"href":"https:\/\/www.blogdopaulonunes.com\/v5\/index.php\/wp-json\/wp\/v2\/types\/post"}],"author":[{"embeddable":true,"href":"https:\/\/www.blogdopaulonunes.com\/v5\/index.php\/wp-json\/wp\/v2\/users\/2"}],"replies":[{"embeddable":true,"href":"https:\/\/www.blogdopaulonunes.com\/v5\/index.php\/wp-json\/wp\/v2\/comments?post=120389"}],"version-history":[{"count":1,"href":"https:\/\/www.blogdopaulonunes.com\/v5\/index.php\/wp-json\/wp\/v2\/posts\/120389\/revisions"}],"predecessor-version":[{"id":120391,"href":"https:\/\/www.blogdopaulonunes.com\/v5\/index.php\/wp-json\/wp\/v2\/posts\/120389\/revisions\/120391"}],"wp:featuredmedia":[{"embeddable":true,"href":"https:\/\/www.blogdopaulonunes.com\/v5\/index.php\/wp-json\/wp\/v2\/media\/120390"}],"wp:attachment":[{"href":"https:\/\/www.blogdopaulonunes.com\/v5\/index.php\/wp-json\/wp\/v2\/media?parent=120389"}],"wp:term":[{"taxonomy":"category","embeddable":true,"href":"https:\/\/www.blogdopaulonunes.com\/v5\/index.php\/wp-json\/wp\/v2\/categories?post=120389"},{"taxonomy":"post_tag","embeddable":true,"href":"https:\/\/www.blogdopaulonunes.com\/v5\/index.php\/wp-json\/wp\/v2\/tags?post=120389"}],"curies":[{"name":"wp","href":"https:\/\/api.w.org\/{rel}","templated":true}]}}