{"id":120326,"date":"2024-07-18T13:41:19","date_gmt":"2024-07-18T16:41:19","guid":{"rendered":"https:\/\/www.blogdopaulonunes.com\/v5\/?p=120326"},"modified":"2024-07-18T13:41:19","modified_gmt":"2024-07-18T16:41:19","slug":"fesfba-itinerante-vai-as-regioes-sul-e-sudoeste","status":"publish","type":"post","link":"https:\/\/www.blogdopaulonunes.com\/v5\/index.php\/2024\/07\/18\/fesfba-itinerante-vai-as-regioes-sul-e-sudoeste\/","title":{"rendered":"FESFBa Itinerante vai \u00e0s regioes Sul e Sudoeste"},"content":{"rendered":"<p style=\"text-align: justify;\">Na pr\u00f3xima semana &#8211; de 24 a 26 de julho &#8211; a presidente da Federa\u00e7\u00e3o das Santas Casas,Hospitais e Entidades Filantr\u00f3picas do Estado da Bahia (FESFBA),Dora Nunes,visita entidades filantr\u00f3picas de sa\u00fade das regi\u00f5es Sul e Sudoeste,dando continuidade ao Programa FESFBA Itinerante.A visita termina no dia 26, em Vit\u00f3ria da Conquista,com um encontro no audit\u00f3rio da Santa Casa , reunindo entidades filantr\u00f3picas das duas regi\u00f5es,a partir das 14 horas .A programa\u00e7\u00e3o come\u00e7a com palestra da advogada e professora Kalliop Souto Lima sobre &#8220;Impactos para a Filantropia com a Reforma Tribut\u00e1ria Proposta&#8221; e ter\u00e1 continuidade com a apresenta\u00e7\u00e3o de Dora Nunes sobre &#8220;A import\u00e2ncia do Setor Filantr\u00f3pico de Sa\u00fade para a Regi\u00e3o Sul e Sudoeste da Bahia&#8221;.<br \/>\nDora Nunes \u00e9 a primeira mulher a presidir a FESFBA,(depois de 30 anos da funda\u00e7\u00e3o) \u00e9 tamb\u00e9m presidente da Confedera\u00e7\u00e3o Internacional das Miseric\u00f3rdias(CIM),na Am\u00e9rica Latina e diretora do Hospital S\u00e3o Francisco no munic\u00edpio de Campo Formoso.<\/p>\n","protected":false},"excerpt":{"rendered":"<p>Na pr\u00f3xima semana &#8211; de 24 a 26 de julho &#8211; a presidente da Federa\u00e7\u00e3o das Santas Casas,Hospitais e Entidades Filantr\u00f3picas do Estado da Bahia (FESFBA),Dora Nunes,visita entidades filantr\u00f3picas de sa\u00fade das regi\u00f5es Sul e Sudoeste,dando continuidade ao Programa FESFBA Itinerante.A visita termina no dia 26, em Vit\u00f3ria da Conquista,com um encontro no audit\u00f3rio da [&hellip;]<\/p>\n","protected":false},"author":2,"featured_media":120327,"comment_status":"open","ping_status":"open","sticky":false,"template":"","format":"standard","meta":[],"categories":[22,105],"tags":[3232,4457,4456],"_links":{"self":[{"href":"https:\/\/www.blogdopaulonunes.com\/v5\/index.php\/wp-json\/wp\/v2\/posts\/120326"}],"collection":[{"href":"https:\/\/www.blogdopaulonunes.com\/v5\/index.php\/wp-json\/wp\/v2\/posts"}],"about":[{"href":"https:\/\/www.blogdopaulonunes.com\/v5\/index.php\/wp-json\/wp\/v2\/types\/post"}],"author":[{"embeddable":true,"href":"https:\/\/www.blogdopaulonunes.com\/v5\/index.php\/wp-json\/wp\/v2\/users\/2"}],"replies":[{"embeddable":true,"href":"https:\/\/www.blogdopaulonunes.com\/v5\/index.php\/wp-json\/wp\/v2\/comments?post=120326"}],"version-history":[{"count":1,"href":"https:\/\/www.blogdopaulonunes.com\/v5\/index.php\/wp-json\/wp\/v2\/posts\/120326\/revisions"}],"predecessor-version":[{"id":120328,"href":"https:\/\/www.blogdopaulonunes.com\/v5\/index.php\/wp-json\/wp\/v2\/posts\/120326\/revisions\/120328"}],"wp:featuredmedia":[{"embeddable":true,"href":"https:\/\/www.blogdopaulonunes.com\/v5\/index.php\/wp-json\/wp\/v2\/media\/120327"}],"wp:attachment":[{"href":"https:\/\/www.blogdopaulonunes.com\/v5\/index.php\/wp-json\/wp\/v2\/media?parent=120326"}],"wp:term":[{"taxonomy":"category","embeddable":true,"href":"https:\/\/www.blogdopaulonunes.com\/v5\/index.php\/wp-json\/wp\/v2\/categories?post=120326"},{"taxonomy":"post_tag","embeddable":true,"href":"https:\/\/www.blogdopaulonunes.com\/v5\/index.php\/wp-json\/wp\/v2\/tags?post=120326"}],"curies":[{"name":"wp","href":"https:\/\/api.w.org\/{rel}","templated":true}]}}