{"id":120149,"date":"2024-07-02T11:11:36","date_gmt":"2024-07-02T14:11:36","guid":{"rendered":"https:\/\/www.blogdopaulonunes.com\/v5\/?p=120149"},"modified":"2024-11-08T20:38:50","modified_gmt":"2024-11-08T23:38:50","slug":"autor-do-pl-do-estupro-se-envolveu-em-acidente-que-matou-idosa-nao-houve-investigacao","status":"publish","type":"post","link":"https:\/\/www.blogdopaulonunes.com\/v5\/index.php\/2024\/07\/02\/autor-do-pl-do-estupro-se-envolveu-em-acidente-que-matou-idosa-nao-houve-investigacao\/","title":{"rendered":"Autor do PL do Estupro se envolveu em acidente que matou idosa. N\u00e3o houve investiga\u00e7\u00e3o"},"content":{"rendered":"<p style=\"text-align: justify;\"><strong>S\u00f3stenes Cavalcante teria causado uma colis\u00e3o no tr\u00e2nsito, em 2022. BO foi retificado, segundo PRF<\/strong><\/p>\n<p style=\"text-align: justify;\"><strong>Ag\u00eancia P\u00fablica<\/strong><br \/>\n<strong>*Por Amanda Audi<\/strong><\/p>\n<p>Autor do Projeto de Lei 1.904\/2024, conhecido como \u201cPL do Estupro\u201d, que equipara o aborto ap\u00f3s 22 semanas a homic\u00eddio, o deputado S\u00f3stenes Cavalcante (PL-RJ) envolveu-se em um acidente de tr\u00e2nsito em 2022 que resultou na morte de uma idosa. Nunca houve investiga\u00e7\u00e3o sobre o acidente.<\/p>\n<p><a href=\"https:\/\/www.blogdopaulonunes.com\/v5\/wp-content\/uploads\/2024\/07\/Sostenes-1.png\"><img loading=\"lazy\" class=\"aligncenter size-full wp-image-121447\" src=\"https:\/\/www.blogdopaulonunes.com\/v5\/wp-content\/uploads\/2024\/07\/Sostenes-1.png\" alt=\"\" width=\"373\" height=\"230\" \/><\/a><\/p>\n<p style=\"text-align: justify;\">A Ag\u00eancia P\u00fablica teve acesso com exclusividade ao boletim de ocorr\u00eancia registrado (BO) pela Pol\u00edcia Rodovi\u00e1ria Federal (PRF), no qual consta que o deputado passou direto num cruzamento onde deveria parar. Apesar disso, n\u00e3o houve investiga\u00e7\u00e3o ou processo sobre o acidente. Descobrimos tamb\u00e9m ind\u00edcios de que o BO registrado pela PRF pode ter sido alterado.<\/p>\n<p style=\"text-align: justify;\">O acidente ocorreu \u00e0s 13h25 do dia 15 de junho de 2022, na BR-040, na cidade de Cristalina, em Goi\u00e1s. Era uma quarta-feira, dia em que S\u00f3stenes deveria ter participado das comiss\u00f5es de Educa\u00e7\u00e3o e de Direitos Humanos, Minorias e Igualdade Racial, al\u00e9m da sess\u00e3o do plen\u00e1rio da C\u00e2mara dos Deputados. O parlamentar \u2013 que \u00e9 pastor e uma das lideran\u00e7as da bancada evang\u00e9lica no Congresso Nacional \u2013 n\u00e3o registrou presen\u00e7a em nenhuma das reuni\u00f5es e decidiu pegar a estrada para visitar parentes em uma cidade do interior de Goi\u00e1s. S\u00f3stenes estava dirigindo um Toyota Corolla alugado \u2013 cujo aluguel custou R$ 4,5 mil\u00a0 \u00e0 C\u00e2mara naquele m\u00eas.<\/p>\n<p style=\"text-align: justify;\">Na altura do quil\u00f4metro 92, ele cruzou a rodovia para ingressar na estrada estadual GO-436. Foi nesse momento que o seu carro colidiu com outro ve\u00edculo, um Mitsubishi ASX que trafegava no sentido contr\u00e1rio.<\/p>\n<p style=\"text-align: justify;\">Dentro do carro estavam Irma Diniz da Cruz, de 81 anos, e duas filhas. Com problemas de sa\u00fade, a idosa estava no banco traseiro usando um tubo de oxig\u00eanio. Ela estava sendo levada de Paracatu, em Minas Gerais, para uma consulta em Bras\u00edlia. Fotos do acidente mostram que o ve\u00edculo em que a fam\u00edlia viajava ficou destru\u00eddo.<\/p>\n<p style=\"text-align: justify;\">De acordo ainda com os dados do BO, as tr\u00eas ocupantes do ve\u00edculo tiveram les\u00f5es e foram levadas em uma ambul\u00e2ncia da PRF para uma unidade de sa\u00fade de Cristalina. Os machucados de Irma foram graves \u2013 e intensificados pelo tubo de oxig\u00eanio, que se chocou contra o seu corpo e pesco\u00e7o. Ela foi transferida para a UTI do Hospital Santa L\u00facia, em Bras\u00edlia, e acabou falecendo 15 dias depois, em 30 de junho. O registro de \u00f3bito diz que houve morte encef\u00e1lica e politraumatismo.<\/p>\n<p style=\"text-align: justify;\"><strong>S\u00f3stenes n\u00e3o teve nenhuma les\u00e3o, conforme ficou registrado no BO, e foi \u201cliberado ap\u00f3s os tr\u00e2mites legais\u201d.\u00a0<\/strong><\/p>\n<p>O documento diz que o acidente foi causado por desrespeito \u00e0 sinaliza\u00e7\u00e3o de tr\u00e2nsito por parte do deputado. \u201cConforme constata\u00e7\u00f5es em levantamento de local de acidente, concluiu-se que o fator principal do acidente foi a desobedi\u00eancia a sinaliza\u00e7\u00e3o de tr\u00e2nsito por parte do condutor V1 [S\u00f3stenes], placa R-1(Parada obrigat\u00f3ria), presente no local\u201d, diz o texto.<\/p>\n<p style=\"text-align: justify;\">S\u00f3stenes reconhece que foi o respons\u00e1vel pelo acidente. \u201cEu estava errado. N\u00e3o vi o carro vindo, ele estava num ponto cego, e cruzei onde n\u00e3o devia\u201d, disse \u00e0 reportagem, em uma conversa por telefone. \u201cN\u00e3o vi o carro, sen\u00e3o n\u00e3o passaria\u201d, refor\u00e7ou. \u201cNingu\u00e9m sai de casa para fazer um acidente.\u201d<\/p>\n<p style=\"text-align: justify;\"><strong>POR QUE ISSO IMPORTA?<\/strong><\/p>\n<p style=\"text-align: justify;\">O deputado S\u00f3stenes Cavalcante (PL-RJ), autor do PL 1904.2024, conhecido como o \u201cPL do Estupro\u201d, se envolveu em acidente com morte, mas n\u00e3o houve investiga\u00e7\u00e3o.<br \/>\nBO que registra o acidente foi alterado, segundo a PRF.<br \/>\nUma pessoa que estava no local, por\u00e9m, ouvida pela reportagem, diz que o carro de S\u00f3stenes estava em alta velocidade. \u201cEle entrou de uma vez s\u00f3, entendeu? Se ele estivesse em baixa velocidade, n\u00e3o teria tido tanto estrago no carro. Pelas fotos ficou bem feio mesmo, n\u00e9?\u201d, disse essa pessoa, que n\u00e3o quis se identificar.<\/p>\n<p style=\"text-align: justify;\">O deputado afirma que n\u00e3o estava em alta velocidade. \u201cEu n\u00e3o estava em alta velocidade porque eu que estava cruzando, eu estava errado. Quem estava em alta velocidade era quem estava vindo direto na rodovia [o carro da fam\u00edlia de Irma]. Eu estava fazendo a rotat\u00f3ria, e \u00e9 imposs\u00edvel fazer a rotat\u00f3ria em alta velocidade\u201d, disse.<\/p>\n<p style=\"text-align: justify;\"><strong>Deputado S\u00f3stenes Cavalcante, autor do \u201cPL do Estupro\u201d<\/strong><\/p>\n<p style=\"text-align: justify;\">Ele afirma que os agentes da PRF n\u00e3o pediram que ele fizesse teste do baf\u00f4metro e toxicol\u00f3gico, mas diz que n\u00e3o tinha usado subst\u00e2ncias t\u00f3xicas. \u201cN\u00e3o foi pedido na hora nenhum tipo de procedimento, baf\u00f4metro, nada. Mas eu fa\u00e7o em qualquer circunst\u00e2ncia qualquer um desses exames, n\u00e3o bebo \u00e1lcool, n\u00e3o uso droga\u201d, afirmou.<\/p>\n<p style=\"text-align: justify;\">De acordo com S\u00f3stenes, ele ainda estava atordoado com a batida quando foi levado para um posto da PRF enquanto as mulheres do carro atingido eram socorridas. Ele pediu \u00e0 sua ent\u00e3o chefe de gabinete Andrea Desiderati que fosse encontr\u00e1-lo no local e tratasse diretamente com a fam\u00edlia das v\u00edtimas.<\/p>\n<p style=\"text-align: justify;\">Desiderati, que n\u00e3o trabalha mais com S\u00f3stenes, contou para a reportagem que outros familiares das v\u00edtimas chegaram ao local muito nervosos. A partir da\u00ed, conta, ela ficou respons\u00e1vel por pagar as despesas relacionadas com o acidente. Tanto S\u00f3stenes como Desiderati relatam que pagaram passagens de avi\u00e3o para uma filha e uma neta de Irma que moram no Rio de Janeiro, hospedagem da fam\u00edlia em Bras\u00edlia, alimenta\u00e7\u00e3o e, depois, o enterro da v\u00edtima.<\/p>\n<p style=\"text-align: justify;\">No come\u00e7o, de acordo com Desiderati, a fam\u00edlia teria ficado satisfeita com a ajuda financeira. Mas, logo depois da morte de Irma, pediu para uma advogada negociar um novo acordo com o deputado para compensar as perdas financeiras.<\/p>\n<p style=\"text-align: justify;\">De acordo com a ex-chefe de gabinete, Irma era o esteio da fam\u00edlia e bancava parte da renda mensal de filhos e netos com a sua aposentadoria. Al\u00e9m disso, ainda segundo o relato dela, por causa do acidente, uma das filhas se lesionou e ficou impedida de trabalhar. Nos meses seguintes, a fam\u00edlia ainda foi acometida por outras fatalidades: uma outra filha de Irma descobriu um c\u00e2ncer de pulm\u00e3o e faleceu e o marido de uma delas sofreu um infarto e precisou de cuidados.<\/p>\n<p style=\"text-align: justify;\">\u201cDepois disso minha fam\u00edlia desmoronou\u201d, disse um dos integrantes da fam\u00edlia que topou conversar com a P\u00fablica sem se identificar. \u201cQuando a gente perde uma pessoa muito querida, parece que as coisas desmoronam na quest\u00e3o sentimental.\u201d<\/p>\n<p style=\"text-align: justify;\">\u201cEles estavam de fato passando por muitas dificuldades\u201d, ressaltou Desiderati. \u201cN\u00e3o achei em nenhum momento que estavam tentando se aproveitar da situa\u00e7\u00e3o para obter vantagem financeira.\u201d<\/p>\n<p style=\"text-align: justify;\">No entanto, S\u00f3stenes n\u00e3o aceitou negociar um novo acordo. Em resposta ao pedido da advogada da fam\u00edlia, ele disse que ela poderia pedir repara\u00e7\u00e3o pela Justi\u00e7a, de acordo com Desiderati. Isso n\u00e3o ocorreu, segundo o pr\u00f3prio deputado e a sua ex-chefe de gabinete. N\u00e3o h\u00e1 registro de processo contra o deputado por esse motivo. Entramos em contato com membros da fam\u00edlia e a advogada sobre o assunto, mas n\u00e3o houve resposta.<\/p>\n<p style=\"text-align: justify;\"><strong>BO teria sido retificado, segundo PRF<\/strong><\/p>\n<p style=\"text-align: justify;\">Os agentes da PRF que atenderam o local do acidente entregaram para a fam\u00edlia e a ex-chefe de gabinete de S\u00f3stenes um n\u00famero do BO registrado no local. Esse documento, por\u00e9m, nunca foi acessado pelos familiares da v\u00edtima e n\u00e3o existe mais no sistema interno da pol\u00edcia, de acordo com fontes com acesso ao sistema da PRF ouvidas pela reportagem.<\/p>\n<p style=\"text-align: justify;\">\u201cQuando foi lavrado o primeiro boletim de ocorr\u00eancia, o policial falou na minha frente. Ele foi narrando, narrando, narrando tudo certinho o que aconteceu. Salvou, passou o n\u00famero da ocorr\u00eancia anotado num papelzinho e falou que no outro dia podia ir l\u00e1 retirar. Fiz conforme o combinado, fui l\u00e1 para pegar e n\u00e3o estava pronto. Todo dia eu ia l\u00e1 e n\u00e3o estava pronto. Acho que foram semanas e semanas, e n\u00e3o ficava pronto. Quando saiu, saiu totalmente diferente\u201d, disse o familiar ouvido pela P\u00fablica em condi\u00e7\u00e3o de anonimato.<\/p>\n<p style=\"text-align: justify;\">O BO lavrado no momento do acidente teria sido deletado, segundo fontes ouvidas pela reportagem que t\u00eam acesso ao sistema da PRF. Uma nova vers\u00e3o do boletim foi inclu\u00edda em dezembro de 2022 \u2013 seis meses depois do acidente.<\/p>\n<p style=\"text-align: justify;\">A PRF confirmou, por meio da assessoria de imprensa, que \u201co pedido de retifica\u00e7\u00e3o foi feito via Sistema Eletr\u00f4nico de Informa\u00e7\u00e3o por solicita\u00e7\u00e3o de uma das v\u00edtimas que estava a bordo do Mitsubishi ASX\u201d \u2013 ou seja, da fam\u00edlia da idosa.<\/p>\n<p style=\"text-align: justify;\">N\u00e3o \u00e9 poss\u00edvel, de acordo com a fonte da PRF ouvida pela reportagem, saber o que os policiais escreveram na primeira vers\u00e3o do boletim. Familiares das v\u00edtimas dizem que n\u00e3o t\u00eam acesso a ele, e Desiderati tamb\u00e9m afirma n\u00e3o ter c\u00f3pia do documento. A PRF n\u00e3o respondeu por que a fam\u00edlia n\u00e3o teve acesso ao documento registrado no dia do acidente.<\/p>\n<p style=\"text-align: justify;\"><strong>Nunca houve investiga\u00e7\u00e3o sobre a colis\u00e3o<\/strong><\/p>\n<p style=\"text-align: justify;\">O C\u00f3digo Brasileiro de Tr\u00e2nsito prev\u00ea diversas infra\u00e7\u00f5es consideradas crimes, como les\u00e3o corporal e homic\u00eddio. De acordo com a legisla\u00e7\u00e3o brasileira, acidentes de tr\u00e2nsito que resultam em les\u00e3o ou morte devem ser obrigatoriamente investigados. Mas, segundo as informa\u00e7\u00f5es obtidas pela P\u00fablica, isso nunca ocorreu, tamb\u00e9m de acordo com o pr\u00f3prio deputado. \u201c\u200bN\u00e3o houve nenhum processo, n\u00e3o houve nada, at\u00e9 porque eu dei todo o atendimento \u00e0 fam\u00edlia, tudo que n\u00e3o me era obrigat\u00f3rio, mas eu me senti no dever\u201d, ele disse \u00e0 P\u00fablica.<\/p>\n<p style=\"text-align: justify;\">Ap\u00f3s o registro da ocorr\u00eancia, a PRF deve enviar os autos para a Pol\u00edcia Civil para dar prosseguimento. Perguntamos para as pol\u00edcias de Goi\u00e1s e do Distrito Federal (as respons\u00e1veis pelo local da ocorr\u00eancia e pelo local de origem do autor do acidente), mas n\u00e3o obtivemos resposta. S\u00f3stenes afirma que nunca foi chamado para prestar depoimento.<\/p>\n<p style=\"text-align: justify;\">A PRF disse, por email, que \u201ca investiga\u00e7\u00e3o criminal \u00e9 de compet\u00eancia exclusiva da Pol\u00edcia Judici\u00e1ria, no caso deste acidente, a Pol\u00edcia Civil de Goi\u00e1s, conforme o artigo 144 da Constitui\u00e7\u00e3o Federal\u201d. Perguntamos mais detalhes sobre a comunica\u00e7\u00e3o do acidente \u00e0 Pol\u00edcia Civil, mas n\u00e3o houve resposta.<\/p>\n<p style=\"text-align: justify;\">Procuramos tamb\u00e9m o Minist\u00e9rio P\u00fablico Federal (MPF), que poderia investigar o caso por causa do cargo do deputado. Mas nenhum procedimento foi aberto.<\/p>\n<p style=\"text-align: justify;\">A ent\u00e3o chefe de gabinete do deputado desconversou quando perguntada por que acha que n\u00e3o houve investiga\u00e7\u00e3o. \u201cEu n\u00e3o sei. Sinceramente, eu n\u00e3o sei. Mas \u00e9 estranho\u201d, ela respondeu. \u201cEu n\u00e3o sei se houve alguma coisa por tr\u00e1s, eu n\u00e3o posso dizer, mas \u00e9 muito estranho n\u00e3o ter aberto o processo, n\u00e3o terem chamado ele.\u201d<\/p>\n<figure id=\"attachment_120151\" aria-describedby=\"caption-attachment-120151\" style=\"width: 373px\" class=\"wp-caption aligncenter\"><a href=\"https:\/\/www.blogdopaulonunes.com\/v5\/wp-content\/uploads\/2024\/07\/Nao-foi-chamado.png\"><img loading=\"lazy\" class=\"wp-image-120151 size-full\" src=\"https:\/\/www.blogdopaulonunes.com\/v5\/wp-content\/uploads\/2024\/07\/Nao-foi-chamado.png\" alt=\"\" width=\"373\" height=\"228\" \/><\/a><figcaption id=\"caption-attachment-120151\" class=\"wp-caption-text\">Deputado n\u00e3o foi chamado para prestar depoimento \u00e0 pol\u00edcia<\/figcaption><\/figure>\n<p style=\"text-align: justify;\"><strong>Deputado pediu que se tirasse mat\u00e9ria do ar<\/strong><\/p>\n<p style=\"text-align: justify;\">Em setembro de 2022, tr\u00eas meses depois do acidente, o caso foi noticiado em uma reportagem do portal 24h News assinada pelo jornalista Derick Fernandes. Ele relatou que o caso n\u00e3o foi noticiado por nenhum ve\u00edculo de imprensa e que ele foi \u201cabafado\u201d por n\u00e3o ter sido aberta investiga\u00e7\u00e3o.<\/p>\n<p style=\"text-align: justify;\">\u201cFui at\u00e9 a cidade de Irma Diniz, em Minas Gerais. Descobri que a fam\u00edlia tinha medo do S\u00f3stenes, que valores foram oferecidos, mas n\u00e3o trouxe isso na reportagem\u201d, disse o jornalista. Segundo ele, a fam\u00edlia tinha receio de falar sobre o assunto porque o deputado \u00e9 uma figura p\u00fablica.<\/p>\n<p style=\"text-align: justify;\">No in\u00edcio deste ano, o jornalista recebeu uma notifica\u00e7\u00e3o extrajudicial de um advogado de S\u00f3stenes, pedindo que a mat\u00e9ria fosse tirada do ar. Ele decidiu atender ao pedido e arquivou a p\u00e1gina. Com a volta da repercuss\u00e3o do caso, ap\u00f3s pol\u00eamica envolvendo o PL do Estupro, a p\u00e1gina voltou ao ar. S\u00f3stenes disse que fez o pedido porque havia \u201cinverdades\u201d na mat\u00e9ria, mas n\u00e3o explicou quais eram elas.<\/p>\n<p style=\"text-align: justify;\">\u00c0 P\u00fablica, o jornalista afirma que recebeu a den\u00fancia sobre o acidente de um assessor da senadora Damares Alves, que na \u00e9poca havia se licenciado do cargo de ministra dos Direitos Humanos para concorrer \u00e0s elei\u00e7\u00f5es. A assessoria dela nega, mas o jornalista sustentou a vers\u00e3o.<\/p>\n<p style=\"text-align: justify;\">Apesar de serem do mesmo campo pol\u00edtico e atuarem pelos interesses da bancada evang\u00e9lica, S\u00f3stenes e Damares romperam rela\u00e7\u00f5es em 2022. Na \u00e9poca, o deputado criticou a candidatura da ex-ministra ao Senado, afirmando que iria dividir votos na direita \u2013 j\u00e1 que o ex-presidente Jair Bolsonaro apoiava Fl\u00e1via Arruda (PL) para a vaga.<\/p>\n<p style=\"text-align: justify;\">Edi\u00e7\u00e3o: Mariama Correia<\/p>\n<p><strong>*Amanda Audi<\/strong><\/p>\n<p>Leia mais deste autor<\/p>\n","protected":false},"excerpt":{"rendered":"<p>S\u00f3stenes Cavalcante teria causado uma colis\u00e3o no tr\u00e2nsito, em 2022. BO foi retificado, segundo PRF Ag\u00eancia P\u00fablica *Por Amanda Audi Autor do Projeto de Lei 1.904\/2024, conhecido como \u201cPL do Estupro\u201d, que equipara o aborto ap\u00f3s 22 semanas a homic\u00eddio, o deputado S\u00f3stenes Cavalcante (PL-RJ) envolveu-se em um acidente de tr\u00e2nsito em 2022 que resultou [&hellip;]<\/p>\n","protected":false},"author":2,"featured_media":121448,"comment_status":"open","ping_status":"open","sticky":false,"template":"","format":"standard","meta":[],"categories":[75,105],"tags":[4374,253,1367,1108,4373,4375],"_links":{"self":[{"href":"https:\/\/www.blogdopaulonunes.com\/v5\/index.php\/wp-json\/wp\/v2\/posts\/120149"}],"collection":[{"href":"https:\/\/www.blogdopaulonunes.com\/v5\/index.php\/wp-json\/wp\/v2\/posts"}],"about":[{"href":"https:\/\/www.blogdopaulonunes.com\/v5\/index.php\/wp-json\/wp\/v2\/types\/post"}],"author":[{"embeddable":true,"href":"https:\/\/www.blogdopaulonunes.com\/v5\/index.php\/wp-json\/wp\/v2\/users\/2"}],"replies":[{"embeddable":true,"href":"https:\/\/www.blogdopaulonunes.com\/v5\/index.php\/wp-json\/wp\/v2\/comments?post=120149"}],"version-history":[{"count":3,"href":"https:\/\/www.blogdopaulonunes.com\/v5\/index.php\/wp-json\/wp\/v2\/posts\/120149\/revisions"}],"predecessor-version":[{"id":121449,"href":"https:\/\/www.blogdopaulonunes.com\/v5\/index.php\/wp-json\/wp\/v2\/posts\/120149\/revisions\/121449"}],"wp:featuredmedia":[{"embeddable":true,"href":"https:\/\/www.blogdopaulonunes.com\/v5\/index.php\/wp-json\/wp\/v2\/media\/121448"}],"wp:attachment":[{"href":"https:\/\/www.blogdopaulonunes.com\/v5\/index.php\/wp-json\/wp\/v2\/media?parent=120149"}],"wp:term":[{"taxonomy":"category","embeddable":true,"href":"https:\/\/www.blogdopaulonunes.com\/v5\/index.php\/wp-json\/wp\/v2\/categories?post=120149"},{"taxonomy":"post_tag","embeddable":true,"href":"https:\/\/www.blogdopaulonunes.com\/v5\/index.php\/wp-json\/wp\/v2\/tags?post=120149"}],"curies":[{"name":"wp","href":"https:\/\/api.w.org\/{rel}","templated":true}]}}