{"id":120141,"date":"2024-07-02T04:40:11","date_gmt":"2024-07-02T07:40:11","guid":{"rendered":"https:\/\/www.blogdopaulonunes.com\/v5\/?p=120141"},"modified":"2024-07-02T10:25:30","modified_gmt":"2024-07-02T13:25:30","slug":"com-sensacao-de-6c-vitoria-da-conquista-registrou-menor-temperatura-do-ano-nesta-segunda-feira","status":"publish","type":"post","link":"https:\/\/www.blogdopaulonunes.com\/v5\/index.php\/2024\/07\/02\/com-sensacao-de-6c-vitoria-da-conquista-registrou-menor-temperatura-do-ano-nesta-segunda-feira\/","title":{"rendered":"Com sensa\u00e7\u00e3o de 6\u00b0C, Vit\u00f3ria da Conquista registrou menor temperatura do ano nessa segunda-feira"},"content":{"rendered":"<p>O primeiro dia do m\u00eas de julho come\u00e7ou com muito frio em Vit\u00f3ria da Conquista, com o registro da menor temperatura do ano at\u00e9 o momento na cidade.<\/p>\n<p style=\"text-align: justify;\">De acordo com os dados da esta\u00e7\u00e3o meteorol\u00f3gica do Instituto Nacional de Meteorologia (Inmet), instalada no campus da Universidade Estadual do Sudoeste da Bahia (Uesb), a m\u00ednima registrada no in\u00edcio da manh\u00e3 desta segunda-feira (1\u00ba) foi de 9,3\u00baC.<\/p>\n<p style=\"text-align: justify;\">De acordo com o professor Rosalve Lucas, respons\u00e1vel pelo esta\u00e7\u00e3o, a sensa\u00e7\u00e3o t\u00e9rmica chegou a 6\u00baC.<\/p>\n<p style=\"text-align: justify;\">Ainda segundo os dados, h\u00e1 quase um ano n\u00e3o se registrava temperatura abaixo de 10\u00baC em Vit\u00f3ria da Conquista. A \u00faltima vez que isso ocorreu foi\u00a0<a href=\"https:\/\/agenciasertao.com\/2023\/07\/19\/vitoria-da-conquista-volta-a-registrar-menor-temperatura-minima-do-ano\/\" target=\"_blank\" rel=\"noopener\">no dia 19 de julho de 2023, quando a m\u00ednima chegou a 8,5\u00baC<\/a>.<\/p>\n<p style=\"text-align: justify;\">Nos meses seguintes, os registros foram de temperaras acima da m\u00e9dia, com alguns registros de calor intenso e falta de chuvas durante a primavera.<\/p>\n<p style=\"text-align: justify;\">Neste domingo, 30 de junho, o recorde de temperatura m\u00ednima do ano j\u00e1 havia sido quebrado, com a marca de 10,5\u00baC. J\u00e1 a m\u00e1xima chegou a 26,4\u00baC, representando uma amplitude t\u00e9rmica de 15,9\u00baC ao longo do dia.<\/p>\n<p><strong>Previs\u00e3o<\/strong><\/p>\n<p>As previs\u00f5es dos institutos de meteorologia indicam que o frio deve dar uma abrandada nos pr\u00f3ximos dias em Vit\u00f3ria da Conquista.<\/p>\n<figure id=\"attachment_224082\" class=\"wp-caption aligncenter\" style=\"text-align: justify;\" aria-describedby=\"caption-attachment-224082\"><img loading=\"lazy\" class=\"wp-image-224082 lazyloaded\" style=\"box-sizing: border-box; height: auto; max-width: 100%; border: 0px; margin-bottom: 0px; display: block; --smush-placeholder-width: 667px; --smush-placeholder-aspect-ratio: 667\/160;\" src=\"https:\/\/agenciasertao.com\/wp-content\/uploads\/2024\/07\/6022-previsao-vitoria-da-conquista-1024x246.webp\" sizes=\"(max-width: 667px) 100vw, 667px\" srcset=\"https:\/\/agenciasertao.com\/wp-content\/uploads\/2024\/07\/6022-previsao-vitoria-da-conquista-1024x246.webp 1024w, https:\/\/agenciasertao.com\/wp-content\/uploads\/2024\/07\/6022-previsao-vitoria-da-conquista-300x72.webp 300w, https:\/\/agenciasertao.com\/wp-content\/uploads\/2024\/07\/6022-previsao-vitoria-da-conquista-768x184.webp 768w, https:\/\/agenciasertao.com\/wp-content\/uploads\/2024\/07\/6022-previsao-vitoria-da-conquista-1536x369.webp 1536w, https:\/\/agenciasertao.com\/wp-content\/uploads\/2024\/07\/6022-previsao-vitoria-da-conquista-2048x492.webp 2048w, https:\/\/agenciasertao.com\/wp-content\/uploads\/2024\/07\/6022-previsao-vitoria-da-conquista-150x36.webp 150w, https:\/\/agenciasertao.com\/wp-content\/uploads\/2024\/07\/6022-previsao-vitoria-da-conquista-696x167.webp 696w, https:\/\/agenciasertao.com\/wp-content\/uploads\/2024\/07\/6022-previsao-vitoria-da-conquista-1068x256.webp 1068w, https:\/\/agenciasertao.com\/wp-content\/uploads\/2024\/07\/6022-previsao-vitoria-da-conquista-1920x461.webp 1920w\" alt=\"\" width=\"667\" height=\"160\" data-attachment-id=\"224082\" data-permalink=\"https:\/\/agenciasertao.com\/2024\/07\/01\/vitoria-da-conquista-registrou-menor-temperatura-do-ano-nesta-segunda-feira\/previsao-vitoria-da-conquista\/\" data-orig-file=\"https:\/\/agenciasertao.com\/wp-content\/uploads\/2024\/07\/6022-previsao-vitoria-da-conquista.webp\" data-orig-size=\"2500,600\" data-comments-opened=\"1\" data-image-meta=\"{&quot;aperture&quot;:&quot;0&quot;,&quot;credit&quot;:&quot;&quot;,&quot;camera&quot;:&quot;&quot;,&quot;caption&quot;:&quot;&quot;,&quot;created_timestamp&quot;:&quot;0&quot;,&quot;copyright&quot;:&quot;&quot;,&quot;focal_length&quot;:&quot;0&quot;,&quot;iso&quot;:&quot;0&quot;,&quot;shutter_speed&quot;:&quot;0&quot;,&quot;title&quot;:&quot;&quot;,&quot;orientation&quot;:&quot;0&quot;}\" data-image-title=\"previsao vitoria da conquista\" data-image-description=\"\" data-image-caption=\"&lt;p&gt;Previs\u00e3o de temperaturas e chuva em Vit\u00f3ria da Conquista para os pr\u00f3ximos 14 dias \u2013 Fonte: Meteoblue&lt;\/p&gt; \" data-medium-file=\"https:\/\/agenciasertao.com\/wp-content\/uploads\/2024\/07\/6022-previsao-vitoria-da-conquista-300x72.webp\" data-large-file=\"https:\/\/agenciasertao.com\/wp-content\/uploads\/2024\/07\/6022-previsao-vitoria-da-conquista-1024x246.webp\" data-src=\"https:\/\/agenciasertao.com\/wp-content\/uploads\/2024\/07\/6022-previsao-vitoria-da-conquista-1024x246.webp\" data-srcset=\"https:\/\/agenciasertao.com\/wp-content\/uploads\/2024\/07\/6022-previsao-vitoria-da-conquista-1024x246.webp 1024w, https:\/\/agenciasertao.com\/wp-content\/uploads\/2024\/07\/6022-previsao-vitoria-da-conquista-300x72.webp 300w, https:\/\/agenciasertao.com\/wp-content\/uploads\/2024\/07\/6022-previsao-vitoria-da-conquista-768x184.webp 768w, https:\/\/agenciasertao.com\/wp-content\/uploads\/2024\/07\/6022-previsao-vitoria-da-conquista-1536x369.webp 1536w, https:\/\/agenciasertao.com\/wp-content\/uploads\/2024\/07\/6022-previsao-vitoria-da-conquista-2048x492.webp 2048w, https:\/\/agenciasertao.com\/wp-content\/uploads\/2024\/07\/6022-previsao-vitoria-da-conquista-150x36.webp 150w, https:\/\/agenciasertao.com\/wp-content\/uploads\/2024\/07\/6022-previsao-vitoria-da-conquista-696x167.webp 696w, https:\/\/agenciasertao.com\/wp-content\/uploads\/2024\/07\/6022-previsao-vitoria-da-conquista-1068x256.webp 1068w, https:\/\/agenciasertao.com\/wp-content\/uploads\/2024\/07\/6022-previsao-vitoria-da-conquista-1920x461.webp 1920w\" data-sizes=\"(max-width: 667px) 100vw, 667px\" \/><figcaption id=\"caption-attachment-224082\" class=\"wp-caption-text\">Previs\u00e3o de temperaturas por conjunto em Vit\u00f3ria da Conquista para os pr\u00f3ximos 14 dias \u2013 Fonte: Meteoblue<\/figcaption><\/figure>\n<p style=\"text-align: justify;\">As m\u00ednimas n\u00e3o devem ficar um pouco mais elevadas, entre 13\u00baC e 15\u00baC, enquanto as m\u00e1ximas podem variar entre 22\u00baC e 24\u00baC.<\/p>\n<p style=\"text-align: justify;\">Al\u00e9m disso, h\u00e1 previs\u00e3o de garoa nesta ter\u00e7a-feira (2) e no s\u00e1bado (6).<\/p>\n","protected":false},"excerpt":{"rendered":"<p>O primeiro dia do m\u00eas de julho come\u00e7ou com muito frio em Vit\u00f3ria da Conquista, com o registro da menor temperatura do ano at\u00e9 o momento na cidade. De acordo com os dados da esta\u00e7\u00e3o meteorol\u00f3gica do Instituto Nacional de Meteorologia (Inmet), instalada no campus da Universidade Estadual do Sudoeste da Bahia (Uesb), a m\u00ednima [&hellip;]<\/p>\n","protected":false},"author":2,"featured_media":120142,"comment_status":"open","ping_status":"open","sticky":false,"template":"","format":"standard","meta":[],"categories":[104,71],"tags":[],"_links":{"self":[{"href":"https:\/\/www.blogdopaulonunes.com\/v5\/index.php\/wp-json\/wp\/v2\/posts\/120141"}],"collection":[{"href":"https:\/\/www.blogdopaulonunes.com\/v5\/index.php\/wp-json\/wp\/v2\/posts"}],"about":[{"href":"https:\/\/www.blogdopaulonunes.com\/v5\/index.php\/wp-json\/wp\/v2\/types\/post"}],"author":[{"embeddable":true,"href":"https:\/\/www.blogdopaulonunes.com\/v5\/index.php\/wp-json\/wp\/v2\/users\/2"}],"replies":[{"embeddable":true,"href":"https:\/\/www.blogdopaulonunes.com\/v5\/index.php\/wp-json\/wp\/v2\/comments?post=120141"}],"version-history":[{"count":2,"href":"https:\/\/www.blogdopaulonunes.com\/v5\/index.php\/wp-json\/wp\/v2\/posts\/120141\/revisions"}],"predecessor-version":[{"id":120148,"href":"https:\/\/www.blogdopaulonunes.com\/v5\/index.php\/wp-json\/wp\/v2\/posts\/120141\/revisions\/120148"}],"wp:featuredmedia":[{"embeddable":true,"href":"https:\/\/www.blogdopaulonunes.com\/v5\/index.php\/wp-json\/wp\/v2\/media\/120142"}],"wp:attachment":[{"href":"https:\/\/www.blogdopaulonunes.com\/v5\/index.php\/wp-json\/wp\/v2\/media?parent=120141"}],"wp:term":[{"taxonomy":"category","embeddable":true,"href":"https:\/\/www.blogdopaulonunes.com\/v5\/index.php\/wp-json\/wp\/v2\/categories?post=120141"},{"taxonomy":"post_tag","embeddable":true,"href":"https:\/\/www.blogdopaulonunes.com\/v5\/index.php\/wp-json\/wp\/v2\/tags?post=120141"}],"curies":[{"name":"wp","href":"https:\/\/api.w.org\/{rel}","templated":true}]}}