{"id":120137,"date":"2024-07-02T03:56:16","date_gmt":"2024-07-02T06:56:16","guid":{"rendered":"https:\/\/www.blogdopaulonunes.com\/v5\/?p=120137"},"modified":"2024-07-02T03:56:32","modified_gmt":"2024-07-02T06:56:32","slug":"prefeitura-de-vitoria-da-conquista-abre-mais-um-concurso-na-area-de-saude","status":"publish","type":"post","link":"https:\/\/www.blogdopaulonunes.com\/v5\/index.php\/2024\/07\/02\/prefeitura-de-vitoria-da-conquista-abre-mais-um-concurso-na-area-de-saude\/","title":{"rendered":"Prefeitura de Vit\u00f3ria da Conquista abre mais um concurso na \u00e1rea de sa\u00fade"},"content":{"rendered":"<p style=\"text-align: justify;\">Come\u00e7ou nessa segunda-feira (1\u00ba), o prazo de inscri\u00e7\u00f5es para mais um concurso p\u00fablico na \u00e1rea de sa\u00fade. No total s\u00e3o 168 vagas, al\u00e9m de cadastro de para os cargos de Agente Comunit\u00e1rio de Sa\u00fade, Agente de Combate \u00e0s Endemias, Fiscal Sanit\u00e1rio, Auxiliar de Sa\u00fade Bucal, Laboratorista, Engenheiro Sanitarista, Farmac\u00eautico, Farmac\u00eautico Bioqu\u00edmico, Fisioterapeuta, Fonoaudi\u00f3logo, Nutricionista, Odont\u00f3logo, Terapeuta Ocupacional e M\u00e9dico.<\/p>\n<p style=\"text-align: justify;\">Os interessados podem se inscrever at\u00e9 o dia 25 de julho, por meio do site do o Instituto de Desenvolvimento e Capacita\u00e7\u00e3o (IDCAP), respons\u00e1vel pela organiza\u00e7\u00e3o do concurso. Para os candidatos que desejam solicitar isen\u00e7\u00e3o da taxa de inscri\u00e7\u00e3o, o prazo termina nesta quarta-feira (3).<\/p>\n<p>&nbsp;<\/p>\n<p style=\"text-align: justify;\"><a class=\"cboxElement\" href=\"https:\/\/www.pmvc.ba.gov.br\/wp-content\/uploads\/WhatsApp-Image-2024-06-28-at-19.31.31.jpeg\"><img loading=\"lazy\" class=\"alignleft wp-image-355624 size-large colorbox-355833\" src=\"https:\/\/www.pmvc.ba.gov.br\/wp-content\/uploads\/WhatsApp-Image-2024-06-28-at-19.31.31-480x680.jpeg\" sizes=\"(max-width: 480px) 100vw, 480px\" srcset=\"https:\/\/www.pmvc.ba.gov.br\/wp-content\/uploads\/WhatsApp-Image-2024-06-28-at-19.31.31-480x680.jpeg 480w, https:\/\/www.pmvc.ba.gov.br\/wp-content\/uploads\/WhatsApp-Image-2024-06-28-at-19.31.31-222x315.jpeg 222w, https:\/\/www.pmvc.ba.gov.br\/wp-content\/uploads\/WhatsApp-Image-2024-06-28-at-19.31.31-768x1087.jpeg 768w, https:\/\/www.pmvc.ba.gov.br\/wp-content\/uploads\/WhatsApp-Image-2024-06-28-at-19.31.31.jpeg 1130w\" alt=\"\" width=\"480\" height=\"680\" \/><\/a>O certame conta com vagas reservadas para pessoas negras (pretas ou pardas) e pessoas com defici\u00eancia, al\u00e9m de ampla concorr\u00eancia. Aqueles que precisam de atendimento especial para realiza\u00e7\u00e3o das provas ou optem por vagas reservadas t\u00eam at\u00e9 25 de julho para fazer as solicita\u00e7\u00f5es.<\/p>\n<p style=\"text-align: justify;\">Al\u00e9m das provas objetivas, os candidatos aos cargos de n\u00edvel superior ter\u00e3o prova de t\u00edtulos. J\u00e1 para os cargos de Agente Comunit\u00e1rio de Sa\u00fade e Agente de Combate a Endemias, os candidatos devem ser aprovados em curso de forma\u00e7\u00e3o. Para as vagas de Agente Comunit\u00e1rio de Sa\u00fade ainda deve ser comprovada resid\u00eancia na \u00e1rea de abrang\u00eancia.<\/p>\n<p style=\"text-align: justify;\">As informa\u00e7\u00f5es completas podem ser consultadas no\u00a0<a href=\"https:\/\/www.pmvc.ba.gov.br\/wp-content\/uploads\/00.-Edital-Oficial-PM-Vit%C3%B3ria-da-Conquista-003-2024-Sa%C3%BAde.pdf\">Edital de Abertura do concurso<\/a>. Para as inscri\u00e7\u00f5es, os interessados devem acessar o<a href=\"http:\/\/www.idcap.org.br\/\">\u00a0site da IDCAP<\/a>.<\/p>\n","protected":false},"excerpt":{"rendered":"<p>Come\u00e7ou nessa segunda-feira (1\u00ba), o prazo de inscri\u00e7\u00f5es para mais um concurso p\u00fablico na \u00e1rea de sa\u00fade. No total s\u00e3o 168 vagas, al\u00e9m de cadastro de para os cargos de Agente Comunit\u00e1rio de Sa\u00fade, Agente de Combate \u00e0s Endemias, Fiscal Sanit\u00e1rio, Auxiliar de Sa\u00fade Bucal, Laboratorista, Engenheiro Sanitarista, Farmac\u00eautico, Farmac\u00eautico Bioqu\u00edmico, Fisioterapeuta, Fonoaudi\u00f3logo, Nutricionista, Odont\u00f3logo, [&hellip;]<\/p>\n","protected":false},"author":2,"featured_media":120138,"comment_status":"open","ping_status":"open","sticky":false,"template":"","format":"standard","meta":[],"categories":[104,72],"tags":[2632,4372,361],"_links":{"self":[{"href":"https:\/\/www.blogdopaulonunes.com\/v5\/index.php\/wp-json\/wp\/v2\/posts\/120137"}],"collection":[{"href":"https:\/\/www.blogdopaulonunes.com\/v5\/index.php\/wp-json\/wp\/v2\/posts"}],"about":[{"href":"https:\/\/www.blogdopaulonunes.com\/v5\/index.php\/wp-json\/wp\/v2\/types\/post"}],"author":[{"embeddable":true,"href":"https:\/\/www.blogdopaulonunes.com\/v5\/index.php\/wp-json\/wp\/v2\/users\/2"}],"replies":[{"embeddable":true,"href":"https:\/\/www.blogdopaulonunes.com\/v5\/index.php\/wp-json\/wp\/v2\/comments?post=120137"}],"version-history":[{"count":2,"href":"https:\/\/www.blogdopaulonunes.com\/v5\/index.php\/wp-json\/wp\/v2\/posts\/120137\/revisions"}],"predecessor-version":[{"id":120140,"href":"https:\/\/www.blogdopaulonunes.com\/v5\/index.php\/wp-json\/wp\/v2\/posts\/120137\/revisions\/120140"}],"wp:featuredmedia":[{"embeddable":true,"href":"https:\/\/www.blogdopaulonunes.com\/v5\/index.php\/wp-json\/wp\/v2\/media\/120138"}],"wp:attachment":[{"href":"https:\/\/www.blogdopaulonunes.com\/v5\/index.php\/wp-json\/wp\/v2\/media?parent=120137"}],"wp:term":[{"taxonomy":"category","embeddable":true,"href":"https:\/\/www.blogdopaulonunes.com\/v5\/index.php\/wp-json\/wp\/v2\/categories?post=120137"},{"taxonomy":"post_tag","embeddable":true,"href":"https:\/\/www.blogdopaulonunes.com\/v5\/index.php\/wp-json\/wp\/v2\/tags?post=120137"}],"curies":[{"name":"wp","href":"https:\/\/api.w.org\/{rel}","templated":true}]}}