{"id":120134,"date":"2024-07-02T02:53:46","date_gmt":"2024-07-02T05:53:46","guid":{"rendered":"https:\/\/www.blogdopaulonunes.com\/v5\/?p=120134"},"modified":"2024-07-02T02:53:46","modified_gmt":"2024-07-02T05:53:46","slug":"candidato-podera-usar-marca-de-empresa-privada-no-nome-de-urna-autoriza-tse","status":"publish","type":"post","link":"https:\/\/www.blogdopaulonunes.com\/v5\/index.php\/2024\/07\/02\/candidato-podera-usar-marca-de-empresa-privada-no-nome-de-urna-autoriza-tse\/","title":{"rendered":"Candidato poder\u00e1 usar marca de empresa privada no nome de urna, autoriza TSE"},"content":{"rendered":"<h5 style=\"text-align: justify;\">Para a maioria dos ministros do TSE, a proibi\u00e7\u00e3o relativa \u00e0 propaganda eleitoral n\u00e3o se estende ao nome de urna<\/h5>\n<p style=\"text-align: justify;\">O Tribunal Superior Eleitoral (TSE) afirmou nesta segunda-feira (1\u00ba), por maioria, que os candidatos nas elei\u00e7\u00f5es municipais de 2024 podem utilizar no nome de urna marcas ou siglas de empresas privadas.<\/p>\n<p style=\"text-align: justify;\">O plen\u00e1rio respondeu a uma consulta feita pela deputada Simone Marquetto (MDB-SP). Ela questionou ao TSE se a proibi\u00e7\u00e3o de marcas e produtos em propagandas eleitorais, que j\u00e1 \u00e9 prevista pelas regras eleitorais, se estende tamb\u00e9m ao nome da urna.<\/p>\n<p style=\"text-align: justify;\">Para a maioria dos ministros do TSE, a proibi\u00e7\u00e3o relativa \u00e0 propaganda eleitoral n\u00e3o se estende ao nome de urna. Prevaleceu o entendimento do relator, ministro Raul Ara\u00fajo. Ele frisou que n\u00e3o h\u00e1 regra expressa que pro\u00edba a presen\u00e7a de marca associada a empresas como parte do pr\u00f3prio nome do candidato na urna.<\/p>\n<p style=\"text-align: justify;\">Em seu voto, Ara\u00fajo acrescentou que tal pr\u00e1tica \u00e9 usual no Brasil, em especial em elei\u00e7\u00f5es municipais, quando costumam se multiplicar candidatos como \u201cFulano do Posto\u201d e \u201cCicrana da Farm\u00e1cia\u201d, por exemplo.<\/p>\n<p style=\"text-align: justify;\">Seguiram o relator os ministros Nunes Marques, Isabel Galloti e Andr\u00e9 Mendon\u00e7a. Ficaram vencidos os ministros Floriano de Azevedo Marques, Andr\u00e9 Ramos Tavares e C\u00e1rmen L\u00facia, presidente do TSE.<\/p>\n<p style=\"text-align: justify;\">\u201cH\u00e1 uma explora\u00e7\u00e3o indevida dessas marcas, que se convertem em propagandas. Devemos evitar que o uso de siglas e express\u00f5es, que s\u00e3o de abrang\u00eancia p\u00fablica, beneficie de forma abusiva alguma candidatura\u201d, disse C\u00e1rmen L\u00facia, que ficou vencida.<\/p>\n<p style=\"text-align: justify;\">No mesmo julgamento, o TSE refor\u00e7ou, por unanimidade, o entendimento de que marcas, produtos e siglas de empresas privadas n\u00e3o podem ser utilizadas em nenhuma pe\u00e7a de propaganda eleitoral. A regra foi inserida em resolu\u00e7\u00e3o em 2019.<\/p>\n","protected":false},"excerpt":{"rendered":"<p>Para a maioria dos ministros do TSE, a proibi\u00e7\u00e3o relativa \u00e0 propaganda eleitoral n\u00e3o se estende ao nome de urna O Tribunal Superior Eleitoral (TSE) afirmou nesta segunda-feira (1\u00ba), por maioria, que os candidatos nas elei\u00e7\u00f5es municipais de 2024 podem utilizar no nome de urna marcas ou siglas de empresas privadas. O plen\u00e1rio respondeu a [&hellip;]<\/p>\n","protected":false},"author":2,"featured_media":120135,"comment_status":"open","ping_status":"open","sticky":false,"template":"","format":"standard","meta":[],"categories":[3481,71],"tags":[2189,4371,4369,4370,1262],"_links":{"self":[{"href":"https:\/\/www.blogdopaulonunes.com\/v5\/index.php\/wp-json\/wp\/v2\/posts\/120134"}],"collection":[{"href":"https:\/\/www.blogdopaulonunes.com\/v5\/index.php\/wp-json\/wp\/v2\/posts"}],"about":[{"href":"https:\/\/www.blogdopaulonunes.com\/v5\/index.php\/wp-json\/wp\/v2\/types\/post"}],"author":[{"embeddable":true,"href":"https:\/\/www.blogdopaulonunes.com\/v5\/index.php\/wp-json\/wp\/v2\/users\/2"}],"replies":[{"embeddable":true,"href":"https:\/\/www.blogdopaulonunes.com\/v5\/index.php\/wp-json\/wp\/v2\/comments?post=120134"}],"version-history":[{"count":1,"href":"https:\/\/www.blogdopaulonunes.com\/v5\/index.php\/wp-json\/wp\/v2\/posts\/120134\/revisions"}],"predecessor-version":[{"id":120136,"href":"https:\/\/www.blogdopaulonunes.com\/v5\/index.php\/wp-json\/wp\/v2\/posts\/120134\/revisions\/120136"}],"wp:featuredmedia":[{"embeddable":true,"href":"https:\/\/www.blogdopaulonunes.com\/v5\/index.php\/wp-json\/wp\/v2\/media\/120135"}],"wp:attachment":[{"href":"https:\/\/www.blogdopaulonunes.com\/v5\/index.php\/wp-json\/wp\/v2\/media?parent=120134"}],"wp:term":[{"taxonomy":"category","embeddable":true,"href":"https:\/\/www.blogdopaulonunes.com\/v5\/index.php\/wp-json\/wp\/v2\/categories?post=120134"},{"taxonomy":"post_tag","embeddable":true,"href":"https:\/\/www.blogdopaulonunes.com\/v5\/index.php\/wp-json\/wp\/v2\/tags?post=120134"}],"curies":[{"name":"wp","href":"https:\/\/api.w.org\/{rel}","templated":true}]}}