{"id":120131,"date":"2024-07-02T02:35:32","date_gmt":"2024-07-02T05:35:32","guid":{"rendered":"https:\/\/www.blogdopaulonunes.com\/v5\/?p=120131"},"modified":"2024-07-02T02:35:32","modified_gmt":"2024-07-02T05:35:32","slug":"onze-municipios-baianos-receberao-empreendimentos-do-minha-casa-minha-vida","status":"publish","type":"post","link":"https:\/\/www.blogdopaulonunes.com\/v5\/index.php\/2024\/07\/02\/onze-municipios-baianos-receberao-empreendimentos-do-minha-casa-minha-vida\/","title":{"rendered":"Onze munic\u00edpios baianos receber\u00e3o empreendimentos do Minha Casa, Minha Vida"},"content":{"rendered":"<h5 style=\"text-align: justify;\">As contrata\u00e7\u00f5es est\u00e3o previstas para ocorrer dentro de 30 dias, diretamente com a Caixa Econ\u00f4mica Federal<\/h5>\n<p style=\"text-align: justify;\">Ao lado do governador Jer\u00f4nimo Rodrigues, o presidente Lula anunciou, em evento realizado em Salvador, nesta segunda-feira (1\u00ba de julho), a autoriza\u00e7\u00e3o para empreendimentos da Faixa I do Minha Casa, Minha Vida, destinada a fam\u00edlias com renda mensal de at\u00e9 R$ 2.640. As contrata\u00e7\u00f5es est\u00e3o previstas para ocorrer dentro de 30 dias, diretamente com a Caixa Econ\u00f4mica Federal.<\/p>\n<p style=\"text-align: justify;\">O projeto inclui a constru\u00e7\u00e3o de 5.715 unidades habitacionais em 11 munic\u00edpios baianos: Cama\u00e7ari (1.088 unidades), Campo Formoso (144), Dias d\u2019\u00c1vila (148), Feira de Santana (1.075), Ipir\u00e1 (144), Morro do Chap\u00e9u (100), Paulo Afonso (240), Salvador (1.312), Sim\u00f5es Filho (480), Tucano (100) e Vit\u00f3ria da Conquista (884). O investimento totaliza R$ 885 milh\u00f5es.<\/p>\n<p style=\"text-align: justify;\"><strong>Periferia Viva<\/strong>\u00a0\u2013\u00a0 Ainda na cerim\u00f4nia, na Arena Fonte Nova, nesta segunda, o Minist\u00e9rio das Cidades, por meio da Secretaria Nacional de Periferias, direcionou recursos para a regulariza\u00e7\u00e3o fundi\u00e1ria e a melhoria habitacional, garantindo moradia adequada \u00e0 popula\u00e7\u00e3o de baixa renda.<\/p>\n<p style=\"text-align: justify;\">O programa Periferia Viva visa beneficiar fam\u00edlias que vivem em loteamentos sem documenta\u00e7\u00e3o e melhorar as condi\u00e7\u00f5es das habita\u00e7\u00f5es inadequadas. O programa atende fam\u00edlias com renda de at\u00e9 R$ 2 mil e, em todo o Brasil, os contratos beneficiar\u00e3o 11.750 fam\u00edlias. Tratam-se de investimentos de R$ 55 milh\u00f5es provenientes do Fundo de Desenvolvimento Social.<\/p>\n","protected":false},"excerpt":{"rendered":"<p>As contrata\u00e7\u00f5es est\u00e3o previstas para ocorrer dentro de 30 dias, diretamente com a Caixa Econ\u00f4mica Federal Ao lado do governador Jer\u00f4nimo Rodrigues, o presidente Lula anunciou, em evento realizado em Salvador, nesta segunda-feira (1\u00ba de julho), a autoriza\u00e7\u00e3o para empreendimentos da Faixa I do Minha Casa, Minha Vida, destinada a fam\u00edlias com renda mensal de [&hellip;]<\/p>\n","protected":false},"author":2,"featured_media":120132,"comment_status":"open","ping_status":"open","sticky":false,"template":"","format":"standard","meta":[],"categories":[22,105],"tags":[779,780,150],"_links":{"self":[{"href":"https:\/\/www.blogdopaulonunes.com\/v5\/index.php\/wp-json\/wp\/v2\/posts\/120131"}],"collection":[{"href":"https:\/\/www.blogdopaulonunes.com\/v5\/index.php\/wp-json\/wp\/v2\/posts"}],"about":[{"href":"https:\/\/www.blogdopaulonunes.com\/v5\/index.php\/wp-json\/wp\/v2\/types\/post"}],"author":[{"embeddable":true,"href":"https:\/\/www.blogdopaulonunes.com\/v5\/index.php\/wp-json\/wp\/v2\/users\/2"}],"replies":[{"embeddable":true,"href":"https:\/\/www.blogdopaulonunes.com\/v5\/index.php\/wp-json\/wp\/v2\/comments?post=120131"}],"version-history":[{"count":1,"href":"https:\/\/www.blogdopaulonunes.com\/v5\/index.php\/wp-json\/wp\/v2\/posts\/120131\/revisions"}],"predecessor-version":[{"id":120133,"href":"https:\/\/www.blogdopaulonunes.com\/v5\/index.php\/wp-json\/wp\/v2\/posts\/120131\/revisions\/120133"}],"wp:featuredmedia":[{"embeddable":true,"href":"https:\/\/www.blogdopaulonunes.com\/v5\/index.php\/wp-json\/wp\/v2\/media\/120132"}],"wp:attachment":[{"href":"https:\/\/www.blogdopaulonunes.com\/v5\/index.php\/wp-json\/wp\/v2\/media?parent=120131"}],"wp:term":[{"taxonomy":"category","embeddable":true,"href":"https:\/\/www.blogdopaulonunes.com\/v5\/index.php\/wp-json\/wp\/v2\/categories?post=120131"},{"taxonomy":"post_tag","embeddable":true,"href":"https:\/\/www.blogdopaulonunes.com\/v5\/index.php\/wp-json\/wp\/v2\/tags?post=120131"}],"curies":[{"name":"wp","href":"https:\/\/api.w.org\/{rel}","templated":true}]}}