{"id":120076,"date":"2024-06-26T10:51:52","date_gmt":"2024-06-26T13:51:52","guid":{"rendered":"https:\/\/www.blogdopaulonunes.com\/v5\/?p=120076"},"modified":"2024-06-26T10:51:52","modified_gmt":"2024-06-26T13:51:52","slug":"mais-de-42-mil-pessoas-estao-presas-no-brasil-por-porte-de-ate-25g-de-maconha-aponta-estudo","status":"publish","type":"post","link":"https:\/\/www.blogdopaulonunes.com\/v5\/index.php\/2024\/06\/26\/mais-de-42-mil-pessoas-estao-presas-no-brasil-por-porte-de-ate-25g-de-maconha-aponta-estudo\/","title":{"rendered":"Mais de 42 mil pessoas est\u00e3o presas no Brasil por porte de at\u00e9 25g de maconha, aponta estudo"},"content":{"rendered":"<h5 class=\"article__lead\" style=\"text-align: justify;\">O STF formou maioria na ter\u00e7a-feira para descriminalizar o porte de maconha para uso pessoal e define nesta quarta-feira a quantidade que vai diferenciar usu\u00e1rio e traficante<\/h5>\n<p style=\"text-align: justify;\"><b>\u00a0<\/b>Dados do Atlas da Viol\u00eancia 2024, elaborado pelo Instituto de Pesquisa Econ\u00f4mica Aplicada (Ipea), apontam que se at\u00e9 25 gramas de maconha fossem consideradas quantidade para uso pessoal, como defendem alguns ministros do Supremo Tribunal Federal (STF), mais de 42 mil pessoas n\u00e3o estariam presas no Brasil.<\/p>\n<p style=\"text-align: justify;\">Segundo o\u00a0<a href=\"https:\/\/noticias.uol.com.br\/politica\/ultimas-noticias\/2024\/06\/26\/stf-42-mil-presos-porte-maconha-atlas-violencia.htm?cmpid=copiaecola\" target=\"_blank\" rel=\"noopener noreferrer\">UOL<\/a>, o estudo aponta que 42.631 detentos n\u00e3o fariam parte do sistema prisional brasileiro se at\u00e9 25 gramas de maconha e 10 gramas de coca\u00edna fossem consideradas quantidades para uso pessoal e n\u00e3o tr\u00e1fico. A liberta\u00e7\u00e3o dessas pessoas poderia resultar em uma economia de R$ 1,3 bilh\u00e3o por ano para o Estado. Os n\u00fameros aumentam se o limite for estendido para at\u00e9 100 gramas de maconha e 15 gramas de coca\u00edna, beneficiando 67.583 pessoas e economizando cerca de R$ 2,1 bilh\u00f5es por ano. &#8220;Trata-se de recursos desperdi\u00e7ados, que poderiam ter uma destina\u00e7\u00e3o muito mais nobre e eficaz para melhorar as condi\u00e7\u00f5es de seguran\u00e7a&#8221;, afirmam os pesquisadores no relat\u00f3rio.<\/p>\n<p style=\"text-align: justify;\">Os cen\u00e1rios testados pela pesquisa foram apontados como &#8220;compat\u00edveis com padr\u00e3o de uso&#8221;, segundo especialistas. &#8220;O estabelecimento de crit\u00e9rios objetivos \u2014quantidades de refer\u00eancia para os aplicadores da lei penal de drogas \u2014 favoreceria maior racionalidade, justi\u00e7a e equidade nessa distin\u00e7\u00e3o [entre usu\u00e1rios e traficantes]&#8221;, diz o texto.<\/p>\n<p style=\"text-align: justify;\">O STF decidiu nesta ter\u00e7a-feira (25) que n\u00e3o \u00e9 crime portar maconha para uso pessoal. Em um julgamento que j\u00e1 dura nove anos, oito dos 11 ministros votaram a favor de tratar o porte de maconha apenas como ato il\u00edcito, sem natureza penal. A partir desta quarta-feira (26), os ministros come\u00e7am a votar qual ser\u00e1 a quantidade que diferencia usu\u00e1rio de traficante.<\/p>\n","protected":false},"excerpt":{"rendered":"<p>O STF formou maioria na ter\u00e7a-feira para descriminalizar o porte de maconha para uso pessoal e define nesta quarta-feira a quantidade que vai diferenciar usu\u00e1rio e traficante \u00a0Dados do Atlas da Viol\u00eancia 2024, elaborado pelo Instituto de Pesquisa Econ\u00f4mica Aplicada (Ipea), apontam que se at\u00e9 25 gramas de maconha fossem consideradas quantidade para uso pessoal, [&hellip;]<\/p>\n","protected":false},"author":2,"featured_media":120077,"comment_status":"open","ping_status":"open","sticky":false,"template":"","format":"standard","meta":[],"categories":[110,71],"tags":[4342,275,823,198,4341],"_links":{"self":[{"href":"https:\/\/www.blogdopaulonunes.com\/v5\/index.php\/wp-json\/wp\/v2\/posts\/120076"}],"collection":[{"href":"https:\/\/www.blogdopaulonunes.com\/v5\/index.php\/wp-json\/wp\/v2\/posts"}],"about":[{"href":"https:\/\/www.blogdopaulonunes.com\/v5\/index.php\/wp-json\/wp\/v2\/types\/post"}],"author":[{"embeddable":true,"href":"https:\/\/www.blogdopaulonunes.com\/v5\/index.php\/wp-json\/wp\/v2\/users\/2"}],"replies":[{"embeddable":true,"href":"https:\/\/www.blogdopaulonunes.com\/v5\/index.php\/wp-json\/wp\/v2\/comments?post=120076"}],"version-history":[{"count":1,"href":"https:\/\/www.blogdopaulonunes.com\/v5\/index.php\/wp-json\/wp\/v2\/posts\/120076\/revisions"}],"predecessor-version":[{"id":120078,"href":"https:\/\/www.blogdopaulonunes.com\/v5\/index.php\/wp-json\/wp\/v2\/posts\/120076\/revisions\/120078"}],"wp:featuredmedia":[{"embeddable":true,"href":"https:\/\/www.blogdopaulonunes.com\/v5\/index.php\/wp-json\/wp\/v2\/media\/120077"}],"wp:attachment":[{"href":"https:\/\/www.blogdopaulonunes.com\/v5\/index.php\/wp-json\/wp\/v2\/media?parent=120076"}],"wp:term":[{"taxonomy":"category","embeddable":true,"href":"https:\/\/www.blogdopaulonunes.com\/v5\/index.php\/wp-json\/wp\/v2\/categories?post=120076"},{"taxonomy":"post_tag","embeddable":true,"href":"https:\/\/www.blogdopaulonunes.com\/v5\/index.php\/wp-json\/wp\/v2\/tags?post=120076"}],"curies":[{"name":"wp","href":"https:\/\/api.w.org\/{rel}","templated":true}]}}