{"id":120073,"date":"2024-06-26T10:38:22","date_gmt":"2024-06-26T13:38:22","guid":{"rendered":"https:\/\/www.blogdopaulonunes.com\/v5\/?p=120073"},"modified":"2024-06-26T10:38:22","modified_gmt":"2024-06-26T13:38:22","slug":"embasa-se-manifesta-apos-soterramento-de-dois-operarios-em-obras-realizadas-pela-prefeitura","status":"publish","type":"post","link":"https:\/\/www.blogdopaulonunes.com\/v5\/index.php\/2024\/06\/26\/embasa-se-manifesta-apos-soterramento-de-dois-operarios-em-obras-realizadas-pela-prefeitura\/","title":{"rendered":"Embasa se manifesta ap\u00f3s soterramento de dois oper\u00e1rios em obras realizadas pela Prefeitura"},"content":{"rendered":"<p style=\"text-align: justify;\">A Embasa emitiu nota ao Blog do Paulo Nunes, nesta quarta-feira (26), ap\u00f3s um incidente grave, que resultou no soterramento de dois oper\u00e1rios a servi\u00e7o da Emurc, na zona sul de\u00a0 Vit\u00f3ria da Conquista. <span id=\"more-52445\"><\/span>De acordo com a Embasa, a empresa refor\u00e7a que n\u00e3o tem rela\u00e7\u00e3o com o acidente de trabalhadores, durante obra de drenagem da Prefeitura, na Avenida Diogo \u00c1lvares, localizada no loteamento\u00a0 Vila Am\u00e9rica, no bairro Boa Vista.<\/p>\n<p style=\"text-align: justify;\">\u201cUm eventual danos \u00e0 rede, caso tenha existido, n\u00e3o foi registrado nos Canais de Atendimento da empresa e ao vistoriar o local, os t\u00e9cnicos n\u00e3o identificaram nenhuma rede de \u00e1gua operada pela Embasa danificada e, que tenha contribu\u00eddo minimamente para\u00a0 o acidente, como relatado pela Prefeitura. A Embasa informa ainda que n\u00e3o h\u00e1 qualquer registro de rompimento de rede nesta via h\u00e1 mais de um ano e meio (18 meses).<\/p>\n<p style=\"text-align: justify;\"><span style=\"color: #ff0000;\"><strong>O QUE HOUVE \u2013 Dois trabalhadores ficaram feridos ap\u00f3s serem soterrados durante uma obra de drenagem, na tarde desta ter\u00e7a-feira, 25, na Avenida Diogo \u00c1lvares Correia, no bairro loteamento\u00a0 Vila Am\u00e9rica,\u00a0 no bairro Boa Vista em Vit\u00f3ria da Conquista.<\/strong><\/span><\/p>\n<p style=\"text-align: justify;\"><span style=\"color: #ff0000;\"><strong>Conforme informa\u00e7\u00f5es da prefeitura do munic\u00edpio, um homem de 37 anos e outro de 51 foram atingidos pelo deslizamento. O acidente ocorreu devido a uma infiltra\u00e7\u00e3o no solo, que acabou provocando o rompimento de uma rede de \u00e1gua da Embasa, resultando no desmoronamento da \u00e1rea onde trabalhavam os oper\u00e1rios. Um dos trabalhadores teve uma fratura e o outro sofreu sufocamento.<\/strong><\/span><\/p>\n<p style=\"text-align: justify;\"><span style=\"color: #ff0000;\"><strong>Os oper\u00e1rios foram atendidos pelo SAMU-192 e encaminhados ao Hospital Geral de Vit\u00f3ria da Conquista.\u00a0A Embasa emitiu uma nota, responsabilizando as obras de drenagem realizadas pela prefeitura pelo rompimento da rede de \u00c1gua, que teria desencadeado a infiltra\u00e7\u00e3o no terreno e o deslizamento.<\/strong><\/span><\/p>\n","protected":false},"excerpt":{"rendered":"<p>A Embasa emitiu nota ao Blog do Paulo Nunes, nesta quarta-feira (26), ap\u00f3s um incidente grave, que resultou no soterramento de dois oper\u00e1rios a servi\u00e7o da Emurc, na zona sul de\u00a0 Vit\u00f3ria da Conquista. De acordo com a Embasa, a empresa refor\u00e7a que n\u00e3o tem rela\u00e7\u00e3o com o acidente de trabalhadores, durante obra de drenagem [&hellip;]<\/p>\n","protected":false},"author":2,"featured_media":120074,"comment_status":"open","ping_status":"open","sticky":false,"template":"","format":"standard","meta":[],"categories":[104,105],"tags":[4181,4339,4340],"_links":{"self":[{"href":"https:\/\/www.blogdopaulonunes.com\/v5\/index.php\/wp-json\/wp\/v2\/posts\/120073"}],"collection":[{"href":"https:\/\/www.blogdopaulonunes.com\/v5\/index.php\/wp-json\/wp\/v2\/posts"}],"about":[{"href":"https:\/\/www.blogdopaulonunes.com\/v5\/index.php\/wp-json\/wp\/v2\/types\/post"}],"author":[{"embeddable":true,"href":"https:\/\/www.blogdopaulonunes.com\/v5\/index.php\/wp-json\/wp\/v2\/users\/2"}],"replies":[{"embeddable":true,"href":"https:\/\/www.blogdopaulonunes.com\/v5\/index.php\/wp-json\/wp\/v2\/comments?post=120073"}],"version-history":[{"count":1,"href":"https:\/\/www.blogdopaulonunes.com\/v5\/index.php\/wp-json\/wp\/v2\/posts\/120073\/revisions"}],"predecessor-version":[{"id":120075,"href":"https:\/\/www.blogdopaulonunes.com\/v5\/index.php\/wp-json\/wp\/v2\/posts\/120073\/revisions\/120075"}],"wp:featuredmedia":[{"embeddable":true,"href":"https:\/\/www.blogdopaulonunes.com\/v5\/index.php\/wp-json\/wp\/v2\/media\/120074"}],"wp:attachment":[{"href":"https:\/\/www.blogdopaulonunes.com\/v5\/index.php\/wp-json\/wp\/v2\/media?parent=120073"}],"wp:term":[{"taxonomy":"category","embeddable":true,"href":"https:\/\/www.blogdopaulonunes.com\/v5\/index.php\/wp-json\/wp\/v2\/categories?post=120073"},{"taxonomy":"post_tag","embeddable":true,"href":"https:\/\/www.blogdopaulonunes.com\/v5\/index.php\/wp-json\/wp\/v2\/tags?post=120073"}],"curies":[{"name":"wp","href":"https:\/\/api.w.org\/{rel}","templated":true}]}}